{"id":3058,"date":"2023-08-02T17:24:30","date_gmt":"2023-08-02T15:24:30","guid":{"rendered":"https:\/\/clinicavallcorba.com\/dra-vallcorba-madrina-del-acto-de-graduacion-de-la-promocion-2023\/"},"modified":"2024-01-25T10:54:44","modified_gmt":"2024-01-25T09:54:44","slug":"dra-vallcorba-padrina-de-lacte-de-graduacio-de-la-promocio-2023","status":"publish","type":"post","link":"https:\/\/clinicavallcorba.com\/ca\/dra-vallcorba-padrina-de-lacte-de-graduacio-de-la-promocio-2023\/","title":{"rendered":"Dra. Vallcorba, padrina de l&#8217;Acte de Graduaci\u00f3 de la promoci\u00f3 2023"},"content":{"rendered":"<div class=\"fusion-fullwidth fullwidth-box fusion-builder-row-1 fusion-flex-container has-pattern-background has-mask-background nonhundred-percent-fullwidth non-hundred-percent-height-scrolling\" style=\"--awb-border-radius-top-left:0px;--awb-border-radius-top-right:0px;--awb-border-radius-bottom-right:0px;--awb-border-radius-bottom-left:0px;--awb-flex-wrap:wrap;\" ><div class=\"fusion-builder-row fusion-row fusion-flex-align-items-flex-start fusion-flex-content-wrap\" style=\"max-width:1300px;margin-left: calc(-4% \/ 2 );margin-right: calc(-4% \/ 2 );\"><div class=\"fusion-layout-column fusion_builder_column fusion-builder-column-0 fusion_builder_column_1_2 1_2 fusion-flex-column\" style=\"--awb-bg-size:cover;--awb-width-large:50%;--awb-margin-top-large:0px;--awb-spacing-right-large:3.84%;--awb-margin-bottom-large:20px;--awb-spacing-left-large:3.84%;--awb-width-medium:50%;--awb-order-medium:0;--awb-spacing-right-medium:3.84%;--awb-spacing-left-medium:3.84%;--awb-width-small:100%;--awb-order-small:0;--awb-spacing-right-small:1.92%;--awb-spacing-left-small:1.92%;\"><div class=\"fusion-column-wrapper fusion-column-has-shadow fusion-flex-justify-content-flex-start fusion-content-layout-column\"><div class=\"fusion-image-element \" style=\"--awb-caption-title-font-family:var(--h2_typography-font-family);--awb-caption-title-font-weight:var(--h2_typography-font-weight);--awb-caption-title-font-style:var(--h2_typography-font-style);--awb-caption-title-size:var(--h2_typography-font-size);--awb-caption-title-transform:var(--h2_typography-text-transform);--awb-caption-title-line-height:var(--h2_typography-line-height);--awb-caption-title-letter-spacing:var(--h2_typography-letter-spacing);\"><span class=\" fusion-imageframe imageframe-none imageframe-1 hover-type-none\"><img decoding=\"async\" width=\"595\" height=\"463\" alt=\"Madrina del Acto de Graduaci\u00f3n de la promoci\u00f3n 2023\" title=\"Madrina del Acto de Graduaci\u00f3n de la promoci\u00f3n 2023\" src=\"https:\/\/clinicavallcorba.com\/wp-content\/uploads\/postgraduados.webp\" class=\"img-responsive wp-image-2874\" srcset=\"https:\/\/clinicavallcorba.com\/wp-content\/uploads\/postgraduados-200x156.webp 200w, https:\/\/clinicavallcorba.com\/wp-content\/uploads\/postgraduados-400x311.webp 400w, https:\/\/clinicavallcorba.com\/wp-content\/uploads\/postgraduados.webp 595w\" sizes=\"(max-width: 640px) 100vw, 595px\" \/><\/span><\/div><\/div><\/div><div class=\"fusion-layout-column fusion_builder_column fusion-builder-column-1 fusion_builder_column_1_2 1_2 fusion-flex-column\" style=\"--awb-bg-size:cover;--awb-width-large:50%;--awb-margin-top-large:0px;--awb-spacing-right-large:3.84%;--awb-margin-bottom-large:20px;--awb-spacing-left-large:3.84%;--awb-width-medium:50%;--awb-order-medium:0;--awb-spacing-right-medium:3.84%;--awb-spacing-left-medium:3.84%;--awb-width-small:100%;--awb-order-small:0;--awb-spacing-right-small:1.92%;--awb-spacing-left-small:1.92%;\"><div class=\"fusion-column-wrapper fusion-column-has-shadow fusion-flex-justify-content-flex-start fusion-content-layout-column\"><div class=\"fusion-text fusion-text-1\" style=\"--awb-content-alignment:justify;\"><p><strong>La Dra. Vallcorba va acudir a l\u2019acte de graduaci\u00f3 dels alumnes de resid\u00e8ncia i postgraus d\u2019odontologia de la UIC, sent padrina de la promoci\u00f3 2023.<\/strong><\/p>\n<p>A continuaci\u00f3, reprodu\u00efm el seu discurs a l\u2019acte de graduaci\u00f3.<br \/>\nBenvolguts graduats de cursos de postgrau, autoritats acad\u00e8miques, professors, familiars i amics. Benvinguts tots a aquest solemne i emotiu Acte de Graduaci\u00f3.<\/p>\n<p>Abans de dirigir-me a vosaltres, en els pr\u00f2xims minuts, <strong>voldria dir-vos que \u00e9s per a mi un honor ser \u201cpadrina\u201d de la vostra promoci\u00f3<\/strong>. Perqu\u00e8 avui em permeteu estar amb vosaltres per a celebrar un moment molt especial en les vostres vides: la vostra graduaci\u00f3. Aquest dia marca el final d\u2019una etapa de treball, dedicaci\u00f3 i perseveran\u00e7a, per\u00f2 tamb\u00e9 representa el comen\u00e7ament d\u2019un nou cap\u00edtol, promesa d\u2019oportunitats i assoliments.<\/p>\n<\/div><\/div><\/div><div class=\"fusion-layout-column fusion_builder_column fusion-builder-column-2 fusion_builder_column_1_2 1_2 fusion-flex-column\" style=\"--awb-bg-size:cover;--awb-width-large:50%;--awb-margin-top-large:0px;--awb-spacing-right-large:3.84%;--awb-margin-bottom-large:20px;--awb-spacing-left-large:3.84%;--awb-width-medium:50%;--awb-order-medium:0;--awb-spacing-right-medium:3.84%;--awb-spacing-left-medium:3.84%;--awb-width-small:100%;--awb-order-small:0;--awb-spacing-right-small:1.92%;--awb-spacing-left-small:1.92%;\"><div class=\"fusion-column-wrapper fusion-column-has-shadow fusion-flex-justify-content-flex-start fusion-content-layout-column\"><div class=\"fusion-text fusion-text-2\" style=\"--awb-content-alignment:justify;\"><p>En primer lloc,\u00a0<strong>m\u2019agradaria felicitar a cadascun de vosaltres per haver aconseguit aquesta fita significativa<\/strong>. L\u2019obtenci\u00f3 d\u2019aquest t\u00edtol de postgrau requereix un comprom\u00eds i determinaci\u00f3 constant per a superar desafiaments acad\u00e8mics. Heu adquirit coneixements especialitzats, que us faran sobresortir en la vostra \u00e0rea d\u2019estudi.<\/p>\n<p>Avui tamb\u00e9 \u00e9s un dia important per a agrair als vostres familiars, parelles i amics, pel suport, l\u2019amor, el consol, l\u2019esfor\u00e7 i paci\u00e8ncia durant la vostra formaci\u00f3 i cam\u00ed cap a l\u2019\u00e8xit professional. Pares, mares, parelles, amics, heu fet una gran feina, felicitats tamb\u00e9 a tots vosaltres!<\/p>\n<p>Tamb\u00e9 vull recon\u00e8ixer als professors i personal docent que han estat les vostres guies en la vostra formaci\u00f3 de postgrau. Gr\u00e0cies per oferir coneixement, experi\u00e8ncia, passi\u00f3 i amor per la professi\u00f3. Tot aix\u00f2 ha estat essencial en la vostra formaci\u00f3. Us animo a donar-los una forta abra\u00e7ada de reconeixement a la seva generositat.<\/p>\n<p><strong>Amb la vostra formaci\u00f3 de postgrau heu adquirit habilitats i coneixements que us brinden un avantatge \u00fanic en el m\u00f3n professional<\/strong>. Per\u00f2 no ha d\u2019acabar tot en aquest moment. Us animo a continuar aprenent i creixent per a seguir actualitzats en un m\u00f3n de constant canvi.<\/p>\n<\/div><\/div><\/div><div class=\"fusion-layout-column fusion_builder_column fusion-builder-column-3 fusion_builder_column_1_2 1_2 fusion-flex-column\" style=\"--awb-bg-size:cover;--awb-width-large:50%;--awb-margin-top-large:0px;--awb-spacing-right-large:3.84%;--awb-margin-bottom-large:20px;--awb-spacing-left-large:3.84%;--awb-width-medium:50%;--awb-order-medium:0;--awb-spacing-right-medium:3.84%;--awb-spacing-left-medium:3.84%;--awb-width-small:100%;--awb-order-small:0;--awb-spacing-right-small:1.92%;--awb-spacing-left-small:1.92%;\"><div class=\"fusion-column-wrapper fusion-column-has-shadow fusion-flex-justify-content-flex-start fusion-content-layout-column\"><div class=\"fusion-image-element \" style=\"--awb-caption-title-font-family:var(--h2_typography-font-family);--awb-caption-title-font-weight:var(--h2_typography-font-weight);--awb-caption-title-font-style:var(--h2_typography-font-style);--awb-caption-title-size:var(--h2_typography-font-size);--awb-caption-title-transform:var(--h2_typography-text-transform);--awb-caption-title-line-height:var(--h2_typography-line-height);--awb-caption-title-letter-spacing:var(--h2_typography-letter-spacing);\"><span class=\" fusion-imageframe imageframe-none imageframe-2 hover-type-none\"><img decoding=\"async\" width=\"488\" height=\"651\" alt=\"Madrina del Acto de Graduaci\u00f3n de la promoci\u00f3n 2023\" title=\"Madrina del Acto de Graduaci\u00f3n de la promoci\u00f3n 2023\" src=\"https:\/\/clinicavallcorba.com\/wp-content\/uploads\/Patrona-de-honor-1.webp\" class=\"img-responsive wp-image-2875\" srcset=\"https:\/\/clinicavallcorba.com\/wp-content\/uploads\/Patrona-de-honor-1-200x267.webp 200w, https:\/\/clinicavallcorba.com\/wp-content\/uploads\/Patrona-de-honor-1-400x534.webp 400w, https:\/\/clinicavallcorba.com\/wp-content\/uploads\/Patrona-de-honor-1.webp 488w\" sizes=\"(max-width: 640px) 100vw, 488px\" \/><\/span><\/div><\/div><\/div><div class=\"fusion-layout-column fusion_builder_column fusion-builder-column-4 fusion_builder_column_1_1 1_1 fusion-flex-column\" style=\"--awb-bg-size:cover;--awb-width-large:100%;--awb-margin-top-large:0px;--awb-spacing-right-large:1.92%;--awb-margin-bottom-large:20px;--awb-spacing-left-large:1.92%;--awb-width-medium:100%;--awb-order-medium:0;--awb-spacing-right-medium:1.92%;--awb-spacing-left-medium:1.92%;--awb-width-small:100%;--awb-order-small:0;--awb-spacing-right-small:1.92%;--awb-spacing-left-small:1.92%;\"><div class=\"fusion-column-wrapper fusion-column-has-shadow fusion-flex-justify-content-flex-start fusion-content-layout-column\"><div class=\"fusion-text fusion-text-3\" style=\"--awb-content-alignment:justify;\"><p>Per a continuar creixent, recordeu que \u00e9s indispensable seguir en contacte amb els vostres companys i recordeu sempre l\u2019origen de la vostra formaci\u00f3 en l\u2019excel\u00b7l\u00e8ncia en la Universitat Internacional de Catalunya.<\/p>\n<p>Al llarg del temps, adquirireu cada vegada m\u00e9s experi\u00e8ncia professional. Per\u00f2 l\u2019experi\u00e8ncia no \u00e9s una repetici\u00f3 d\u2019un mateix coneixement al llarg dels anys, sin\u00f3 una evoluci\u00f3 constant que permet la progressi\u00f3 professional, per a satisfacci\u00f3 professional, per\u00f2 sobretot, per a oferir el millor als pacients.<\/p>\n<p><strong>Els pacients. El centre de la nostra professi\u00f3.<\/strong><\/p>\n<p>No deixeu d\u2019adquirir nous coneixements per a oferir-los el millor de manera responsable i \u00e8tica, des de valors tan importants com la humanitat, l\u2019honestedat, la integritat i el respecte.<\/p>\n<p>De nou, vull felicitar-vos per la vostra graduaci\u00f3 i desitjar-vos tots els \u00e8xits en el futur. Sou la pr\u00f2xima generaci\u00f3 d\u2019experts en el vostre camp en l\u2019odontologia i estic segura que la vostra contribuci\u00f3 ser\u00e0 essencial per al progr\u00e9s de l\u2019odontologia i de la millor atenci\u00f3 als pacients.<\/p>\n<p>Recordeu ser valents per a complir els vostres somnis.<\/p>\n<p>Felicitats a tots els postgraduats!<br \/>\nQue aquest dia sigui el comen\u00e7ament d\u2019una vida plena d\u2019\u00e8xits.<br \/>\nMoltes gr\u00e0cies<br \/>\n<em>Dra. Vallcorba<\/em><\/p>\n<\/div><\/div><\/div><\/div><\/div>\n","protected":false},"excerpt":{"rendered":"","protected":false},"author":1,"featured_media":2874,"comment_status":"closed","ping_status":"closed","sticky":false,"template":"","format":"standard","meta":{"footnotes":""},"categories":[27],"tags":[],"class_list":["post-3058","post","type-post","status-publish","format-standard","has-post-thumbnail","hentry","category-noticies-de-la-clinica"],"yoast_head":"<!-- This site is optimized with the Yoast SEO plugin v26.7 - https:\/\/yoast.com\/wordpress\/plugins\/seo\/ -->\n<title>Dra. Vallcorba, padrina de l&#039;Acte de Graduaci\u00f3 de la promoci\u00f3 2023 | Cl\u00ednica Vallcorba<\/title>\n<meta name=\"description\" content=\"La Dra. Vallcorba acudi\u00f3 al acto de graduaci\u00f3n de los alumnos de residencia y postgrados de odontolog\u00eda de la UIC, siendo madrina de la promoci\u00f3n 2023.\" \/>\n<meta name=\"robots\" content=\"index, follow, max-snippet:-1, max-image-preview:large, max-video-preview:-1\" \/>\n<link rel=\"canonical\" href=\"https:\/\/clinicavallcorba.com\/ca\/dra-vallcorba-padrina-de-lacte-de-graduacio-de-la-promocio-2023\/\" \/>\n<meta property=\"og:locale\" content=\"ca_ES\" \/>\n<meta property=\"og:type\" content=\"article\" \/>\n<meta property=\"og:title\" content=\"Dra. Vallcorba, padrina de l&#039;Acte de Graduaci\u00f3 de la promoci\u00f3 2023 | Cl\u00ednica Vallcorba\" \/>\n<meta property=\"og:description\" content=\"La Dra. Vallcorba acudi\u00f3 al acto de graduaci\u00f3n de los alumnos de residencia y postgrados de odontolog\u00eda de la UIC, siendo madrina de la promoci\u00f3n 2023.\" \/>\n<meta property=\"og:url\" content=\"https:\/\/clinicavallcorba.com\/ca\/dra-vallcorba-padrina-de-lacte-de-graduacio-de-la-promocio-2023\/\" \/>\n<meta property=\"og:site_name\" content=\"Cl\u00ednica Vallcorba\" \/>\n<meta property=\"article:published_time\" content=\"2023-08-02T15:24:30+00:00\" \/>\n<meta property=\"article:modified_time\" content=\"2024-01-25T09:54:44+00:00\" \/>\n<meta property=\"og:image\" content=\"https:\/\/clinicavallcorba.com\/wp-content\/uploads\/postgraduados.webp\" \/>\n\t<meta property=\"og:image:width\" content=\"595\" \/>\n\t<meta property=\"og:image:height\" content=\"463\" \/>\n\t<meta property=\"og:image:type\" content=\"image\/webp\" \/>\n<meta name=\"author\" content=\"Nuria Vallcorba\" \/>\n<meta name=\"twitter:card\" content=\"summary_large_image\" \/>\n<meta name=\"twitter:label1\" content=\"Escrit per\" \/>\n\t<meta name=\"twitter:data1\" content=\"Nuria Vallcorba\" \/>\n\t<meta name=\"twitter:label2\" content=\"Temps estimat de lectura\" \/>\n\t<meta name=\"twitter:data2\" content=\"3 minuts\" \/>\n<script type=\"application\/ld+json\" class=\"yoast-schema-graph\">{\"@context\":\"https:\/\/schema.org\",\"@graph\":[{\"@type\":\"Article\",\"@id\":\"https:\/\/clinicavallcorba.com\/ca\/dra-vallcorba-padrina-de-lacte-de-graduacio-de-la-promocio-2023\/#article\",\"isPartOf\":{\"@id\":\"https:\/\/clinicavallcorba.com\/ca\/dra-vallcorba-padrina-de-lacte-de-graduacio-de-la-promocio-2023\/\"},\"author\":{\"name\":\"Nuria Vallcorba\",\"@id\":\"https:\/\/clinicavallcorba.com\/ca\/#\/schema\/person\/864eb678a78ccbf1c6c41bbb09940583\"},\"headline\":\"Dra. Vallcorba, padrina de l&#8217;Acte de Graduaci\u00f3 de la promoci\u00f3 2023\",\"datePublished\":\"2023-08-02T15:24:30+00:00\",\"dateModified\":\"2024-01-25T09:54:44+00:00\",\"mainEntityOfPage\":{\"@id\":\"https:\/\/clinicavallcorba.com\/ca\/dra-vallcorba-padrina-de-lacte-de-graduacio-de-la-promocio-2023\/\"},\"wordCount\":3282,\"image\":{\"@id\":\"https:\/\/clinicavallcorba.com\/ca\/dra-vallcorba-padrina-de-lacte-de-graduacio-de-la-promocio-2023\/#primaryimage\"},\"thumbnailUrl\":\"https:\/\/clinicavallcorba.com\/wp-content\/uploads\/postgraduados.webp\",\"articleSection\":[\"Not\u00edcies de la cl\u00ednica\"],\"inLanguage\":\"ca\"},{\"@type\":\"WebPage\",\"@id\":\"https:\/\/clinicavallcorba.com\/ca\/dra-vallcorba-padrina-de-lacte-de-graduacio-de-la-promocio-2023\/\",\"url\":\"https:\/\/clinicavallcorba.com\/ca\/dra-vallcorba-padrina-de-lacte-de-graduacio-de-la-promocio-2023\/\",\"name\":\"Dra. Vallcorba, padrina de l'Acte de Graduaci\u00f3 de la promoci\u00f3 2023 | Cl\u00ednica Vallcorba\",\"isPartOf\":{\"@id\":\"https:\/\/clinicavallcorba.com\/ca\/#website\"},\"primaryImageOfPage\":{\"@id\":\"https:\/\/clinicavallcorba.com\/ca\/dra-vallcorba-padrina-de-lacte-de-graduacio-de-la-promocio-2023\/#primaryimage\"},\"image\":{\"@id\":\"https:\/\/clinicavallcorba.com\/ca\/dra-vallcorba-padrina-de-lacte-de-graduacio-de-la-promocio-2023\/#primaryimage\"},\"thumbnailUrl\":\"https:\/\/clinicavallcorba.com\/wp-content\/uploads\/postgraduados.webp\",\"datePublished\":\"2023-08-02T15:24:30+00:00\",\"dateModified\":\"2024-01-25T09:54:44+00:00\",\"author\":{\"@id\":\"https:\/\/clinicavallcorba.com\/ca\/#\/schema\/person\/864eb678a78ccbf1c6c41bbb09940583\"},\"description\":\"La Dra. Vallcorba acudi\u00f3 al acto de graduaci\u00f3n de los alumnos de residencia y postgrados de odontolog\u00eda de la UIC, siendo madrina de la promoci\u00f3n 2023.\",\"breadcrumb\":{\"@id\":\"https:\/\/clinicavallcorba.com\/ca\/dra-vallcorba-padrina-de-lacte-de-graduacio-de-la-promocio-2023\/#breadcrumb\"},\"inLanguage\":\"ca\",\"potentialAction\":[{\"@type\":\"ReadAction\",\"target\":[\"https:\/\/clinicavallcorba.com\/ca\/dra-vallcorba-padrina-de-lacte-de-graduacio-de-la-promocio-2023\/\"]}]},{\"@type\":\"ImageObject\",\"inLanguage\":\"ca\",\"@id\":\"https:\/\/clinicavallcorba.com\/ca\/dra-vallcorba-padrina-de-lacte-de-graduacio-de-la-promocio-2023\/#primaryimage\",\"url\":\"https:\/\/clinicavallcorba.com\/wp-content\/uploads\/postgraduados.webp\",\"contentUrl\":\"https:\/\/clinicavallcorba.com\/wp-content\/uploads\/postgraduados.webp\",\"width\":595,\"height\":463},{\"@type\":\"BreadcrumbList\",\"@id\":\"https:\/\/clinicavallcorba.com\/ca\/dra-vallcorba-padrina-de-lacte-de-graduacio-de-la-promocio-2023\/#breadcrumb\",\"itemListElement\":[{\"@type\":\"ListItem\",\"position\":1,\"name\":\"Inici\",\"item\":\"https:\/\/clinicavallcorba.com\/ca\/\"},{\"@type\":\"ListItem\",\"position\":2,\"name\":\"Dra. Vallcorba, padrina de l&#8217;Acte de Graduaci\u00f3 de la promoci\u00f3 2023\"}]},{\"@type\":\"WebSite\",\"@id\":\"https:\/\/clinicavallcorba.com\/ca\/#website\",\"url\":\"https:\/\/clinicavallcorba.com\/ca\/\",\"name\":\"Cl\u00ednica Vallcorba\",\"description\":\"Cl\u00ednica dental\",\"potentialAction\":[{\"@type\":\"SearchAction\",\"target\":{\"@type\":\"EntryPoint\",\"urlTemplate\":\"https:\/\/clinicavallcorba.com\/ca\/?s={search_term_string}\"},\"query-input\":{\"@type\":\"PropertyValueSpecification\",\"valueRequired\":true,\"valueName\":\"search_term_string\"}}],\"inLanguage\":\"ca\"},{\"@type\":\"Person\",\"@id\":\"https:\/\/clinicavallcorba.com\/ca\/#\/schema\/person\/864eb678a78ccbf1c6c41bbb09940583\",\"name\":\"Nuria Vallcorba\",\"description\":\"Nuria Vallcorba realiz\u00f3 sus estudios de medicina y cirug\u00eda en la Universidad aut\u00f3noma de Barcelona con calificaci\u00f3n de sobresaliente. Posteriormente se especializ\u00f3 en estomatolog\u00eda, realiz\u00f3 el master en Periodoncia y el doctorado en Odontolog\u00eda en la Universidad Complutense de Madrid, con calificaci\u00f3n cum laude por unanimidad. Ejerce desde 1990 pr\u00e1ctica cl\u00ednica de periodoncia e implantes en Barcelona. Dentro de la actividad cient\u00edfica cabe destacar, adem\u00e1s del doctorado, la publicaci\u00f3n de art\u00edculos en revistas y cap\u00edtulos en libros a nivel nacional e internacional. Ha sido directora de la revista Periodoncia, de la Sociedad espa\u00f1ola de Periodoncia. Es conferenciante sobre Periodoncia y consultor de diferentes organismos cient\u00edficos. Ha realizado actividad docente de Periodoncia desde 1989, tanto de pregrado como de postgrado, en la Universidad Complutense de Madrid, Universidad de California-Los Angeles, Universidad de Barcelona, Universitat internacional de Catalunya y actualmente imparte docencia en el master de Periodoncia de la Universidad de Valencia. Ha sido Presidente de la Societat Catalana d\u2019odontologia i estomatolog\u00eda de la Acad\u00e8mia de Ci\u00e8ncies M\u00e8diques de Catalunya i Balears y Presidente de la Sociedad Espa\u00f1ola de Periodoncia y osteointegraci\u00f3n y de la Fundaci\u00f3n SEPA. Actualmente es patrono de honor de dicha fundaci\u00f3n.\",\"sameAs\":[\"https:\/\/clinicavallcorba.com\",\"https:\/\/www.instagram.com\/clinicavallcorba?igsh=cWE4MjljazZnMzVy\",\"https:\/\/www.linkedin.com\/in\/nuria-vallcorba-plana-6434a642\/\"],\"url\":\"https:\/\/clinicavallcorba.com\/ca\/author\/nuria-vallcorba\/\"}]}<\/script>\n<!-- \/ Yoast SEO plugin. -->","yoast_head_json":{"title":"Dra. Vallcorba, padrina de l'Acte de Graduaci\u00f3 de la promoci\u00f3 2023 | Cl\u00ednica Vallcorba","description":"La Dra. Vallcorba acudi\u00f3 al acto de graduaci\u00f3n de los alumnos de residencia y postgrados de odontolog\u00eda de la UIC, siendo madrina de la promoci\u00f3n 2023.","robots":{"index":"index","follow":"follow","max-snippet":"max-snippet:-1","max-image-preview":"max-image-preview:large","max-video-preview":"max-video-preview:-1"},"canonical":"https:\/\/clinicavallcorba.com\/ca\/dra-vallcorba-padrina-de-lacte-de-graduacio-de-la-promocio-2023\/","og_locale":"ca_ES","og_type":"article","og_title":"Dra. Vallcorba, padrina de l'Acte de Graduaci\u00f3 de la promoci\u00f3 2023 | Cl\u00ednica Vallcorba","og_description":"La Dra. Vallcorba acudi\u00f3 al acto de graduaci\u00f3n de los alumnos de residencia y postgrados de odontolog\u00eda de la UIC, siendo madrina de la promoci\u00f3n 2023.","og_url":"https:\/\/clinicavallcorba.com\/ca\/dra-vallcorba-padrina-de-lacte-de-graduacio-de-la-promocio-2023\/","og_site_name":"Cl\u00ednica Vallcorba","article_published_time":"2023-08-02T15:24:30+00:00","article_modified_time":"2024-01-25T09:54:44+00:00","og_image":[{"width":595,"height":463,"url":"https:\/\/clinicavallcorba.com\/wp-content\/uploads\/postgraduados.webp","type":"image\/webp"}],"author":"Nuria Vallcorba","twitter_card":"summary_large_image","twitter_misc":{"Escrit per":"Nuria Vallcorba","Temps estimat de lectura":"3 minuts"},"schema":{"@context":"https:\/\/schema.org","@graph":[{"@type":"Article","@id":"https:\/\/clinicavallcorba.com\/ca\/dra-vallcorba-padrina-de-lacte-de-graduacio-de-la-promocio-2023\/#article","isPartOf":{"@id":"https:\/\/clinicavallcorba.com\/ca\/dra-vallcorba-padrina-de-lacte-de-graduacio-de-la-promocio-2023\/"},"author":{"name":"Nuria Vallcorba","@id":"https:\/\/clinicavallcorba.com\/ca\/#\/schema\/person\/864eb678a78ccbf1c6c41bbb09940583"},"headline":"Dra. Vallcorba, padrina de l&#8217;Acte de Graduaci\u00f3 de la promoci\u00f3 2023","datePublished":"2023-08-02T15:24:30+00:00","dateModified":"2024-01-25T09:54:44+00:00","mainEntityOfPage":{"@id":"https:\/\/clinicavallcorba.com\/ca\/dra-vallcorba-padrina-de-lacte-de-graduacio-de-la-promocio-2023\/"},"wordCount":3282,"image":{"@id":"https:\/\/clinicavallcorba.com\/ca\/dra-vallcorba-padrina-de-lacte-de-graduacio-de-la-promocio-2023\/#primaryimage"},"thumbnailUrl":"https:\/\/clinicavallcorba.com\/wp-content\/uploads\/postgraduados.webp","articleSection":["Not\u00edcies de la cl\u00ednica"],"inLanguage":"ca"},{"@type":"WebPage","@id":"https:\/\/clinicavallcorba.com\/ca\/dra-vallcorba-padrina-de-lacte-de-graduacio-de-la-promocio-2023\/","url":"https:\/\/clinicavallcorba.com\/ca\/dra-vallcorba-padrina-de-lacte-de-graduacio-de-la-promocio-2023\/","name":"Dra. Vallcorba, padrina de l'Acte de Graduaci\u00f3 de la promoci\u00f3 2023 | Cl\u00ednica Vallcorba","isPartOf":{"@id":"https:\/\/clinicavallcorba.com\/ca\/#website"},"primaryImageOfPage":{"@id":"https:\/\/clinicavallcorba.com\/ca\/dra-vallcorba-padrina-de-lacte-de-graduacio-de-la-promocio-2023\/#primaryimage"},"image":{"@id":"https:\/\/clinicavallcorba.com\/ca\/dra-vallcorba-padrina-de-lacte-de-graduacio-de-la-promocio-2023\/#primaryimage"},"thumbnailUrl":"https:\/\/clinicavallcorba.com\/wp-content\/uploads\/postgraduados.webp","datePublished":"2023-08-02T15:24:30+00:00","dateModified":"2024-01-25T09:54:44+00:00","author":{"@id":"https:\/\/clinicavallcorba.com\/ca\/#\/schema\/person\/864eb678a78ccbf1c6c41bbb09940583"},"description":"La Dra. Vallcorba acudi\u00f3 al acto de graduaci\u00f3n de los alumnos de residencia y postgrados de odontolog\u00eda de la UIC, siendo madrina de la promoci\u00f3n 2023.","breadcrumb":{"@id":"https:\/\/clinicavallcorba.com\/ca\/dra-vallcorba-padrina-de-lacte-de-graduacio-de-la-promocio-2023\/#breadcrumb"},"inLanguage":"ca","potentialAction":[{"@type":"ReadAction","target":["https:\/\/clinicavallcorba.com\/ca\/dra-vallcorba-padrina-de-lacte-de-graduacio-de-la-promocio-2023\/"]}]},{"@type":"ImageObject","inLanguage":"ca","@id":"https:\/\/clinicavallcorba.com\/ca\/dra-vallcorba-padrina-de-lacte-de-graduacio-de-la-promocio-2023\/#primaryimage","url":"https:\/\/clinicavallcorba.com\/wp-content\/uploads\/postgraduados.webp","contentUrl":"https:\/\/clinicavallcorba.com\/wp-content\/uploads\/postgraduados.webp","width":595,"height":463},{"@type":"BreadcrumbList","@id":"https:\/\/clinicavallcorba.com\/ca\/dra-vallcorba-padrina-de-lacte-de-graduacio-de-la-promocio-2023\/#breadcrumb","itemListElement":[{"@type":"ListItem","position":1,"name":"Inici","item":"https:\/\/clinicavallcorba.com\/ca\/"},{"@type":"ListItem","position":2,"name":"Dra. Vallcorba, padrina de l&#8217;Acte de Graduaci\u00f3 de la promoci\u00f3 2023"}]},{"@type":"WebSite","@id":"https:\/\/clinicavallcorba.com\/ca\/#website","url":"https:\/\/clinicavallcorba.com\/ca\/","name":"Cl\u00ednica Vallcorba","description":"Cl\u00ednica dental","potentialAction":[{"@type":"SearchAction","target":{"@type":"EntryPoint","urlTemplate":"https:\/\/clinicavallcorba.com\/ca\/?s={search_term_string}"},"query-input":{"@type":"PropertyValueSpecification","valueRequired":true,"valueName":"search_term_string"}}],"inLanguage":"ca"},{"@type":"Person","@id":"https:\/\/clinicavallcorba.com\/ca\/#\/schema\/person\/864eb678a78ccbf1c6c41bbb09940583","name":"Nuria Vallcorba","description":"Nuria Vallcorba realiz\u00f3 sus estudios de medicina y cirug\u00eda en la Universidad aut\u00f3noma de Barcelona con calificaci\u00f3n de sobresaliente. Posteriormente se especializ\u00f3 en estomatolog\u00eda, realiz\u00f3 el master en Periodoncia y el doctorado en Odontolog\u00eda en la Universidad Complutense de Madrid, con calificaci\u00f3n cum laude por unanimidad. Ejerce desde 1990 pr\u00e1ctica cl\u00ednica de periodoncia e implantes en Barcelona. Dentro de la actividad cient\u00edfica cabe destacar, adem\u00e1s del doctorado, la publicaci\u00f3n de art\u00edculos en revistas y cap\u00edtulos en libros a nivel nacional e internacional. Ha sido directora de la revista Periodoncia, de la Sociedad espa\u00f1ola de Periodoncia. Es conferenciante sobre Periodoncia y consultor de diferentes organismos cient\u00edficos. Ha realizado actividad docente de Periodoncia desde 1989, tanto de pregrado como de postgrado, en la Universidad Complutense de Madrid, Universidad de California-Los Angeles, Universidad de Barcelona, Universitat internacional de Catalunya y actualmente imparte docencia en el master de Periodoncia de la Universidad de Valencia. Ha sido Presidente de la Societat Catalana d\u2019odontologia i estomatolog\u00eda de la Acad\u00e8mia de Ci\u00e8ncies M\u00e8diques de Catalunya i Balears y Presidente de la Sociedad Espa\u00f1ola de Periodoncia y osteointegraci\u00f3n y de la Fundaci\u00f3n SEPA. Actualmente es patrono de honor de dicha fundaci\u00f3n.","sameAs":["https:\/\/clinicavallcorba.com","https:\/\/www.instagram.com\/clinicavallcorba?igsh=cWE4MjljazZnMzVy","https:\/\/www.linkedin.com\/in\/nuria-vallcorba-plana-6434a642\/"],"url":"https:\/\/clinicavallcorba.com\/ca\/author\/nuria-vallcorba\/"}]}},"_links":{"self":[{"href":"https:\/\/clinicavallcorba.com\/ca\/wp-json\/wp\/v2\/posts\/3058","targetHints":{"allow":["GET"]}}],"collection":[{"href":"https:\/\/clinicavallcorba.com\/ca\/wp-json\/wp\/v2\/posts"}],"about":[{"href":"https:\/\/clinicavallcorba.com\/ca\/wp-json\/wp\/v2\/types\/post"}],"author":[{"embeddable":true,"href":"https:\/\/clinicavallcorba.com\/ca\/wp-json\/wp\/v2\/users\/1"}],"replies":[{"embeddable":true,"href":"https:\/\/clinicavallcorba.com\/ca\/wp-json\/wp\/v2\/comments?post=3058"}],"version-history":[{"count":0,"href":"https:\/\/clinicavallcorba.com\/ca\/wp-json\/wp\/v2\/posts\/3058\/revisions"}],"wp:featuredmedia":[{"embeddable":true,"href":"https:\/\/clinicavallcorba.com\/ca\/wp-json\/wp\/v2\/media\/2874"}],"wp:attachment":[{"href":"https:\/\/clinicavallcorba.com\/ca\/wp-json\/wp\/v2\/media?parent=3058"}],"wp:term":[{"taxonomy":"category","embeddable":true,"href":"https:\/\/clinicavallcorba.com\/ca\/wp-json\/wp\/v2\/categories?post=3058"},{"taxonomy":"post_tag","embeddable":true,"href":"https:\/\/clinicavallcorba.com\/ca\/wp-json\/wp\/v2\/tags?post=3058"}],"curies":[{"name":"wp","href":"https:\/\/api.w.org\/{rel}","templated":true}]}}