{"id":3090,"date":"2023-04-25T13:45:00","date_gmt":"2023-04-25T11:45:00","guid":{"rendered":"https:\/\/clinicavallcorba.com\/recomendaciones-de-higiene-en-pacientes-con-ortodoncia\/"},"modified":"2024-01-25T11:25:04","modified_gmt":"2024-01-25T10:25:04","slug":"recomanacions-d-higiene-en-pacients-amb-ortodoncia","status":"publish","type":"post","link":"https:\/\/clinicavallcorba.com\/ca\/recomanacions-d-higiene-en-pacients-amb-ortodoncia\/","title":{"rendered":"Recomanacions d&#8217;higiene en pacients amb ortod\u00f2ncia"},"content":{"rendered":"<div class=\"fusion-fullwidth fullwidth-box fusion-builder-row-1 fusion-flex-container has-pattern-background has-mask-background nonhundred-percent-fullwidth non-hundred-percent-height-scrolling\" style=\"--awb-border-radius-top-left:0px;--awb-border-radius-top-right:0px;--awb-border-radius-bottom-right:0px;--awb-border-radius-bottom-left:0px;--awb-flex-wrap:wrap;\" ><div class=\"fusion-builder-row fusion-row fusion-flex-align-items-flex-start fusion-flex-content-wrap\" style=\"max-width:1300px;margin-left: calc(-4% \/ 2 );margin-right: calc(-4% \/ 2 );\"><div class=\"fusion-layout-column fusion_builder_column fusion-builder-column-0 fusion_builder_column_1_2 1_2 fusion-flex-column\" style=\"--awb-bg-size:cover;--awb-width-large:50%;--awb-margin-top-large:0px;--awb-spacing-right-large:3.84%;--awb-margin-bottom-large:20px;--awb-spacing-left-large:3.84%;--awb-width-medium:50%;--awb-order-medium:0;--awb-spacing-right-medium:3.84%;--awb-spacing-left-medium:3.84%;--awb-width-small:100%;--awb-order-small:0;--awb-spacing-right-small:1.92%;--awb-spacing-left-small:1.92%;\"><div class=\"fusion-column-wrapper fusion-column-has-shadow fusion-flex-justify-content-flex-start fusion-content-layout-column\"><div class=\"fusion-image-element \" style=\"text-align:center;--awb-caption-title-font-family:var(--h2_typography-font-family);--awb-caption-title-font-weight:var(--h2_typography-font-weight);--awb-caption-title-font-style:var(--h2_typography-font-style);--awb-caption-title-size:var(--h2_typography-font-size);--awb-caption-title-transform:var(--h2_typography-text-transform);--awb-caption-title-line-height:var(--h2_typography-line-height);--awb-caption-title-letter-spacing:var(--h2_typography-letter-spacing);\"><span class=\" fusion-imageframe imageframe-none imageframe-1 hover-type-none\"><img decoding=\"async\" width=\"500\" height=\"500\" title=\"Recomendaciones de higiene en pacientes con ortodoncia | Vallcorba\" src=\"https:\/\/clinicavallcorba.com\/wp-content\/uploads\/recomendaciones-de-higiene-en-pacientes-con-ortodoncia.webp\" alt class=\"img-responsive wp-image-2667\" srcset=\"https:\/\/clinicavallcorba.com\/wp-content\/uploads\/recomendaciones-de-higiene-en-pacientes-con-ortodoncia-200x200.webp 200w, https:\/\/clinicavallcorba.com\/wp-content\/uploads\/recomendaciones-de-higiene-en-pacientes-con-ortodoncia-400x400.webp 400w, https:\/\/clinicavallcorba.com\/wp-content\/uploads\/recomendaciones-de-higiene-en-pacientes-con-ortodoncia.webp 500w\" sizes=\"(max-width: 640px) 100vw, 500px\" \/><\/span><\/div><\/div><\/div><div class=\"fusion-layout-column fusion_builder_column fusion-builder-column-1 fusion_builder_column_1_2 1_2 fusion-flex-column\" style=\"--awb-bg-size:cover;--awb-width-large:50%;--awb-margin-top-large:0px;--awb-spacing-right-large:3.84%;--awb-margin-bottom-large:20px;--awb-spacing-left-large:3.84%;--awb-width-medium:50%;--awb-order-medium:0;--awb-spacing-right-medium:3.84%;--awb-spacing-left-medium:3.84%;--awb-width-small:100%;--awb-order-small:0;--awb-spacing-right-small:1.92%;--awb-spacing-left-small:1.92%;\"><div class=\"fusion-column-wrapper fusion-column-has-shadow fusion-flex-justify-content-flex-start fusion-content-layout-column\"><div class=\"fusion-text fusion-text-1\" style=\"--awb-content-alignment:justify;\"><p>Durant el tractament ortod\u00f2ntic \u00e9s essencial seguir una higiene correcta per evitar l\u2019aparici\u00f3 de c\u00e0ries i per mantenir les genives sense inflamaci\u00f3.<\/p>\n<\/div><div class=\"fusion-title title fusion-title-1 fusion-sep-none fusion-title-text fusion-title-size-three\"><h3 class=\"fusion-title-heading title-heading-left fusion-responsive-typography-calculated\" style=\"margin:0;--fontSize:31;line-height:var(--awb-custom_typography_1-line-height);\">En el cas de portar brackets, us recomanem<\/h3><\/div><div class=\"fusion-text fusion-text-2\" style=\"--awb-content-alignment:justify;\"><p>Fer una esbandida en\u00e8rgica o b\u00e9 fer servir un\u00a0<a href=\"https:\/ca\/irrigadors-dentals\/\">irrigador dental<\/a>\u00a0per retirar les restes de menjar.<\/p>\n<p>A continuaci\u00f3 s\u2019ha d\u2019usar el raspall dental, a la cara interna i externa de la dent. En cas d\u2019usar raspall el\u00e8ctric cal posar el cap\u00e7al perpendicular a la dent. En cas de raspall manual, a la zona que est\u00e0 en contacte amb la geniva, el raspall ha d\u2019inclinar-se 45 graus entre dent i geniva i realitzar petits moviments en aquesta posici\u00f3.<\/p>\n<p>A les cares de les dents amb brackets, a m\u00e9s de netejar la zona entre bracket i geniva, cal fer una segona passada des del bracket fins a la vora de la dent. Tamb\u00e9 cal netejar les cares de masticaci\u00f3 de la dent amb moviments endavant i enrere.<\/p>\n<\/div><\/div><\/div><div class=\"fusion-layout-column fusion_builder_column fusion-builder-column-2 fusion_builder_column_1_1 1_1 fusion-flex-column\" style=\"--awb-bg-size:cover;--awb-width-large:100%;--awb-margin-top-large:0px;--awb-spacing-right-large:1.92%;--awb-margin-bottom-large:20px;--awb-spacing-left-large:1.92%;--awb-width-medium:100%;--awb-order-medium:0;--awb-spacing-right-medium:1.92%;--awb-spacing-left-medium:1.92%;--awb-width-small:100%;--awb-order-small:0;--awb-spacing-right-small:1.92%;--awb-spacing-left-small:1.92%;\"><div class=\"fusion-column-wrapper fusion-column-has-shadow fusion-flex-justify-content-flex-start fusion-content-layout-column\"><div class=\"fusion-text fusion-text-3\" style=\"--awb-content-alignment:justify;\"><p>En cas que quedin restes de menjar i de placa entre l\u2019arc i el br\u00e0quet i la dent, es pot passar un raspall interproximal cil\u00edndric, que permet arribar a zones de dif\u00edcil acc\u00e9s.<\/p>\n<p>Per netejar entre dents s\u2019utilitzen, quan hi ha prou espai, els raspalls interdentals, molt efica\u00e7os per retirar la placa. Si no hi ha prou espai interdental, recomanem un fil dental amb extrem r\u00edgid (superfloss\u00ae).<\/p>\n<p>\u00c9s recomanable la higiene de la llengua amb pocs moviments de davant cap enrere un cop al dia per reduir la c\u00e0rrega bacteriana bucal.<\/p>\n<p>Despr\u00e9s de la neteja, \u00e9s important comprovar l\u2019efectivitat del raspallat i observar la boca. De tant en tant pot ser \u00fatil utilitzar un revelador de placa, que tenyir\u00e0 la placa dental que no hem aconseguit eliminar, per poder autoavaluar l\u2019efic\u00e0cia del raspallat i millorar-la. Les zones dentals on s\u2019han tenyit es netejaran amb el raspall per eliminar la coloraci\u00f3.<\/p>\n<\/div><div class=\"fusion-title title fusion-title-2 fusion-sep-none fusion-title-text fusion-title-size-three\"><h3 class=\"fusion-title-heading title-heading-left fusion-responsive-typography-calculated\" style=\"margin:0;--fontSize:31;line-height:var(--awb-custom_typography_1-line-height);\">En cas d&#8217;alineadors invisibles<\/h3><\/div><div class=\"fusion-text fusion-text-4\" style=\"--awb-content-alignment:justify;\"><p>La higiene \u00e9s m\u00e9s senzilla que quan es fan servir br\u00e0quets, ja que es retiren els alineadors per menjar i podem netejar les dents sense obstacles a continuaci\u00f3. S\u2019utilitzen t\u00e8cniques habituals d\u2019higiene dental.<\/p>\n<p>Si utilitzeu raspall el\u00e8ctric, el cap\u00e7al anir\u00e0 col\u00b7locat perpendicularment sobre cadascuna de les dents a la cara externa i interna. En cas de raspall manual (duresa mitjana o suau) es col\u00b7locar\u00e0 en 45 graus entre dent i geniva per realitzar petits moviments en aquesta posici\u00f3 (t\u00e8cnica de Bass).<\/p>\n<p>\u00c9s important seguir un ordre, comen\u00e7ant per la part m\u00e9s posterior de l\u2019arcada i seguint de manera uniforme la higiene fins a l\u2019altre extrem. Tamb\u00e9 cal netejar la cara de la dent que mastega de davant a enrere. Entre dents, cal netejar amb raspalls interdentals si hi ha espai o seda dental, per evitar la inflamaci\u00f3 de les genives durant el tractament.<\/p>\n<p>Els alineadors tamb\u00e9 s\u2019han de netejar abans de tornar-los a col\u00b7locar, amb el mateix raspall dental evitant pastes i col\u00b7lutoris per evitar que es tornin opacs. Si es desitja es pot fer servir sab\u00f3 l\u00edquid neutre. Tamb\u00e9 es poden fer servir peri\u00f2dicament comprimits desinfectants del mateix tipus que s\u2019usa per a les protesis dentals.<\/p>\n<p>Recomanem no posar els alineadors en tovallons mentre es menja, per evitar-ne la p\u00e8rdua; \u00e9s millor guardar-los a la caixa, que tamb\u00e9 s\u2019haur\u00e0 de netejar.<\/p>\n<\/div><div class=\"fusion-title title fusion-title-3 fusion-sep-none fusion-title-text fusion-title-size-three\"><h3 class=\"fusion-title-heading title-heading-left fusion-responsive-typography-calculated\" style=\"margin:0;--fontSize:31;line-height:var(--awb-custom_typography_1-line-height);\">Quins productes bucals he de fer servir durant l&#8217;ortod\u00f2ncia?<\/h3><\/div><div class=\"fusion-text fusion-text-5\" style=\"--awb-content-alignment:justify;\"><p>\u00c9s important reempla\u00e7ar el raspall o el cap\u00e7al del raspall el\u00e8ctric quan es deformi, per tenir la m\u00e0xima efectivitat; en qualsevol cas, cada 3-4 mesos s\u2019hauria de canviar.<\/p>\n<p>\u00c9s recomanable fer servir pasta dental amb fluor.<\/p>\n<p>Els col\u00b7lutoris es poden recomanar en casos espec\u00edfics per al millor control de la placa bacteriana, per\u00f2 no com a substituts de la higiene mec\u00e0nica.<\/p>\n<p>Podem fer la higiene lingual amb el raspall habitual o amb raspadors linguals.<\/p>\n<\/div><div class=\"fusion-title title fusion-title-4 fusion-sep-none fusion-title-text fusion-title-size-three\"><h3 class=\"fusion-title-heading title-heading-left fusion-responsive-typography-calculated\" style=\"margin:0;--fontSize:31;line-height:var(--awb-custom_typography_1-line-height);\">Cada quant he de fer higienes si porto ortod\u00f2ncia?<\/h3><\/div><div class=\"fusion-text fusion-text-6\" style=\"--awb-content-alignment:justify;\"><p>\u00c9s indispensable mantenir les genives sense inflamaci\u00f3 durant tot el tractament ortod\u00f2ntic. En funci\u00f3 de les caracter\u00edstiques del pacient, seran cada 3 o 6 mesos. En cas de pacients adults, es recomana cada 3 mesos.<\/p>\n<\/div><div class=\"fusion-title title fusion-title-5 fusion-sep-none fusion-title-text fusion-title-size-three\"><h3 class=\"fusion-title-heading title-heading-left fusion-responsive-typography-calculated\" style=\"margin:0;--fontSize:31;line-height:var(--awb-custom_typography_1-line-height);\">Abans de comen\u00e7ar l&#8217;ortod\u00f2ncia, cal fer una higiene?<\/h3><\/div><div class=\"fusion-text fusion-text-7\" style=\"--awb-content-alignment:justify;\"><p>Abans de comen\u00e7ar cal fer un examen de la situaci\u00f3 de les genives del pacient que rebr\u00e0 el tractament. Si el pacient t\u00e9 gingivitis o periodontitis, ser\u00e0 indispensable tractar-les abans de comen\u00e7ar el tractament ortod\u00f2ntic, millorant la higiene i eliminant la placa i tosca o c\u00e0lcul que produeix la inflamaci\u00f3.<\/p>\n<\/div><\/div><\/div><\/div><\/div>\n","protected":false},"excerpt":{"rendered":"","protected":false},"author":1,"featured_media":2668,"comment_status":"closed","ping_status":"closed","sticky":false,"template":"","format":"standard","meta":{"footnotes":""},"categories":[1],"tags":[],"class_list":["post-3090","post","type-post","status-publish","format-standard","has-post-thumbnail","hentry","category-informacio-i-recomanacions"],"yoast_head":"<!-- This site is optimized with the Yoast SEO plugin v26.7 - https:\/\/yoast.com\/wordpress\/plugins\/seo\/ -->\n<title>Recomanacions d&#039;higiene en pacients amb ortod\u00f2ncia | Vallcorba<\/title>\n<meta name=\"description\" content=\"Durant el tractament ortod\u00f2ntic \u00e9s essencial seguir una higiene correcta per evitar les c\u00e0ries i per mantenir les genives sense inflamaci\u00f3.\" \/>\n<meta name=\"robots\" content=\"index, follow, max-snippet:-1, max-image-preview:large, max-video-preview:-1\" \/>\n<link rel=\"canonical\" href=\"https:\/\/clinicavallcorba.com\/ca\/recomanacions-d-higiene-en-pacients-amb-ortodoncia\/\" \/>\n<meta property=\"og:locale\" content=\"ca_ES\" \/>\n<meta property=\"og:type\" content=\"article\" \/>\n<meta property=\"og:title\" content=\"Recomanacions d&#039;higiene en pacients amb ortod\u00f2ncia | Vallcorba\" \/>\n<meta property=\"og:description\" content=\"Durant el tractament ortod\u00f2ntic \u00e9s essencial seguir una higiene correcta per evitar les c\u00e0ries i per mantenir les genives sense inflamaci\u00f3.\" \/>\n<meta property=\"og:url\" content=\"https:\/\/clinicavallcorba.com\/ca\/recomanacions-d-higiene-en-pacients-amb-ortodoncia\/\" \/>\n<meta property=\"og:site_name\" content=\"Cl\u00ednica Vallcorba\" \/>\n<meta property=\"article:published_time\" content=\"2023-04-25T11:45:00+00:00\" \/>\n<meta property=\"article:modified_time\" content=\"2024-01-25T10:25:04+00:00\" \/>\n<meta property=\"og:image\" content=\"https:\/\/clinicavallcorba.com\/wp-content\/uploads\/recomendaciones-de-higiene-en-pacientes-con-ortodoncia-d.webp\" \/>\n\t<meta property=\"og:image:width\" content=\"596\" \/>\n\t<meta property=\"og:image:height\" content=\"465\" \/>\n\t<meta property=\"og:image:type\" content=\"image\/webp\" \/>\n<meta name=\"author\" content=\"Nuria Vallcorba\" \/>\n<meta name=\"twitter:card\" content=\"summary_large_image\" \/>\n<meta name=\"twitter:label1\" content=\"Escrit per\" \/>\n\t<meta name=\"twitter:data1\" content=\"Nuria Vallcorba\" \/>\n\t<meta name=\"twitter:label2\" content=\"Temps estimat de lectura\" \/>\n\t<meta name=\"twitter:data2\" content=\"4 minuts\" \/>\n<script type=\"application\/ld+json\" class=\"yoast-schema-graph\">{\"@context\":\"https:\/\/schema.org\",\"@graph\":[{\"@type\":\"Article\",\"@id\":\"https:\/\/clinicavallcorba.com\/ca\/recomanacions-d-higiene-en-pacients-amb-ortodoncia\/#article\",\"isPartOf\":{\"@id\":\"https:\/\/clinicavallcorba.com\/ca\/recomanacions-d-higiene-en-pacients-amb-ortodoncia\/\"},\"author\":{\"name\":\"Nuria Vallcorba\",\"@id\":\"https:\/\/clinicavallcorba.com\/ca\/#\/schema\/person\/864eb678a78ccbf1c6c41bbb09940583\"},\"headline\":\"Recomanacions d&#8217;higiene en pacients amb ortod\u00f2ncia\",\"datePublished\":\"2023-04-25T11:45:00+00:00\",\"dateModified\":\"2024-01-25T10:25:04+00:00\",\"mainEntityOfPage\":{\"@id\":\"https:\/\/clinicavallcorba.com\/ca\/recomanacions-d-higiene-en-pacients-amb-ortodoncia\/\"},\"wordCount\":4046,\"image\":{\"@id\":\"https:\/\/clinicavallcorba.com\/ca\/recomanacions-d-higiene-en-pacients-amb-ortodoncia\/#primaryimage\"},\"thumbnailUrl\":\"https:\/\/clinicavallcorba.com\/wp-content\/uploads\/recomendaciones-de-higiene-en-pacientes-con-ortodoncia-d.webp\",\"articleSection\":[\"Informaci\u00f3 i recomanacions\"],\"inLanguage\":\"ca\"},{\"@type\":\"WebPage\",\"@id\":\"https:\/\/clinicavallcorba.com\/ca\/recomanacions-d-higiene-en-pacients-amb-ortodoncia\/\",\"url\":\"https:\/\/clinicavallcorba.com\/ca\/recomanacions-d-higiene-en-pacients-amb-ortodoncia\/\",\"name\":\"Recomanacions d'higiene en pacients amb ortod\u00f2ncia | Vallcorba\",\"isPartOf\":{\"@id\":\"https:\/\/clinicavallcorba.com\/ca\/#website\"},\"primaryImageOfPage\":{\"@id\":\"https:\/\/clinicavallcorba.com\/ca\/recomanacions-d-higiene-en-pacients-amb-ortodoncia\/#primaryimage\"},\"image\":{\"@id\":\"https:\/\/clinicavallcorba.com\/ca\/recomanacions-d-higiene-en-pacients-amb-ortodoncia\/#primaryimage\"},\"thumbnailUrl\":\"https:\/\/clinicavallcorba.com\/wp-content\/uploads\/recomendaciones-de-higiene-en-pacientes-con-ortodoncia-d.webp\",\"datePublished\":\"2023-04-25T11:45:00+00:00\",\"dateModified\":\"2024-01-25T10:25:04+00:00\",\"author\":{\"@id\":\"https:\/\/clinicavallcorba.com\/ca\/#\/schema\/person\/864eb678a78ccbf1c6c41bbb09940583\"},\"description\":\"Durant el tractament ortod\u00f2ntic \u00e9s essencial seguir una higiene correcta per evitar les c\u00e0ries i per mantenir les genives sense inflamaci\u00f3.\",\"breadcrumb\":{\"@id\":\"https:\/\/clinicavallcorba.com\/ca\/recomanacions-d-higiene-en-pacients-amb-ortodoncia\/#breadcrumb\"},\"inLanguage\":\"ca\",\"potentialAction\":[{\"@type\":\"ReadAction\",\"target\":[\"https:\/\/clinicavallcorba.com\/ca\/recomanacions-d-higiene-en-pacients-amb-ortodoncia\/\"]}]},{\"@type\":\"ImageObject\",\"inLanguage\":\"ca\",\"@id\":\"https:\/\/clinicavallcorba.com\/ca\/recomanacions-d-higiene-en-pacients-amb-ortodoncia\/#primaryimage\",\"url\":\"https:\/\/clinicavallcorba.com\/wp-content\/uploads\/recomendaciones-de-higiene-en-pacientes-con-ortodoncia-d.webp\",\"contentUrl\":\"https:\/\/clinicavallcorba.com\/wp-content\/uploads\/recomendaciones-de-higiene-en-pacientes-con-ortodoncia-d.webp\",\"width\":596,\"height\":465},{\"@type\":\"BreadcrumbList\",\"@id\":\"https:\/\/clinicavallcorba.com\/ca\/recomanacions-d-higiene-en-pacients-amb-ortodoncia\/#breadcrumb\",\"itemListElement\":[{\"@type\":\"ListItem\",\"position\":1,\"name\":\"Inici\",\"item\":\"https:\/\/clinicavallcorba.com\/ca\/\"},{\"@type\":\"ListItem\",\"position\":2,\"name\":\"Recomanacions d&#8217;higiene en pacients amb ortod\u00f2ncia\"}]},{\"@type\":\"WebSite\",\"@id\":\"https:\/\/clinicavallcorba.com\/ca\/#website\",\"url\":\"https:\/\/clinicavallcorba.com\/ca\/\",\"name\":\"Cl\u00ednica Vallcorba\",\"description\":\"Cl\u00ednica dental\",\"potentialAction\":[{\"@type\":\"SearchAction\",\"target\":{\"@type\":\"EntryPoint\",\"urlTemplate\":\"https:\/\/clinicavallcorba.com\/ca\/?s={search_term_string}\"},\"query-input\":{\"@type\":\"PropertyValueSpecification\",\"valueRequired\":true,\"valueName\":\"search_term_string\"}}],\"inLanguage\":\"ca\"},{\"@type\":\"Person\",\"@id\":\"https:\/\/clinicavallcorba.com\/ca\/#\/schema\/person\/864eb678a78ccbf1c6c41bbb09940583\",\"name\":\"Nuria Vallcorba\",\"description\":\"Nuria Vallcorba realiz\u00f3 sus estudios de medicina y cirug\u00eda en la Universidad aut\u00f3noma de Barcelona con calificaci\u00f3n de sobresaliente. Posteriormente se especializ\u00f3 en estomatolog\u00eda, realiz\u00f3 el master en Periodoncia y el doctorado en Odontolog\u00eda en la Universidad Complutense de Madrid, con calificaci\u00f3n cum laude por unanimidad. Ejerce desde 1990 pr\u00e1ctica cl\u00ednica de periodoncia e implantes en Barcelona. Dentro de la actividad cient\u00edfica cabe destacar, adem\u00e1s del doctorado, la publicaci\u00f3n de art\u00edculos en revistas y cap\u00edtulos en libros a nivel nacional e internacional. Ha sido directora de la revista Periodoncia, de la Sociedad espa\u00f1ola de Periodoncia. Es conferenciante sobre Periodoncia y consultor de diferentes organismos cient\u00edficos. Ha realizado actividad docente de Periodoncia desde 1989, tanto de pregrado como de postgrado, en la Universidad Complutense de Madrid, Universidad de California-Los Angeles, Universidad de Barcelona, Universitat internacional de Catalunya y actualmente imparte docencia en el master de Periodoncia de la Universidad de Valencia. Ha sido Presidente de la Societat Catalana d\u2019odontologia i estomatolog\u00eda de la Acad\u00e8mia de Ci\u00e8ncies M\u00e8diques de Catalunya i Balears y Presidente de la Sociedad Espa\u00f1ola de Periodoncia y osteointegraci\u00f3n y de la Fundaci\u00f3n SEPA. Actualmente es patrono de honor de dicha fundaci\u00f3n.\",\"sameAs\":[\"https:\/\/clinicavallcorba.com\",\"https:\/\/www.instagram.com\/clinicavallcorba?igsh=cWE4MjljazZnMzVy\",\"https:\/\/www.linkedin.com\/in\/nuria-vallcorba-plana-6434a642\/\"],\"url\":\"https:\/\/clinicavallcorba.com\/ca\/author\/nuria-vallcorba\/\"}]}<\/script>\n<!-- \/ Yoast SEO plugin. -->","yoast_head_json":{"title":"Recomanacions d'higiene en pacients amb ortod\u00f2ncia | Vallcorba","description":"Durant el tractament ortod\u00f2ntic \u00e9s essencial seguir una higiene correcta per evitar les c\u00e0ries i per mantenir les genives sense inflamaci\u00f3.","robots":{"index":"index","follow":"follow","max-snippet":"max-snippet:-1","max-image-preview":"max-image-preview:large","max-video-preview":"max-video-preview:-1"},"canonical":"https:\/\/clinicavallcorba.com\/ca\/recomanacions-d-higiene-en-pacients-amb-ortodoncia\/","og_locale":"ca_ES","og_type":"article","og_title":"Recomanacions d'higiene en pacients amb ortod\u00f2ncia | Vallcorba","og_description":"Durant el tractament ortod\u00f2ntic \u00e9s essencial seguir una higiene correcta per evitar les c\u00e0ries i per mantenir les genives sense inflamaci\u00f3.","og_url":"https:\/\/clinicavallcorba.com\/ca\/recomanacions-d-higiene-en-pacients-amb-ortodoncia\/","og_site_name":"Cl\u00ednica Vallcorba","article_published_time":"2023-04-25T11:45:00+00:00","article_modified_time":"2024-01-25T10:25:04+00:00","og_image":[{"width":596,"height":465,"url":"https:\/\/clinicavallcorba.com\/wp-content\/uploads\/recomendaciones-de-higiene-en-pacientes-con-ortodoncia-d.webp","type":"image\/webp"}],"author":"Nuria Vallcorba","twitter_card":"summary_large_image","twitter_misc":{"Escrit per":"Nuria Vallcorba","Temps estimat de lectura":"4 minuts"},"schema":{"@context":"https:\/\/schema.org","@graph":[{"@type":"Article","@id":"https:\/\/clinicavallcorba.com\/ca\/recomanacions-d-higiene-en-pacients-amb-ortodoncia\/#article","isPartOf":{"@id":"https:\/\/clinicavallcorba.com\/ca\/recomanacions-d-higiene-en-pacients-amb-ortodoncia\/"},"author":{"name":"Nuria Vallcorba","@id":"https:\/\/clinicavallcorba.com\/ca\/#\/schema\/person\/864eb678a78ccbf1c6c41bbb09940583"},"headline":"Recomanacions d&#8217;higiene en pacients amb ortod\u00f2ncia","datePublished":"2023-04-25T11:45:00+00:00","dateModified":"2024-01-25T10:25:04+00:00","mainEntityOfPage":{"@id":"https:\/\/clinicavallcorba.com\/ca\/recomanacions-d-higiene-en-pacients-amb-ortodoncia\/"},"wordCount":4046,"image":{"@id":"https:\/\/clinicavallcorba.com\/ca\/recomanacions-d-higiene-en-pacients-amb-ortodoncia\/#primaryimage"},"thumbnailUrl":"https:\/\/clinicavallcorba.com\/wp-content\/uploads\/recomendaciones-de-higiene-en-pacientes-con-ortodoncia-d.webp","articleSection":["Informaci\u00f3 i recomanacions"],"inLanguage":"ca"},{"@type":"WebPage","@id":"https:\/\/clinicavallcorba.com\/ca\/recomanacions-d-higiene-en-pacients-amb-ortodoncia\/","url":"https:\/\/clinicavallcorba.com\/ca\/recomanacions-d-higiene-en-pacients-amb-ortodoncia\/","name":"Recomanacions d'higiene en pacients amb ortod\u00f2ncia | Vallcorba","isPartOf":{"@id":"https:\/\/clinicavallcorba.com\/ca\/#website"},"primaryImageOfPage":{"@id":"https:\/\/clinicavallcorba.com\/ca\/recomanacions-d-higiene-en-pacients-amb-ortodoncia\/#primaryimage"},"image":{"@id":"https:\/\/clinicavallcorba.com\/ca\/recomanacions-d-higiene-en-pacients-amb-ortodoncia\/#primaryimage"},"thumbnailUrl":"https:\/\/clinicavallcorba.com\/wp-content\/uploads\/recomendaciones-de-higiene-en-pacientes-con-ortodoncia-d.webp","datePublished":"2023-04-25T11:45:00+00:00","dateModified":"2024-01-25T10:25:04+00:00","author":{"@id":"https:\/\/clinicavallcorba.com\/ca\/#\/schema\/person\/864eb678a78ccbf1c6c41bbb09940583"},"description":"Durant el tractament ortod\u00f2ntic \u00e9s essencial seguir una higiene correcta per evitar les c\u00e0ries i per mantenir les genives sense inflamaci\u00f3.","breadcrumb":{"@id":"https:\/\/clinicavallcorba.com\/ca\/recomanacions-d-higiene-en-pacients-amb-ortodoncia\/#breadcrumb"},"inLanguage":"ca","potentialAction":[{"@type":"ReadAction","target":["https:\/\/clinicavallcorba.com\/ca\/recomanacions-d-higiene-en-pacients-amb-ortodoncia\/"]}]},{"@type":"ImageObject","inLanguage":"ca","@id":"https:\/\/clinicavallcorba.com\/ca\/recomanacions-d-higiene-en-pacients-amb-ortodoncia\/#primaryimage","url":"https:\/\/clinicavallcorba.com\/wp-content\/uploads\/recomendaciones-de-higiene-en-pacientes-con-ortodoncia-d.webp","contentUrl":"https:\/\/clinicavallcorba.com\/wp-content\/uploads\/recomendaciones-de-higiene-en-pacientes-con-ortodoncia-d.webp","width":596,"height":465},{"@type":"BreadcrumbList","@id":"https:\/\/clinicavallcorba.com\/ca\/recomanacions-d-higiene-en-pacients-amb-ortodoncia\/#breadcrumb","itemListElement":[{"@type":"ListItem","position":1,"name":"Inici","item":"https:\/\/clinicavallcorba.com\/ca\/"},{"@type":"ListItem","position":2,"name":"Recomanacions d&#8217;higiene en pacients amb ortod\u00f2ncia"}]},{"@type":"WebSite","@id":"https:\/\/clinicavallcorba.com\/ca\/#website","url":"https:\/\/clinicavallcorba.com\/ca\/","name":"Cl\u00ednica Vallcorba","description":"Cl\u00ednica dental","potentialAction":[{"@type":"SearchAction","target":{"@type":"EntryPoint","urlTemplate":"https:\/\/clinicavallcorba.com\/ca\/?s={search_term_string}"},"query-input":{"@type":"PropertyValueSpecification","valueRequired":true,"valueName":"search_term_string"}}],"inLanguage":"ca"},{"@type":"Person","@id":"https:\/\/clinicavallcorba.com\/ca\/#\/schema\/person\/864eb678a78ccbf1c6c41bbb09940583","name":"Nuria Vallcorba","description":"Nuria Vallcorba realiz\u00f3 sus estudios de medicina y cirug\u00eda en la Universidad aut\u00f3noma de Barcelona con calificaci\u00f3n de sobresaliente. Posteriormente se especializ\u00f3 en estomatolog\u00eda, realiz\u00f3 el master en Periodoncia y el doctorado en Odontolog\u00eda en la Universidad Complutense de Madrid, con calificaci\u00f3n cum laude por unanimidad. Ejerce desde 1990 pr\u00e1ctica cl\u00ednica de periodoncia e implantes en Barcelona. Dentro de la actividad cient\u00edfica cabe destacar, adem\u00e1s del doctorado, la publicaci\u00f3n de art\u00edculos en revistas y cap\u00edtulos en libros a nivel nacional e internacional. Ha sido directora de la revista Periodoncia, de la Sociedad espa\u00f1ola de Periodoncia. Es conferenciante sobre Periodoncia y consultor de diferentes organismos cient\u00edficos. Ha realizado actividad docente de Periodoncia desde 1989, tanto de pregrado como de postgrado, en la Universidad Complutense de Madrid, Universidad de California-Los Angeles, Universidad de Barcelona, Universitat internacional de Catalunya y actualmente imparte docencia en el master de Periodoncia de la Universidad de Valencia. Ha sido Presidente de la Societat Catalana d\u2019odontologia i estomatolog\u00eda de la Acad\u00e8mia de Ci\u00e8ncies M\u00e8diques de Catalunya i Balears y Presidente de la Sociedad Espa\u00f1ola de Periodoncia y osteointegraci\u00f3n y de la Fundaci\u00f3n SEPA. Actualmente es patrono de honor de dicha fundaci\u00f3n.","sameAs":["https:\/\/clinicavallcorba.com","https:\/\/www.instagram.com\/clinicavallcorba?igsh=cWE4MjljazZnMzVy","https:\/\/www.linkedin.com\/in\/nuria-vallcorba-plana-6434a642\/"],"url":"https:\/\/clinicavallcorba.com\/ca\/author\/nuria-vallcorba\/"}]}},"_links":{"self":[{"href":"https:\/\/clinicavallcorba.com\/ca\/wp-json\/wp\/v2\/posts\/3090","targetHints":{"allow":["GET"]}}],"collection":[{"href":"https:\/\/clinicavallcorba.com\/ca\/wp-json\/wp\/v2\/posts"}],"about":[{"href":"https:\/\/clinicavallcorba.com\/ca\/wp-json\/wp\/v2\/types\/post"}],"author":[{"embeddable":true,"href":"https:\/\/clinicavallcorba.com\/ca\/wp-json\/wp\/v2\/users\/1"}],"replies":[{"embeddable":true,"href":"https:\/\/clinicavallcorba.com\/ca\/wp-json\/wp\/v2\/comments?post=3090"}],"version-history":[{"count":0,"href":"https:\/\/clinicavallcorba.com\/ca\/wp-json\/wp\/v2\/posts\/3090\/revisions"}],"wp:featuredmedia":[{"embeddable":true,"href":"https:\/\/clinicavallcorba.com\/ca\/wp-json\/wp\/v2\/media\/2668"}],"wp:attachment":[{"href":"https:\/\/clinicavallcorba.com\/ca\/wp-json\/wp\/v2\/media?parent=3090"}],"wp:term":[{"taxonomy":"category","embeddable":true,"href":"https:\/\/clinicavallcorba.com\/ca\/wp-json\/wp\/v2\/categories?post=3090"},{"taxonomy":"post_tag","embeddable":true,"href":"https:\/\/clinicavallcorba.com\/ca\/wp-json\/wp\/v2\/tags?post=3090"}],"curies":[{"name":"wp","href":"https:\/\/api.w.org\/{rel}","templated":true}]}}