{"id":3108,"date":"2023-01-31T10:04:41","date_gmt":"2023-01-31T09:04:41","guid":{"rendered":"https:\/\/clinicavallcorba.com\/recomendaciones-despues-de-tratamiento-con-anestesia-dental\/"},"modified":"2024-01-25T11:40:16","modified_gmt":"2024-01-25T10:40:16","slug":"recomanacions-despres-de-tractament-amb-anestesia-dental","status":"publish","type":"post","link":"https:\/\/clinicavallcorba.com\/ca\/recomanacions-despres-de-tractament-amb-anestesia-dental\/","title":{"rendered":"Recomanacions despr\u00e9s de tractament amb anest\u00e8sia dental"},"content":{"rendered":"<div class=\"fusion-fullwidth fullwidth-box fusion-builder-row-1 fusion-flex-container has-pattern-background has-mask-background nonhundred-percent-fullwidth non-hundred-percent-height-scrolling\" style=\"--awb-border-radius-top-left:0px;--awb-border-radius-top-right:0px;--awb-border-radius-bottom-right:0px;--awb-border-radius-bottom-left:0px;--awb-flex-wrap:wrap;\" ><div class=\"fusion-builder-row fusion-row fusion-flex-align-items-flex-start fusion-flex-content-wrap\" style=\"max-width:1300px;margin-left: calc(-4% \/ 2 );margin-right: calc(-4% \/ 2 );\"><div class=\"fusion-layout-column fusion_builder_column fusion-builder-column-0 fusion_builder_column_1_2 1_2 fusion-flex-column\" style=\"--awb-bg-size:cover;--awb-width-large:50%;--awb-margin-top-large:0px;--awb-spacing-right-large:3.84%;--awb-margin-bottom-large:20px;--awb-spacing-left-large:3.84%;--awb-width-medium:50%;--awb-order-medium:0;--awb-spacing-right-medium:3.84%;--awb-spacing-left-medium:3.84%;--awb-width-small:100%;--awb-order-small:0;--awb-spacing-right-small:1.92%;--awb-spacing-left-small:1.92%;\"><div class=\"fusion-column-wrapper fusion-column-has-shadow fusion-flex-justify-content-flex-start fusion-content-layout-column\"><div class=\"fusion-image-element \" style=\"text-align:center;--awb-caption-title-font-family:var(--h2_typography-font-family);--awb-caption-title-font-weight:var(--h2_typography-font-weight);--awb-caption-title-font-style:var(--h2_typography-font-style);--awb-caption-title-size:var(--h2_typography-font-size);--awb-caption-title-transform:var(--h2_typography-text-transform);--awb-caption-title-line-height:var(--h2_typography-line-height);--awb-caption-title-letter-spacing:var(--h2_typography-letter-spacing);\"><span class=\" fusion-imageframe imageframe-none imageframe-1 hover-type-none\"><img decoding=\"async\" width=\"500\" height=\"500\" title=\"Recomendaciones despu\u00e9s de tratamiento con anestesia dental- Vallcorba\" src=\"https:\/\/clinicavallcorba.com\/wp-content\/uploads\/recomendaciones-despues-de-tratamiento-con-anestesia-dental.webp\" alt class=\"img-responsive wp-image-2675\" srcset=\"https:\/\/clinicavallcorba.com\/wp-content\/uploads\/recomendaciones-despues-de-tratamiento-con-anestesia-dental-200x200.webp 200w, https:\/\/clinicavallcorba.com\/wp-content\/uploads\/recomendaciones-despues-de-tratamiento-con-anestesia-dental-400x400.webp 400w, https:\/\/clinicavallcorba.com\/wp-content\/uploads\/recomendaciones-despues-de-tratamiento-con-anestesia-dental.webp 500w\" sizes=\"(max-width: 640px) 100vw, 500px\" \/><\/span><\/div><\/div><\/div><div class=\"fusion-layout-column fusion_builder_column fusion-builder-column-1 fusion_builder_column_1_2 1_2 fusion-flex-column\" style=\"--awb-bg-size:cover;--awb-width-large:50%;--awb-margin-top-large:0px;--awb-spacing-right-large:3.84%;--awb-margin-bottom-large:20px;--awb-spacing-left-large:3.84%;--awb-width-medium:50%;--awb-order-medium:0;--awb-spacing-right-medium:3.84%;--awb-spacing-left-medium:3.84%;--awb-width-small:100%;--awb-order-small:0;--awb-spacing-right-small:1.92%;--awb-spacing-left-small:1.92%;\"><div class=\"fusion-column-wrapper fusion-column-has-shadow fusion-flex-justify-content-flex-start fusion-content-layout-column\"><div class=\"fusion-title title fusion-title-1 fusion-sep-none fusion-title-text fusion-title-size-three\"><h3 class=\"fusion-title-heading title-heading-left fusion-responsive-typography-calculated\" style=\"margin:0;--fontSize:31;line-height:var(--awb-custom_typography_1-line-height);\">Qu\u00e8 ha de saber si rebr\u00e0 un tractament amb anest\u00e8sia dental?<\/h3><\/div><div class=\"fusion-text fusion-text-1\" style=\"--awb-content-alignment:justify;\"><p>L\u2019anest\u00e8sia dental \u00e9s local i permet fer tractaments dentals sense dolor, per exemple un raspat de genives o un empastament.<\/p>\n<p>S\u2019aplica seguint una t\u00e8cnica protocol\u00b7litzada i sempre despr\u00e9s de con\u00e8ixer les caracter\u00edstiques m\u00e8diques del pacient (estat m\u00e8dic general, al\u00b7l\u00e8rgies, medicacions que est\u00e0 prenent, etc.).<\/p>\n<p>Apliquem primer un gel t\u00f2pic amb l\u2019objectiu d\u2019entumir inicialment la zona a anestesiar, per injectar posteriorment l\u2019anest\u00e8sic per insensibilitzar la zona de la geniva o la dent a tractar.<\/p>\n<p>Hi ha diferents tipus d\u2019anest\u00e8sics locals, per la qual cosa podem triar el tipus d\u2019anest\u00e8sic en funci\u00f3 del tractament que cal fer i del pacient a tractar.<\/p>\n<p>Despr\u00e9s de l\u2019aplicaci\u00f3 de l\u2019anest\u00e8sia sentireu la zona insensible al dolor, ja que t\u00e9 una potent acci\u00f3 analg\u00e8sica, podent sentir el tacte de la zona. L\u2019efecte sol desapar\u00e8ixer entre una hora i sis despr\u00e9s del tractament.<\/p>\n<\/div><\/div><\/div><div class=\"fusion-layout-column fusion_builder_column fusion-builder-column-2 fusion_builder_column_1_1 1_1 fusion-flex-column\" style=\"--awb-bg-size:cover;--awb-width-large:100%;--awb-margin-top-large:0px;--awb-spacing-right-large:1.92%;--awb-margin-bottom-large:20px;--awb-spacing-left-large:1.92%;--awb-width-medium:100%;--awb-order-medium:0;--awb-spacing-right-medium:1.92%;--awb-spacing-left-medium:1.92%;--awb-width-small:100%;--awb-order-small:0;--awb-spacing-right-small:1.92%;--awb-spacing-left-small:1.92%;\"><div class=\"fusion-column-wrapper fusion-column-has-shadow fusion-flex-justify-content-flex-start fusion-content-layout-column\"><div class=\"fusion-text fusion-text-2\" style=\"--awb-content-alignment:justify;\"><p>En finalitzar el tractament, l\u2019anest\u00e8sia continuar\u00e0 actuant durant algun temps. Per aix\u00f2 us recomanem:<\/p>\n<ul>\n<li>No mastegueu aliments fins que hagi passat l\u2019efecte anest\u00e8sic. Aix\u00ed evitar\u00e0 mossegades a la llengua, galta i llavis.<\/li>\n<li>Vigileu els nens que han rebut anest\u00e8sia dental, sovint es mosseguen la zona anestesiada en sentir un tacte diferent.<\/li>\n<li>Eviteu el tabac i alcohol almenys les 12 hores seg\u00fcents al tractament.<\/li>\n<li>Posposeu fer esport almenys 12 hores.<\/li>\n<\/ul>\n<p>De vegades en qu\u00e8 el pacient sent molta ansietat per sotmetre\u2019s a un tractament bucal podem fer t\u00e8cniques de sedaci\u00f3 conscient. L\u2019ajudar\u00e0 a estar totalment relaxat per al tractament. La realitzaci\u00f3 de sedaci\u00f3 no evita haver d\u2019aplicar anest\u00e8sia local per\u00f2 no sentir\u00e0 cap ansietat per tot el procediment.<\/p>\n<p>Els efectes de la sedaci\u00f3 duren unes hores, per la qual cosa haur\u00e0 de tenir en compte venir acompanyat a la cl\u00ednica, no podr\u00e0 conduir i haur\u00e0 de ser at\u00e8s a les primeres hores seg\u00fcents.<\/p>\n<p>No dubteu a consultar-nos tots els vostres dubtes en la vostra visita a la cl\u00ednica.<\/p>\n<\/div><\/div><\/div><\/div><\/div>\n","protected":false},"excerpt":{"rendered":"","protected":false},"author":1,"featured_media":2676,"comment_status":"closed","ping_status":"closed","sticky":false,"template":"","format":"standard","meta":{"footnotes":""},"categories":[1],"tags":[],"class_list":["post-3108","post","type-post","status-publish","format-standard","has-post-thumbnail","hentry","category-informacio-i-recomanacions"],"yoast_head":"<!-- This site is optimized with the Yoast SEO plugin v26.7 - https:\/\/yoast.com\/wordpress\/plugins\/seo\/ -->\n<title>Recomanacions despr\u00e9s de tractament amb anest\u00e8sia dental<\/title>\n<meta name=\"description\" content=\"En finalitzar el tractament, l&#039;anest\u00e8sia continuar\u00e0 actuant durant algun temps. Per aix\u00f2 us recomanem que seguiu les pautes d&#039;aquest post.\" \/>\n<meta name=\"robots\" content=\"index, follow, max-snippet:-1, max-image-preview:large, max-video-preview:-1\" \/>\n<link rel=\"canonical\" href=\"https:\/\/clinicavallcorba.com\/ca\/recomanacions-despres-de-tractament-amb-anestesia-dental\/\" \/>\n<meta property=\"og:locale\" content=\"ca_ES\" \/>\n<meta property=\"og:type\" content=\"article\" \/>\n<meta property=\"og:title\" content=\"Recomanacions despr\u00e9s de tractament amb anest\u00e8sia dental\" \/>\n<meta property=\"og:description\" content=\"En finalitzar el tractament, l&#039;anest\u00e8sia continuar\u00e0 actuant durant algun temps. Per aix\u00f2 us recomanem que seguiu les pautes d&#039;aquest post.\" \/>\n<meta property=\"og:url\" content=\"https:\/\/clinicavallcorba.com\/ca\/recomanacions-despres-de-tractament-amb-anestesia-dental\/\" \/>\n<meta property=\"og:site_name\" content=\"Cl\u00ednica Vallcorba\" \/>\n<meta property=\"article:published_time\" content=\"2023-01-31T09:04:41+00:00\" \/>\n<meta property=\"article:modified_time\" content=\"2024-01-25T10:40:16+00:00\" \/>\n<meta property=\"og:image\" content=\"https:\/\/clinicavallcorba.com\/wp-content\/uploads\/recomendaciones-despues-de-tratamiento-con-anestesia-dental-d.webp\" \/>\n\t<meta property=\"og:image:width\" content=\"577\" \/>\n\t<meta property=\"og:image:height\" content=\"450\" \/>\n\t<meta property=\"og:image:type\" content=\"image\/webp\" \/>\n<meta name=\"author\" content=\"Nuria Vallcorba\" \/>\n<meta name=\"twitter:card\" content=\"summary_large_image\" \/>\n<meta name=\"twitter:label1\" content=\"Escrit per\" \/>\n\t<meta name=\"twitter:data1\" content=\"Nuria Vallcorba\" \/>\n\t<meta name=\"twitter:label2\" content=\"Temps estimat de lectura\" \/>\n\t<meta name=\"twitter:data2\" content=\"2 minuts\" \/>\n<script type=\"application\/ld+json\" class=\"yoast-schema-graph\">{\"@context\":\"https:\/\/schema.org\",\"@graph\":[{\"@type\":\"Article\",\"@id\":\"https:\/\/clinicavallcorba.com\/ca\/recomanacions-despres-de-tractament-amb-anestesia-dental\/#article\",\"isPartOf\":{\"@id\":\"https:\/\/clinicavallcorba.com\/ca\/recomanacions-despres-de-tractament-amb-anestesia-dental\/\"},\"author\":{\"name\":\"Nuria Vallcorba\",\"@id\":\"https:\/\/clinicavallcorba.com\/ca\/#\/schema\/person\/864eb678a78ccbf1c6c41bbb09940583\"},\"headline\":\"Recomanacions despr\u00e9s de tractament amb anest\u00e8sia dental\",\"datePublished\":\"2023-01-31T09:04:41+00:00\",\"dateModified\":\"2024-01-25T10:40:16+00:00\",\"mainEntityOfPage\":{\"@id\":\"https:\/\/clinicavallcorba.com\/ca\/recomanacions-despres-de-tractament-amb-anestesia-dental\/\"},\"wordCount\":2369,\"image\":{\"@id\":\"https:\/\/clinicavallcorba.com\/ca\/recomanacions-despres-de-tractament-amb-anestesia-dental\/#primaryimage\"},\"thumbnailUrl\":\"https:\/\/clinicavallcorba.com\/wp-content\/uploads\/recomendaciones-despues-de-tratamiento-con-anestesia-dental-d.webp\",\"articleSection\":[\"Informaci\u00f3 i recomanacions\"],\"inLanguage\":\"ca\"},{\"@type\":\"WebPage\",\"@id\":\"https:\/\/clinicavallcorba.com\/ca\/recomanacions-despres-de-tractament-amb-anestesia-dental\/\",\"url\":\"https:\/\/clinicavallcorba.com\/ca\/recomanacions-despres-de-tractament-amb-anestesia-dental\/\",\"name\":\"Recomanacions despr\u00e9s de tractament amb anest\u00e8sia dental\",\"isPartOf\":{\"@id\":\"https:\/\/clinicavallcorba.com\/ca\/#website\"},\"primaryImageOfPage\":{\"@id\":\"https:\/\/clinicavallcorba.com\/ca\/recomanacions-despres-de-tractament-amb-anestesia-dental\/#primaryimage\"},\"image\":{\"@id\":\"https:\/\/clinicavallcorba.com\/ca\/recomanacions-despres-de-tractament-amb-anestesia-dental\/#primaryimage\"},\"thumbnailUrl\":\"https:\/\/clinicavallcorba.com\/wp-content\/uploads\/recomendaciones-despues-de-tratamiento-con-anestesia-dental-d.webp\",\"datePublished\":\"2023-01-31T09:04:41+00:00\",\"dateModified\":\"2024-01-25T10:40:16+00:00\",\"author\":{\"@id\":\"https:\/\/clinicavallcorba.com\/ca\/#\/schema\/person\/864eb678a78ccbf1c6c41bbb09940583\"},\"description\":\"En finalitzar el tractament, l'anest\u00e8sia continuar\u00e0 actuant durant algun temps. Per aix\u00f2 us recomanem que seguiu les pautes d'aquest post.\",\"breadcrumb\":{\"@id\":\"https:\/\/clinicavallcorba.com\/ca\/recomanacions-despres-de-tractament-amb-anestesia-dental\/#breadcrumb\"},\"inLanguage\":\"ca\",\"potentialAction\":[{\"@type\":\"ReadAction\",\"target\":[\"https:\/\/clinicavallcorba.com\/ca\/recomanacions-despres-de-tractament-amb-anestesia-dental\/\"]}]},{\"@type\":\"ImageObject\",\"inLanguage\":\"ca\",\"@id\":\"https:\/\/clinicavallcorba.com\/ca\/recomanacions-despres-de-tractament-amb-anestesia-dental\/#primaryimage\",\"url\":\"https:\/\/clinicavallcorba.com\/wp-content\/uploads\/recomendaciones-despues-de-tratamiento-con-anestesia-dental-d.webp\",\"contentUrl\":\"https:\/\/clinicavallcorba.com\/wp-content\/uploads\/recomendaciones-despues-de-tratamiento-con-anestesia-dental-d.webp\",\"width\":577,\"height\":450},{\"@type\":\"BreadcrumbList\",\"@id\":\"https:\/\/clinicavallcorba.com\/ca\/recomanacions-despres-de-tractament-amb-anestesia-dental\/#breadcrumb\",\"itemListElement\":[{\"@type\":\"ListItem\",\"position\":1,\"name\":\"Inici\",\"item\":\"https:\/\/clinicavallcorba.com\/ca\/\"},{\"@type\":\"ListItem\",\"position\":2,\"name\":\"Recomanacions despr\u00e9s de tractament amb anest\u00e8sia dental\"}]},{\"@type\":\"WebSite\",\"@id\":\"https:\/\/clinicavallcorba.com\/ca\/#website\",\"url\":\"https:\/\/clinicavallcorba.com\/ca\/\",\"name\":\"Cl\u00ednica Vallcorba\",\"description\":\"Cl\u00ednica dental\",\"potentialAction\":[{\"@type\":\"SearchAction\",\"target\":{\"@type\":\"EntryPoint\",\"urlTemplate\":\"https:\/\/clinicavallcorba.com\/ca\/?s={search_term_string}\"},\"query-input\":{\"@type\":\"PropertyValueSpecification\",\"valueRequired\":true,\"valueName\":\"search_term_string\"}}],\"inLanguage\":\"ca\"},{\"@type\":\"Person\",\"@id\":\"https:\/\/clinicavallcorba.com\/ca\/#\/schema\/person\/864eb678a78ccbf1c6c41bbb09940583\",\"name\":\"Nuria Vallcorba\",\"description\":\"Nuria Vallcorba realiz\u00f3 sus estudios de medicina y cirug\u00eda en la Universidad aut\u00f3noma de Barcelona con calificaci\u00f3n de sobresaliente. Posteriormente se especializ\u00f3 en estomatolog\u00eda, realiz\u00f3 el master en Periodoncia y el doctorado en Odontolog\u00eda en la Universidad Complutense de Madrid, con calificaci\u00f3n cum laude por unanimidad. Ejerce desde 1990 pr\u00e1ctica cl\u00ednica de periodoncia e implantes en Barcelona. Dentro de la actividad cient\u00edfica cabe destacar, adem\u00e1s del doctorado, la publicaci\u00f3n de art\u00edculos en revistas y cap\u00edtulos en libros a nivel nacional e internacional. Ha sido directora de la revista Periodoncia, de la Sociedad espa\u00f1ola de Periodoncia. Es conferenciante sobre Periodoncia y consultor de diferentes organismos cient\u00edficos. Ha realizado actividad docente de Periodoncia desde 1989, tanto de pregrado como de postgrado, en la Universidad Complutense de Madrid, Universidad de California-Los Angeles, Universidad de Barcelona, Universitat internacional de Catalunya y actualmente imparte docencia en el master de Periodoncia de la Universidad de Valencia. Ha sido Presidente de la Societat Catalana d\u2019odontologia i estomatolog\u00eda de la Acad\u00e8mia de Ci\u00e8ncies M\u00e8diques de Catalunya i Balears y Presidente de la Sociedad Espa\u00f1ola de Periodoncia y osteointegraci\u00f3n y de la Fundaci\u00f3n SEPA. Actualmente es patrono de honor de dicha fundaci\u00f3n.\",\"sameAs\":[\"https:\/\/clinicavallcorba.com\",\"https:\/\/www.instagram.com\/clinicavallcorba?igsh=cWE4MjljazZnMzVy\",\"https:\/\/www.linkedin.com\/in\/nuria-vallcorba-plana-6434a642\/\"],\"url\":\"https:\/\/clinicavallcorba.com\/ca\/author\/nuria-vallcorba\/\"}]}<\/script>\n<!-- \/ Yoast SEO plugin. -->","yoast_head_json":{"title":"Recomanacions despr\u00e9s de tractament amb anest\u00e8sia dental","description":"En finalitzar el tractament, l'anest\u00e8sia continuar\u00e0 actuant durant algun temps. Per aix\u00f2 us recomanem que seguiu les pautes d'aquest post.","robots":{"index":"index","follow":"follow","max-snippet":"max-snippet:-1","max-image-preview":"max-image-preview:large","max-video-preview":"max-video-preview:-1"},"canonical":"https:\/\/clinicavallcorba.com\/ca\/recomanacions-despres-de-tractament-amb-anestesia-dental\/","og_locale":"ca_ES","og_type":"article","og_title":"Recomanacions despr\u00e9s de tractament amb anest\u00e8sia dental","og_description":"En finalitzar el tractament, l'anest\u00e8sia continuar\u00e0 actuant durant algun temps. Per aix\u00f2 us recomanem que seguiu les pautes d'aquest post.","og_url":"https:\/\/clinicavallcorba.com\/ca\/recomanacions-despres-de-tractament-amb-anestesia-dental\/","og_site_name":"Cl\u00ednica Vallcorba","article_published_time":"2023-01-31T09:04:41+00:00","article_modified_time":"2024-01-25T10:40:16+00:00","og_image":[{"width":577,"height":450,"url":"https:\/\/clinicavallcorba.com\/wp-content\/uploads\/recomendaciones-despues-de-tratamiento-con-anestesia-dental-d.webp","type":"image\/webp"}],"author":"Nuria Vallcorba","twitter_card":"summary_large_image","twitter_misc":{"Escrit per":"Nuria Vallcorba","Temps estimat de lectura":"2 minuts"},"schema":{"@context":"https:\/\/schema.org","@graph":[{"@type":"Article","@id":"https:\/\/clinicavallcorba.com\/ca\/recomanacions-despres-de-tractament-amb-anestesia-dental\/#article","isPartOf":{"@id":"https:\/\/clinicavallcorba.com\/ca\/recomanacions-despres-de-tractament-amb-anestesia-dental\/"},"author":{"name":"Nuria Vallcorba","@id":"https:\/\/clinicavallcorba.com\/ca\/#\/schema\/person\/864eb678a78ccbf1c6c41bbb09940583"},"headline":"Recomanacions despr\u00e9s de tractament amb anest\u00e8sia dental","datePublished":"2023-01-31T09:04:41+00:00","dateModified":"2024-01-25T10:40:16+00:00","mainEntityOfPage":{"@id":"https:\/\/clinicavallcorba.com\/ca\/recomanacions-despres-de-tractament-amb-anestesia-dental\/"},"wordCount":2369,"image":{"@id":"https:\/\/clinicavallcorba.com\/ca\/recomanacions-despres-de-tractament-amb-anestesia-dental\/#primaryimage"},"thumbnailUrl":"https:\/\/clinicavallcorba.com\/wp-content\/uploads\/recomendaciones-despues-de-tratamiento-con-anestesia-dental-d.webp","articleSection":["Informaci\u00f3 i recomanacions"],"inLanguage":"ca"},{"@type":"WebPage","@id":"https:\/\/clinicavallcorba.com\/ca\/recomanacions-despres-de-tractament-amb-anestesia-dental\/","url":"https:\/\/clinicavallcorba.com\/ca\/recomanacions-despres-de-tractament-amb-anestesia-dental\/","name":"Recomanacions despr\u00e9s de tractament amb anest\u00e8sia dental","isPartOf":{"@id":"https:\/\/clinicavallcorba.com\/ca\/#website"},"primaryImageOfPage":{"@id":"https:\/\/clinicavallcorba.com\/ca\/recomanacions-despres-de-tractament-amb-anestesia-dental\/#primaryimage"},"image":{"@id":"https:\/\/clinicavallcorba.com\/ca\/recomanacions-despres-de-tractament-amb-anestesia-dental\/#primaryimage"},"thumbnailUrl":"https:\/\/clinicavallcorba.com\/wp-content\/uploads\/recomendaciones-despues-de-tratamiento-con-anestesia-dental-d.webp","datePublished":"2023-01-31T09:04:41+00:00","dateModified":"2024-01-25T10:40:16+00:00","author":{"@id":"https:\/\/clinicavallcorba.com\/ca\/#\/schema\/person\/864eb678a78ccbf1c6c41bbb09940583"},"description":"En finalitzar el tractament, l'anest\u00e8sia continuar\u00e0 actuant durant algun temps. Per aix\u00f2 us recomanem que seguiu les pautes d'aquest post.","breadcrumb":{"@id":"https:\/\/clinicavallcorba.com\/ca\/recomanacions-despres-de-tractament-amb-anestesia-dental\/#breadcrumb"},"inLanguage":"ca","potentialAction":[{"@type":"ReadAction","target":["https:\/\/clinicavallcorba.com\/ca\/recomanacions-despres-de-tractament-amb-anestesia-dental\/"]}]},{"@type":"ImageObject","inLanguage":"ca","@id":"https:\/\/clinicavallcorba.com\/ca\/recomanacions-despres-de-tractament-amb-anestesia-dental\/#primaryimage","url":"https:\/\/clinicavallcorba.com\/wp-content\/uploads\/recomendaciones-despues-de-tratamiento-con-anestesia-dental-d.webp","contentUrl":"https:\/\/clinicavallcorba.com\/wp-content\/uploads\/recomendaciones-despues-de-tratamiento-con-anestesia-dental-d.webp","width":577,"height":450},{"@type":"BreadcrumbList","@id":"https:\/\/clinicavallcorba.com\/ca\/recomanacions-despres-de-tractament-amb-anestesia-dental\/#breadcrumb","itemListElement":[{"@type":"ListItem","position":1,"name":"Inici","item":"https:\/\/clinicavallcorba.com\/ca\/"},{"@type":"ListItem","position":2,"name":"Recomanacions despr\u00e9s de tractament amb anest\u00e8sia dental"}]},{"@type":"WebSite","@id":"https:\/\/clinicavallcorba.com\/ca\/#website","url":"https:\/\/clinicavallcorba.com\/ca\/","name":"Cl\u00ednica Vallcorba","description":"Cl\u00ednica dental","potentialAction":[{"@type":"SearchAction","target":{"@type":"EntryPoint","urlTemplate":"https:\/\/clinicavallcorba.com\/ca\/?s={search_term_string}"},"query-input":{"@type":"PropertyValueSpecification","valueRequired":true,"valueName":"search_term_string"}}],"inLanguage":"ca"},{"@type":"Person","@id":"https:\/\/clinicavallcorba.com\/ca\/#\/schema\/person\/864eb678a78ccbf1c6c41bbb09940583","name":"Nuria Vallcorba","description":"Nuria Vallcorba realiz\u00f3 sus estudios de medicina y cirug\u00eda en la Universidad aut\u00f3noma de Barcelona con calificaci\u00f3n de sobresaliente. Posteriormente se especializ\u00f3 en estomatolog\u00eda, realiz\u00f3 el master en Periodoncia y el doctorado en Odontolog\u00eda en la Universidad Complutense de Madrid, con calificaci\u00f3n cum laude por unanimidad. Ejerce desde 1990 pr\u00e1ctica cl\u00ednica de periodoncia e implantes en Barcelona. Dentro de la actividad cient\u00edfica cabe destacar, adem\u00e1s del doctorado, la publicaci\u00f3n de art\u00edculos en revistas y cap\u00edtulos en libros a nivel nacional e internacional. Ha sido directora de la revista Periodoncia, de la Sociedad espa\u00f1ola de Periodoncia. Es conferenciante sobre Periodoncia y consultor de diferentes organismos cient\u00edficos. Ha realizado actividad docente de Periodoncia desde 1989, tanto de pregrado como de postgrado, en la Universidad Complutense de Madrid, Universidad de California-Los Angeles, Universidad de Barcelona, Universitat internacional de Catalunya y actualmente imparte docencia en el master de Periodoncia de la Universidad de Valencia. Ha sido Presidente de la Societat Catalana d\u2019odontologia i estomatolog\u00eda de la Acad\u00e8mia de Ci\u00e8ncies M\u00e8diques de Catalunya i Balears y Presidente de la Sociedad Espa\u00f1ola de Periodoncia y osteointegraci\u00f3n y de la Fundaci\u00f3n SEPA. Actualmente es patrono de honor de dicha fundaci\u00f3n.","sameAs":["https:\/\/clinicavallcorba.com","https:\/\/www.instagram.com\/clinicavallcorba?igsh=cWE4MjljazZnMzVy","https:\/\/www.linkedin.com\/in\/nuria-vallcorba-plana-6434a642\/"],"url":"https:\/\/clinicavallcorba.com\/ca\/author\/nuria-vallcorba\/"}]}},"_links":{"self":[{"href":"https:\/\/clinicavallcorba.com\/ca\/wp-json\/wp\/v2\/posts\/3108","targetHints":{"allow":["GET"]}}],"collection":[{"href":"https:\/\/clinicavallcorba.com\/ca\/wp-json\/wp\/v2\/posts"}],"about":[{"href":"https:\/\/clinicavallcorba.com\/ca\/wp-json\/wp\/v2\/types\/post"}],"author":[{"embeddable":true,"href":"https:\/\/clinicavallcorba.com\/ca\/wp-json\/wp\/v2\/users\/1"}],"replies":[{"embeddable":true,"href":"https:\/\/clinicavallcorba.com\/ca\/wp-json\/wp\/v2\/comments?post=3108"}],"version-history":[{"count":0,"href":"https:\/\/clinicavallcorba.com\/ca\/wp-json\/wp\/v2\/posts\/3108\/revisions"}],"wp:featuredmedia":[{"embeddable":true,"href":"https:\/\/clinicavallcorba.com\/ca\/wp-json\/wp\/v2\/media\/2676"}],"wp:attachment":[{"href":"https:\/\/clinicavallcorba.com\/ca\/wp-json\/wp\/v2\/media?parent=3108"}],"wp:term":[{"taxonomy":"category","embeddable":true,"href":"https:\/\/clinicavallcorba.com\/ca\/wp-json\/wp\/v2\/categories?post=3108"},{"taxonomy":"post_tag","embeddable":true,"href":"https:\/\/clinicavallcorba.com\/ca\/wp-json\/wp\/v2\/tags?post=3108"}],"curies":[{"name":"wp","href":"https:\/\/api.w.org\/{rel}","templated":true}]}}