{"id":3118,"date":"2022-12-07T10:45:02","date_gmt":"2022-12-07T09:45:02","guid":{"rendered":"https:\/\/clinicavallcorba.com\/por-que-se-tinen-los-dientes\/"},"modified":"2024-01-25T11:46:15","modified_gmt":"2024-01-25T10:46:15","slug":"per-que-es-tenyeixen-les-dents","status":"publish","type":"post","link":"https:\/\/clinicavallcorba.com\/ca\/per-que-es-tenyeixen-les-dents\/","title":{"rendered":"Per qu\u00e8 es tenyeixen les dents?"},"content":{"rendered":"<div class=\"fusion-fullwidth fullwidth-box fusion-builder-row-1 fusion-flex-container has-pattern-background has-mask-background nonhundred-percent-fullwidth non-hundred-percent-height-scrolling\" style=\"--awb-border-radius-top-left:0px;--awb-border-radius-top-right:0px;--awb-border-radius-bottom-right:0px;--awb-border-radius-bottom-left:0px;--awb-flex-wrap:wrap;\" ><div class=\"fusion-builder-row fusion-row fusion-flex-align-items-flex-start fusion-flex-content-wrap\" style=\"max-width:1300px;margin-left: calc(-4% \/ 2 );margin-right: calc(-4% \/ 2 );\"><div class=\"fusion-layout-column fusion_builder_column fusion-builder-column-0 fusion_builder_column_1_2 1_2 fusion-flex-column\" style=\"--awb-bg-size:cover;--awb-width-large:50%;--awb-margin-top-large:0px;--awb-spacing-right-large:3.84%;--awb-margin-bottom-large:20px;--awb-spacing-left-large:3.84%;--awb-width-medium:50%;--awb-order-medium:0;--awb-spacing-right-medium:3.84%;--awb-spacing-left-medium:3.84%;--awb-width-small:100%;--awb-order-small:0;--awb-spacing-right-small:1.92%;--awb-spacing-left-small:1.92%;\"><div class=\"fusion-column-wrapper fusion-column-has-shadow fusion-flex-justify-content-flex-start fusion-content-layout-column\"><div class=\"fusion-image-element \" style=\"text-align:center;--awb-caption-title-font-family:var(--h2_typography-font-family);--awb-caption-title-font-weight:var(--h2_typography-font-weight);--awb-caption-title-font-style:var(--h2_typography-font-style);--awb-caption-title-size:var(--h2_typography-font-size);--awb-caption-title-transform:var(--h2_typography-text-transform);--awb-caption-title-line-height:var(--h2_typography-line-height);--awb-caption-title-letter-spacing:var(--h2_typography-letter-spacing);\"><span class=\" fusion-imageframe imageframe-none imageframe-1 hover-type-none\"><img decoding=\"async\" width=\"500\" height=\"500\" title=\"\u00bfPor qu\u00e9 se ti\u00f1en los dientes?\" src=\"https:\/\/clinicavallcorba.com\/wp-content\/uploads\/por-que-se-tinen-los-dientes.webp\" alt class=\"img-responsive wp-image-2680\" srcset=\"https:\/\/clinicavallcorba.com\/wp-content\/uploads\/por-que-se-tinen-los-dientes-200x200.webp 200w, https:\/\/clinicavallcorba.com\/wp-content\/uploads\/por-que-se-tinen-los-dientes-400x400.webp 400w, https:\/\/clinicavallcorba.com\/wp-content\/uploads\/por-que-se-tinen-los-dientes.webp 500w\" sizes=\"(max-width: 640px) 100vw, 500px\" \/><\/span><\/div><\/div><\/div><div class=\"fusion-layout-column fusion_builder_column fusion-builder-column-1 fusion_builder_column_1_2 1_2 fusion-flex-column\" style=\"--awb-bg-size:cover;--awb-width-large:50%;--awb-margin-top-large:0px;--awb-spacing-right-large:3.84%;--awb-margin-bottom-large:20px;--awb-spacing-left-large:3.84%;--awb-width-medium:50%;--awb-order-medium:0;--awb-spacing-right-medium:3.84%;--awb-spacing-left-medium:3.84%;--awb-width-small:100%;--awb-order-small:0;--awb-spacing-right-small:1.92%;--awb-spacing-left-small:1.92%;\"><div class=\"fusion-column-wrapper fusion-column-has-shadow fusion-flex-justify-content-flex-start fusion-content-layout-column\"><div class=\"fusion-text fusion-text-1\" style=\"--awb-content-alignment:justify;\"><p>Una gran part de la bellesa radica en un bonic somriure. Un dels seus elements essencials \u00e9s tenir unes dents blanques amb unes genives rosades.<\/p>\n<p>Per tenir el somriure desitjat, la primera premissa \u00e9s tenir salut bucal. Les dents amb c\u00e0ries tenen fosques taques, que avui dia poden ser tractades mitjan\u00e7ant la seva eliminaci\u00f3 i obturaci\u00f3 posterior amb resines de les mateixes caracter\u00edstiques est\u00e8tiques que la dent natural. I les dents han d\u2019estar emmarcades per unes genives que no estiguin ni inflades ni envermellides per la inflamaci\u00f3. Aquestes poden ser tractades eliminant els bacteris que han creat la inflamaci\u00f3. Sens dubte, la salut \u00e9s la primera premissa per a una boca bonica. Per\u00f2 hi ha altres aspectes que cal tenir en compte, com les tincions de la dent.<\/p>\n<p>El color de la dent \u00e9s diferent entre les diferents persones, tal com passa amb el color dels cabells o dels ulls, i canvia d\u2019una dent a l\u2019altra de la boca o fins i tot a la mateixa persona al llarg de la seva vida. Per\u00f2 aquest color es pot modificar. Hi ha tincions de la pr\u00f2pia dent, anomenades intr\u00ednseques, que tenen el seu origen a l\u2019interior de la pr\u00f2pia dent o formen part de la seva estructura i altres que s\u00f3n dip\u00f2sits amb color, anomenades extr\u00ednseques.<\/p>\n<\/div><\/div><\/div><div class=\"fusion-layout-column fusion_builder_column fusion-builder-column-2 fusion_builder_column_1_1 1_1 fusion-flex-column\" style=\"--awb-bg-size:cover;--awb-width-large:100%;--awb-margin-top-large:0px;--awb-spacing-right-large:1.92%;--awb-margin-bottom-large:20px;--awb-spacing-left-large:1.92%;--awb-width-medium:100%;--awb-order-medium:0;--awb-spacing-right-medium:1.92%;--awb-spacing-left-medium:1.92%;--awb-width-small:100%;--awb-order-small:0;--awb-spacing-right-small:1.92%;--awb-spacing-left-small:1.92%;\"><div class=\"fusion-column-wrapper fusion-column-has-shadow fusion-flex-justify-content-flex-start fusion-content-layout-column\"><div class=\"fusion-text fusion-text-2\" style=\"--awb-content-alignment:justify;\"><p>En primer lloc, parlarem de les\u00a0<strong>tincions extr\u00ednseques<\/strong>. \u00c9s important insistir que aquestes nom\u00e9s es produeixen si sobre la dent hi ha una pel\u00b7l\u00edcula a qu\u00e8 s\u2019adhereixen els productes pigmentants. Aquesta pel\u00b7l\u00edcula de base \u00e9s eliminable amb un efica\u00e7 raspallat dental, de manera que la primera prevenci\u00f3 per evitar les tincions ser\u00e0 tenir una correcta i continuada higiene dental.<\/p>\n<p>Sabem que hi ha determinats<strong>\u00a0h\u00e0bits o productes que tenen m\u00e9s possibilitat de produir canvi de color a les dents<\/strong>: aliments, tabac, medicacions i productes bacterians s\u00f3n els m\u00e9s freq\u00fcents.<\/p>\n<p>Entre els aliments m\u00e9s capa\u00e7os de crear tinci\u00f3 hi ha el te, el caf\u00e8, el vi negre i la cola. El seu \u00fas continuat acumula la coloraci\u00f3 especialment en superf\u00edcies llises de la dent. En el cas dels fumadors, la nicotina i el quitr\u00e0 s\u00f3n els que es dipositen sobre la dent, ja sigui tabac de cigarreta, pur o pipa. Es dipositen en qualsevol superf\u00edcie de la dent, encara que inicialment al coll. Hi ha tamb\u00e9 tincions met\u00e0l\u00b7liques. En alguns casos, s\u00f3n d\u2019origen laboral; en altres, per exemple, per prescripci\u00f3 m\u00e8dica, com ara suplements de ferro. El color de la tinci\u00f3 varia en funci\u00f3 del metall dipositat; aix\u00ed, el ferro la produeix de color bru, mentre que el coure verd\u00f3s, el potassi negre violaci i el nitrat de plata grisa.<\/p>\n<p>Amb certa freq\u00fc\u00e8ncia \u00e9s recomanat pel dentista l\u2019\u00fas de col\u00b7lutoris o gels amb clorhexidina. El seu \u00fas perllongat produeix tincions de color marr\u00f3. La concentraci\u00f3 del producte i la seva freq\u00fc\u00e8ncia i durada a l\u2019hora de fer-lo servir influeix en la intensitat de la coloraci\u00f3, sobretot associat a l\u2019\u00fas de dietes capaces de produir tincions.<\/p>\n<p>Tenen gran import\u00e0ncia, per la seva freq\u00fc\u00e8ncia, les\u00a0<strong>tincions per bacteris.<\/strong>\u00a0La tosca o t\u00e0rtar es diposita sobre la dent despr\u00e9s de la calcificaci\u00f3 de la placa bacteriana que no ha estat retirada efica\u00e7ment pel pacient amb el raspallat dental. Inicialment \u00e9s de color blanc groguenc, per\u00f2 posteriorment es pot tenyir per subst\u00e0ncies com el caf\u00e8 o el tabac. S\u2019acumulen amb m\u00e9s freq\u00fc\u00e8ncia a les dents anteroinferiores i als molars superiors. Aquests dip\u00f2sits de tosca endureixen adherits a la dent, per la qual cosa nom\u00e9s s\u00f3n eliminables pel professional. Per\u00f2 hi ha altres dip\u00f2sits d\u2019origen bacteri\u00e0 menys freq\u00fcents i igual de molestos, com els de color verd per la fenacina de bacteris i fongs, m\u00e9s freq\u00fcent en nens o adolescents; o tamb\u00e9 en nens, els de color taronja, sobretot al coll de les dents, en aquest cas eliminables amb un bon raspallat. Encara que no s\u00f3n exclusives de la inf\u00e0ncia, no \u00e9s infreq\u00fcent que els pares es preocupin per les tincions puntejades de color negre a la zona de la dent m\u00e9s propera a la geniva. S\u00f3n dip\u00f2sits de sals de ferro procedents de la dieta i metabolitzats pels bacteris bucals; aquestes s\u00f3n les m\u00e9s dif\u00edcils d\u2019eliminar amb el raspallat o amb el tractament a la consulta.<\/p>\n<\/div><div class=\"fusion-title title fusion-title-1 fusion-sep-none fusion-title-text fusion-title-size-three\"><h3 class=\"fusion-title-heading title-heading-left fusion-responsive-typography-calculated\" style=\"margin:0;--fontSize:31;line-height:var(--awb-custom_typography_1-line-height);\">La import\u00e0ncia del raspallat<\/h3><\/div><div class=\"fusion-text fusion-text-3\" style=\"--awb-content-alignment:justify;\"><p>Per evitar aquestes molestes coloracions sobre la dent hem de realitzar un raspallat correcte i hem de netejar les superf\u00edcies dentals entre les dents mitjan\u00e7ant seda dental o raspalls interdentals. Evitar tenir una pel\u00b7l\u00edcula on s\u2019adhereixin les subst\u00e0ncies colorants \u00e9s essencial. \u00c9s recomanable\u00a0<strong>no fer servir pastes abrasives<\/strong>, que deixarien una superf\u00edcie dental m\u00e9s rugosa on seria m\u00e9s f\u00e0cil el dip\u00f2sit de pigments.<\/p>\n<p>Quan ja s\u2019ha produ\u00eft la tinci\u00f3, la higiene dental professional al consultori aconsegueix eliminar-les. Un cop finalitzat, \u00e9s indispensable un\u00a0<strong>polit dental amb pasta de gra fi<\/strong>, que deixar\u00e0 una superf\u00edcie ben llisa. S\u2019haur\u00e0 d\u2019associar amb un canvi d\u2019h\u00e0bits, amb una higiene dental efica\u00e7 a casa i una reducci\u00f3 a l\u2019exposici\u00f3 als elements pigmentants capa\u00e7os de produir la tinci\u00f3.<\/p>\n<\/div><div class=\"fusion-title title fusion-title-2 fusion-sep-none fusion-title-text fusion-title-size-three\"><h3 class=\"fusion-title-heading title-heading-left fusion-responsive-typography-calculated\" style=\"margin:0;--fontSize:31;line-height:var(--awb-custom_typography_1-line-height);\">Coloraci\u00f3 intr\u00ednseca de la dent<\/h3><\/div><div class=\"fusion-text fusion-text-4\" style=\"--awb-content-alignment:justify;\"><p>En relaci\u00f3 amb la coloraci\u00f3 intr\u00ednseca de la dent pot ser fosca per diferents causes:<\/p>\n<p>\u2013 Coloraci\u00f3 durant l\u2019erupci\u00f3 de la dent, com en el cas de les fluorosis (ingesti\u00f3 de fluor en exc\u00e9s), haver pres tetraciclines a la inf\u00e0ncia, o les hipopl\u00e0sies d\u2019esmalt.<br \/>\n\u2013 Enfosquiment lligat a l\u2019edat.<br \/>\n\u2013 Posterior a traumatismes.<\/p>\n<p>En aquests casos, podem fer\u00a0<strong>blanquejaments dentals professionals no invasius<\/strong>, que us ajudaran a eliminar les taques i donar llum al vostre somriure. S\u2019utilitzen productes segurs que no afecten l\u2019estructura de l\u2019esmalt dental. Abans de res, realitzem un estudi previ per veure si les seves dents s\u00f3n aptes per realitzar el blanquejament dental, i el nostre professional us indicar\u00e0 el color m\u00e9s adequat, bonic i natural per a la seva dentadura.<\/p>\n<p>No dubteu a consultar-nos, per informar-vos del millor sistema de blanquejament si \u00e9s el cas.<\/p>\n<\/div><\/div><\/div><\/div><\/div>\n","protected":false},"excerpt":{"rendered":"","protected":false},"author":1,"featured_media":2681,"comment_status":"closed","ping_status":"closed","sticky":false,"template":"","format":"standard","meta":{"footnotes":""},"categories":[1],"tags":[],"class_list":["post-3118","post","type-post","status-publish","format-standard","has-post-thumbnail","hentry","category-informacio-i-recomanacions"],"yoast_head":"<!-- This site is optimized with the Yoast SEO plugin v26.7 - https:\/\/yoast.com\/wordpress\/plugins\/seo\/ -->\n<title>Per qu\u00e8 es tenyeixen les dents? | Cl\u00ednica Vallcorba<\/title>\n<meta name=\"description\" content=\"Una gran part de la bellesa rau en un bonic somriure. Un dels seus elements essencials \u00e9s tenir unes dents blanques amb unes genives rosades.\" \/>\n<meta name=\"robots\" content=\"index, follow, max-snippet:-1, max-image-preview:large, max-video-preview:-1\" \/>\n<link rel=\"canonical\" href=\"https:\/\/clinicavallcorba.com\/ca\/per-que-es-tenyeixen-les-dents\/\" \/>\n<meta property=\"og:locale\" content=\"ca_ES\" \/>\n<meta property=\"og:type\" content=\"article\" \/>\n<meta property=\"og:title\" content=\"Per qu\u00e8 es tenyeixen les dents? | Cl\u00ednica Vallcorba\" \/>\n<meta property=\"og:description\" content=\"Una gran part de la bellesa rau en un bonic somriure. Un dels seus elements essencials \u00e9s tenir unes dents blanques amb unes genives rosades.\" \/>\n<meta property=\"og:url\" content=\"https:\/\/clinicavallcorba.com\/ca\/per-que-es-tenyeixen-les-dents\/\" \/>\n<meta property=\"og:site_name\" content=\"Cl\u00ednica Vallcorba\" \/>\n<meta property=\"article:published_time\" content=\"2022-12-07T09:45:02+00:00\" \/>\n<meta property=\"article:modified_time\" content=\"2024-01-25T10:46:15+00:00\" \/>\n<meta property=\"og:image\" content=\"https:\/\/clinicavallcorba.com\/wp-content\/uploads\/por-que-se-tinen-los-dientes-d.webp\" \/>\n\t<meta property=\"og:image:width\" content=\"578\" \/>\n\t<meta property=\"og:image:height\" content=\"450\" \/>\n\t<meta property=\"og:image:type\" content=\"image\/webp\" \/>\n<meta name=\"author\" content=\"Nuria Vallcorba\" \/>\n<meta name=\"twitter:card\" content=\"summary_large_image\" \/>\n<meta name=\"twitter:label1\" content=\"Escrit per\" \/>\n\t<meta name=\"twitter:data1\" content=\"Nuria Vallcorba\" \/>\n\t<meta name=\"twitter:label2\" content=\"Temps estimat de lectura\" \/>\n\t<meta name=\"twitter:data2\" content=\"5 minuts\" \/>\n<script type=\"application\/ld+json\" class=\"yoast-schema-graph\">{\"@context\":\"https:\/\/schema.org\",\"@graph\":[{\"@type\":\"Article\",\"@id\":\"https:\/\/clinicavallcorba.com\/ca\/per-que-es-tenyeixen-les-dents\/#article\",\"isPartOf\":{\"@id\":\"https:\/\/clinicavallcorba.com\/ca\/per-que-es-tenyeixen-les-dents\/\"},\"author\":{\"name\":\"Nuria Vallcorba\",\"@id\":\"https:\/\/clinicavallcorba.com\/ca\/#\/schema\/person\/864eb678a78ccbf1c6c41bbb09940583\"},\"headline\":\"Per qu\u00e8 es tenyeixen les dents?\",\"datePublished\":\"2022-12-07T09:45:02+00:00\",\"dateModified\":\"2024-01-25T10:46:15+00:00\",\"mainEntityOfPage\":{\"@id\":\"https:\/\/clinicavallcorba.com\/ca\/per-que-es-tenyeixen-les-dents\/\"},\"wordCount\":3452,\"image\":{\"@id\":\"https:\/\/clinicavallcorba.com\/ca\/per-que-es-tenyeixen-les-dents\/#primaryimage\"},\"thumbnailUrl\":\"https:\/\/clinicavallcorba.com\/wp-content\/uploads\/por-que-se-tinen-los-dientes-d.webp\",\"articleSection\":[\"Informaci\u00f3 i recomanacions\"],\"inLanguage\":\"ca\"},{\"@type\":\"WebPage\",\"@id\":\"https:\/\/clinicavallcorba.com\/ca\/per-que-es-tenyeixen-les-dents\/\",\"url\":\"https:\/\/clinicavallcorba.com\/ca\/per-que-es-tenyeixen-les-dents\/\",\"name\":\"Per qu\u00e8 es tenyeixen les dents? | Cl\u00ednica Vallcorba\",\"isPartOf\":{\"@id\":\"https:\/\/clinicavallcorba.com\/ca\/#website\"},\"primaryImageOfPage\":{\"@id\":\"https:\/\/clinicavallcorba.com\/ca\/per-que-es-tenyeixen-les-dents\/#primaryimage\"},\"image\":{\"@id\":\"https:\/\/clinicavallcorba.com\/ca\/per-que-es-tenyeixen-les-dents\/#primaryimage\"},\"thumbnailUrl\":\"https:\/\/clinicavallcorba.com\/wp-content\/uploads\/por-que-se-tinen-los-dientes-d.webp\",\"datePublished\":\"2022-12-07T09:45:02+00:00\",\"dateModified\":\"2024-01-25T10:46:15+00:00\",\"author\":{\"@id\":\"https:\/\/clinicavallcorba.com\/ca\/#\/schema\/person\/864eb678a78ccbf1c6c41bbb09940583\"},\"description\":\"Una gran part de la bellesa rau en un bonic somriure. Un dels seus elements essencials \u00e9s tenir unes dents blanques amb unes genives rosades.\",\"breadcrumb\":{\"@id\":\"https:\/\/clinicavallcorba.com\/ca\/per-que-es-tenyeixen-les-dents\/#breadcrumb\"},\"inLanguage\":\"ca\",\"potentialAction\":[{\"@type\":\"ReadAction\",\"target\":[\"https:\/\/clinicavallcorba.com\/ca\/per-que-es-tenyeixen-les-dents\/\"]}]},{\"@type\":\"ImageObject\",\"inLanguage\":\"ca\",\"@id\":\"https:\/\/clinicavallcorba.com\/ca\/per-que-es-tenyeixen-les-dents\/#primaryimage\",\"url\":\"https:\/\/clinicavallcorba.com\/wp-content\/uploads\/por-que-se-tinen-los-dientes-d.webp\",\"contentUrl\":\"https:\/\/clinicavallcorba.com\/wp-content\/uploads\/por-que-se-tinen-los-dientes-d.webp\",\"width\":578,\"height\":450},{\"@type\":\"BreadcrumbList\",\"@id\":\"https:\/\/clinicavallcorba.com\/ca\/per-que-es-tenyeixen-les-dents\/#breadcrumb\",\"itemListElement\":[{\"@type\":\"ListItem\",\"position\":1,\"name\":\"Inici\",\"item\":\"https:\/\/clinicavallcorba.com\/ca\/\"},{\"@type\":\"ListItem\",\"position\":2,\"name\":\"Per qu\u00e8 es tenyeixen les dents?\"}]},{\"@type\":\"WebSite\",\"@id\":\"https:\/\/clinicavallcorba.com\/ca\/#website\",\"url\":\"https:\/\/clinicavallcorba.com\/ca\/\",\"name\":\"Cl\u00ednica Vallcorba\",\"description\":\"Cl\u00ednica dental\",\"potentialAction\":[{\"@type\":\"SearchAction\",\"target\":{\"@type\":\"EntryPoint\",\"urlTemplate\":\"https:\/\/clinicavallcorba.com\/ca\/?s={search_term_string}\"},\"query-input\":{\"@type\":\"PropertyValueSpecification\",\"valueRequired\":true,\"valueName\":\"search_term_string\"}}],\"inLanguage\":\"ca\"},{\"@type\":\"Person\",\"@id\":\"https:\/\/clinicavallcorba.com\/ca\/#\/schema\/person\/864eb678a78ccbf1c6c41bbb09940583\",\"name\":\"Nuria Vallcorba\",\"description\":\"Nuria Vallcorba realiz\u00f3 sus estudios de medicina y cirug\u00eda en la Universidad aut\u00f3noma de Barcelona con calificaci\u00f3n de sobresaliente. Posteriormente se especializ\u00f3 en estomatolog\u00eda, realiz\u00f3 el master en Periodoncia y el doctorado en Odontolog\u00eda en la Universidad Complutense de Madrid, con calificaci\u00f3n cum laude por unanimidad. Ejerce desde 1990 pr\u00e1ctica cl\u00ednica de periodoncia e implantes en Barcelona. Dentro de la actividad cient\u00edfica cabe destacar, adem\u00e1s del doctorado, la publicaci\u00f3n de art\u00edculos en revistas y cap\u00edtulos en libros a nivel nacional e internacional. Ha sido directora de la revista Periodoncia, de la Sociedad espa\u00f1ola de Periodoncia. Es conferenciante sobre Periodoncia y consultor de diferentes organismos cient\u00edficos. Ha realizado actividad docente de Periodoncia desde 1989, tanto de pregrado como de postgrado, en la Universidad Complutense de Madrid, Universidad de California-Los Angeles, Universidad de Barcelona, Universitat internacional de Catalunya y actualmente imparte docencia en el master de Periodoncia de la Universidad de Valencia. Ha sido Presidente de la Societat Catalana d\u2019odontologia i estomatolog\u00eda de la Acad\u00e8mia de Ci\u00e8ncies M\u00e8diques de Catalunya i Balears y Presidente de la Sociedad Espa\u00f1ola de Periodoncia y osteointegraci\u00f3n y de la Fundaci\u00f3n SEPA. Actualmente es patrono de honor de dicha fundaci\u00f3n.\",\"sameAs\":[\"https:\/\/clinicavallcorba.com\",\"https:\/\/www.instagram.com\/clinicavallcorba?igsh=cWE4MjljazZnMzVy\",\"https:\/\/www.linkedin.com\/in\/nuria-vallcorba-plana-6434a642\/\"],\"url\":\"https:\/\/clinicavallcorba.com\/ca\/author\/nuria-vallcorba\/\"}]}<\/script>\n<!-- \/ Yoast SEO plugin. -->","yoast_head_json":{"title":"Per qu\u00e8 es tenyeixen les dents? | Cl\u00ednica Vallcorba","description":"Una gran part de la bellesa rau en un bonic somriure. Un dels seus elements essencials \u00e9s tenir unes dents blanques amb unes genives rosades.","robots":{"index":"index","follow":"follow","max-snippet":"max-snippet:-1","max-image-preview":"max-image-preview:large","max-video-preview":"max-video-preview:-1"},"canonical":"https:\/\/clinicavallcorba.com\/ca\/per-que-es-tenyeixen-les-dents\/","og_locale":"ca_ES","og_type":"article","og_title":"Per qu\u00e8 es tenyeixen les dents? | Cl\u00ednica Vallcorba","og_description":"Una gran part de la bellesa rau en un bonic somriure. Un dels seus elements essencials \u00e9s tenir unes dents blanques amb unes genives rosades.","og_url":"https:\/\/clinicavallcorba.com\/ca\/per-que-es-tenyeixen-les-dents\/","og_site_name":"Cl\u00ednica Vallcorba","article_published_time":"2022-12-07T09:45:02+00:00","article_modified_time":"2024-01-25T10:46:15+00:00","og_image":[{"width":578,"height":450,"url":"https:\/\/clinicavallcorba.com\/wp-content\/uploads\/por-que-se-tinen-los-dientes-d.webp","type":"image\/webp"}],"author":"Nuria Vallcorba","twitter_card":"summary_large_image","twitter_misc":{"Escrit per":"Nuria Vallcorba","Temps estimat de lectura":"5 minuts"},"schema":{"@context":"https:\/\/schema.org","@graph":[{"@type":"Article","@id":"https:\/\/clinicavallcorba.com\/ca\/per-que-es-tenyeixen-les-dents\/#article","isPartOf":{"@id":"https:\/\/clinicavallcorba.com\/ca\/per-que-es-tenyeixen-les-dents\/"},"author":{"name":"Nuria Vallcorba","@id":"https:\/\/clinicavallcorba.com\/ca\/#\/schema\/person\/864eb678a78ccbf1c6c41bbb09940583"},"headline":"Per qu\u00e8 es tenyeixen les dents?","datePublished":"2022-12-07T09:45:02+00:00","dateModified":"2024-01-25T10:46:15+00:00","mainEntityOfPage":{"@id":"https:\/\/clinicavallcorba.com\/ca\/per-que-es-tenyeixen-les-dents\/"},"wordCount":3452,"image":{"@id":"https:\/\/clinicavallcorba.com\/ca\/per-que-es-tenyeixen-les-dents\/#primaryimage"},"thumbnailUrl":"https:\/\/clinicavallcorba.com\/wp-content\/uploads\/por-que-se-tinen-los-dientes-d.webp","articleSection":["Informaci\u00f3 i recomanacions"],"inLanguage":"ca"},{"@type":"WebPage","@id":"https:\/\/clinicavallcorba.com\/ca\/per-que-es-tenyeixen-les-dents\/","url":"https:\/\/clinicavallcorba.com\/ca\/per-que-es-tenyeixen-les-dents\/","name":"Per qu\u00e8 es tenyeixen les dents? | Cl\u00ednica Vallcorba","isPartOf":{"@id":"https:\/\/clinicavallcorba.com\/ca\/#website"},"primaryImageOfPage":{"@id":"https:\/\/clinicavallcorba.com\/ca\/per-que-es-tenyeixen-les-dents\/#primaryimage"},"image":{"@id":"https:\/\/clinicavallcorba.com\/ca\/per-que-es-tenyeixen-les-dents\/#primaryimage"},"thumbnailUrl":"https:\/\/clinicavallcorba.com\/wp-content\/uploads\/por-que-se-tinen-los-dientes-d.webp","datePublished":"2022-12-07T09:45:02+00:00","dateModified":"2024-01-25T10:46:15+00:00","author":{"@id":"https:\/\/clinicavallcorba.com\/ca\/#\/schema\/person\/864eb678a78ccbf1c6c41bbb09940583"},"description":"Una gran part de la bellesa rau en un bonic somriure. Un dels seus elements essencials \u00e9s tenir unes dents blanques amb unes genives rosades.","breadcrumb":{"@id":"https:\/\/clinicavallcorba.com\/ca\/per-que-es-tenyeixen-les-dents\/#breadcrumb"},"inLanguage":"ca","potentialAction":[{"@type":"ReadAction","target":["https:\/\/clinicavallcorba.com\/ca\/per-que-es-tenyeixen-les-dents\/"]}]},{"@type":"ImageObject","inLanguage":"ca","@id":"https:\/\/clinicavallcorba.com\/ca\/per-que-es-tenyeixen-les-dents\/#primaryimage","url":"https:\/\/clinicavallcorba.com\/wp-content\/uploads\/por-que-se-tinen-los-dientes-d.webp","contentUrl":"https:\/\/clinicavallcorba.com\/wp-content\/uploads\/por-que-se-tinen-los-dientes-d.webp","width":578,"height":450},{"@type":"BreadcrumbList","@id":"https:\/\/clinicavallcorba.com\/ca\/per-que-es-tenyeixen-les-dents\/#breadcrumb","itemListElement":[{"@type":"ListItem","position":1,"name":"Inici","item":"https:\/\/clinicavallcorba.com\/ca\/"},{"@type":"ListItem","position":2,"name":"Per qu\u00e8 es tenyeixen les dents?"}]},{"@type":"WebSite","@id":"https:\/\/clinicavallcorba.com\/ca\/#website","url":"https:\/\/clinicavallcorba.com\/ca\/","name":"Cl\u00ednica Vallcorba","description":"Cl\u00ednica dental","potentialAction":[{"@type":"SearchAction","target":{"@type":"EntryPoint","urlTemplate":"https:\/\/clinicavallcorba.com\/ca\/?s={search_term_string}"},"query-input":{"@type":"PropertyValueSpecification","valueRequired":true,"valueName":"search_term_string"}}],"inLanguage":"ca"},{"@type":"Person","@id":"https:\/\/clinicavallcorba.com\/ca\/#\/schema\/person\/864eb678a78ccbf1c6c41bbb09940583","name":"Nuria Vallcorba","description":"Nuria Vallcorba realiz\u00f3 sus estudios de medicina y cirug\u00eda en la Universidad aut\u00f3noma de Barcelona con calificaci\u00f3n de sobresaliente. Posteriormente se especializ\u00f3 en estomatolog\u00eda, realiz\u00f3 el master en Periodoncia y el doctorado en Odontolog\u00eda en la Universidad Complutense de Madrid, con calificaci\u00f3n cum laude por unanimidad. Ejerce desde 1990 pr\u00e1ctica cl\u00ednica de periodoncia e implantes en Barcelona. Dentro de la actividad cient\u00edfica cabe destacar, adem\u00e1s del doctorado, la publicaci\u00f3n de art\u00edculos en revistas y cap\u00edtulos en libros a nivel nacional e internacional. Ha sido directora de la revista Periodoncia, de la Sociedad espa\u00f1ola de Periodoncia. Es conferenciante sobre Periodoncia y consultor de diferentes organismos cient\u00edficos. Ha realizado actividad docente de Periodoncia desde 1989, tanto de pregrado como de postgrado, en la Universidad Complutense de Madrid, Universidad de California-Los Angeles, Universidad de Barcelona, Universitat internacional de Catalunya y actualmente imparte docencia en el master de Periodoncia de la Universidad de Valencia. Ha sido Presidente de la Societat Catalana d\u2019odontologia i estomatolog\u00eda de la Acad\u00e8mia de Ci\u00e8ncies M\u00e8diques de Catalunya i Balears y Presidente de la Sociedad Espa\u00f1ola de Periodoncia y osteointegraci\u00f3n y de la Fundaci\u00f3n SEPA. Actualmente es patrono de honor de dicha fundaci\u00f3n.","sameAs":["https:\/\/clinicavallcorba.com","https:\/\/www.instagram.com\/clinicavallcorba?igsh=cWE4MjljazZnMzVy","https:\/\/www.linkedin.com\/in\/nuria-vallcorba-plana-6434a642\/"],"url":"https:\/\/clinicavallcorba.com\/ca\/author\/nuria-vallcorba\/"}]}},"_links":{"self":[{"href":"https:\/\/clinicavallcorba.com\/ca\/wp-json\/wp\/v2\/posts\/3118","targetHints":{"allow":["GET"]}}],"collection":[{"href":"https:\/\/clinicavallcorba.com\/ca\/wp-json\/wp\/v2\/posts"}],"about":[{"href":"https:\/\/clinicavallcorba.com\/ca\/wp-json\/wp\/v2\/types\/post"}],"author":[{"embeddable":true,"href":"https:\/\/clinicavallcorba.com\/ca\/wp-json\/wp\/v2\/users\/1"}],"replies":[{"embeddable":true,"href":"https:\/\/clinicavallcorba.com\/ca\/wp-json\/wp\/v2\/comments?post=3118"}],"version-history":[{"count":0,"href":"https:\/\/clinicavallcorba.com\/ca\/wp-json\/wp\/v2\/posts\/3118\/revisions"}],"wp:featuredmedia":[{"embeddable":true,"href":"https:\/\/clinicavallcorba.com\/ca\/wp-json\/wp\/v2\/media\/2681"}],"wp:attachment":[{"href":"https:\/\/clinicavallcorba.com\/ca\/wp-json\/wp\/v2\/media?parent=3118"}],"wp:term":[{"taxonomy":"category","embeddable":true,"href":"https:\/\/clinicavallcorba.com\/ca\/wp-json\/wp\/v2\/categories?post=3118"},{"taxonomy":"post_tag","embeddable":true,"href":"https:\/\/clinicavallcorba.com\/ca\/wp-json\/wp\/v2\/tags?post=3118"}],"curies":[{"name":"wp","href":"https:\/\/api.w.org\/{rel}","templated":true}]}}