{"id":3175,"date":"2022-04-26T09:46:08","date_gmt":"2022-04-26T07:46:08","guid":{"rendered":"https:\/\/clinicavallcorba.com\/recomendaciones-para-cuidar-la-salud-bucal-antes-y-durante-el-tratamiento-con-radioterapia-y-quimioterapia\/"},"modified":"2024-01-25T12:32:47","modified_gmt":"2024-01-25T11:32:47","slug":"recomanacions-per-cuidar-la-salut-bucal-abans-i-durant-el-tractament-amb-radioterapia-i-quimioterapia","status":"publish","type":"post","link":"https:\/\/clinicavallcorba.com\/ca\/recomanacions-per-cuidar-la-salut-bucal-abans-i-durant-el-tractament-amb-radioterapia-i-quimioterapia\/","title":{"rendered":"Recomanacions per cuidar la salut bucal abans i durant el tractament amb radioter\u00e0pia i quimioter\u00e0pia"},"content":{"rendered":"<div class=\"fusion-fullwidth fullwidth-box fusion-builder-row-1 fusion-flex-container has-pattern-background has-mask-background nonhundred-percent-fullwidth non-hundred-percent-height-scrolling\" style=\"--awb-border-radius-top-left:0px;--awb-border-radius-top-right:0px;--awb-border-radius-bottom-right:0px;--awb-border-radius-bottom-left:0px;--awb-flex-wrap:wrap;\" ><div class=\"fusion-builder-row fusion-row fusion-flex-align-items-flex-start fusion-flex-content-wrap\" style=\"max-width:1300px;margin-left: calc(-4% \/ 2 );margin-right: calc(-4% \/ 2 );\"><div class=\"fusion-layout-column fusion_builder_column fusion-builder-column-0 fusion_builder_column_1_2 1_2 fusion-flex-column\" style=\"--awb-bg-size:cover;--awb-width-large:50%;--awb-margin-top-large:0px;--awb-spacing-right-large:3.84%;--awb-margin-bottom-large:20px;--awb-spacing-left-large:3.84%;--awb-width-medium:50%;--awb-order-medium:0;--awb-spacing-right-medium:3.84%;--awb-spacing-left-medium:3.84%;--awb-width-small:100%;--awb-order-small:0;--awb-spacing-right-small:1.92%;--awb-spacing-left-small:1.92%;\"><div class=\"fusion-column-wrapper fusion-column-has-shadow fusion-flex-justify-content-flex-start fusion-content-layout-column\"><div class=\"fusion-image-element \" style=\"text-align:center;--awb-caption-title-font-family:var(--h2_typography-font-family);--awb-caption-title-font-weight:var(--h2_typography-font-weight);--awb-caption-title-font-style:var(--h2_typography-font-style);--awb-caption-title-size:var(--h2_typography-font-size);--awb-caption-title-transform:var(--h2_typography-text-transform);--awb-caption-title-line-height:var(--h2_typography-line-height);--awb-caption-title-letter-spacing:var(--h2_typography-letter-spacing);\"><span class=\" fusion-imageframe imageframe-none imageframe-1 hover-type-none\"><img decoding=\"async\" width=\"500\" height=\"500\" title=\"Recomendaciones para cuidar la salud bucal antes y durante el tratamiento con radioterapia y quimioterapia\" src=\"https:\/\/clinicavallcorba.com\/wp-content\/uploads\/recomendaciones-para-cuidar-la-salud-bucal-antes-y-durante-el-tratamiento-con-radioterapia-y-quimioterapia-f.webp\" alt class=\"img-responsive wp-image-2706\" srcset=\"https:\/\/clinicavallcorba.com\/wp-content\/uploads\/recomendaciones-para-cuidar-la-salud-bucal-antes-y-durante-el-tratamiento-con-radioterapia-y-quimioterapia-f-200x200.webp 200w, https:\/\/clinicavallcorba.com\/wp-content\/uploads\/recomendaciones-para-cuidar-la-salud-bucal-antes-y-durante-el-tratamiento-con-radioterapia-y-quimioterapia-f-400x400.webp 400w, https:\/\/clinicavallcorba.com\/wp-content\/uploads\/recomendaciones-para-cuidar-la-salud-bucal-antes-y-durante-el-tratamiento-con-radioterapia-y-quimioterapia-f.webp 500w\" sizes=\"(max-width: 640px) 100vw, 500px\" \/><\/span><\/div><\/div><\/div><div class=\"fusion-layout-column fusion_builder_column fusion-builder-column-1 fusion_builder_column_1_2 1_2 fusion-flex-column\" style=\"--awb-bg-size:cover;--awb-width-large:50%;--awb-margin-top-large:0px;--awb-spacing-right-large:3.84%;--awb-margin-bottom-large:20px;--awb-spacing-left-large:3.84%;--awb-width-medium:50%;--awb-order-medium:0;--awb-spacing-right-medium:3.84%;--awb-spacing-left-medium:3.84%;--awb-width-small:100%;--awb-order-small:0;--awb-spacing-right-small:1.92%;--awb-spacing-left-small:1.92%;\"><div class=\"fusion-column-wrapper fusion-column-has-shadow fusion-flex-justify-content-flex-start fusion-content-layout-column\"><div class=\"fusion-text fusion-text-1\" style=\"--awb-content-alignment:justify;\"><p><em>26 de abril de 2022<\/em><\/p>\n<p>El c\u00e1ncer es una de las enfermedades m\u00e1s comunes en el mundo. A los problemas de salud general de los pacientes oncol\u00f3gicos pueden sumarse los de la boca, ya sea por la propia enfermedad o como consecuencia de los tratamientos recibidos.<\/p>\n<p>Una vez el paciente ha sido diagnosticado, lo ideal es hacer una exploraci\u00f3n bucal cl\u00ednica y radiogr\u00e1fica antes de empezar el tratamiento del c\u00e1ncer para evitar complicaciones durante el tratamiento. En esta revisi\u00f3n bucal se detectar\u00e1n posibles caries que pueden ser tratadas de manera simple. En caso de <strong>lesiones endod\u00f3nticas (de los nervios dentales) deber\u00e1 hacerse tratamiento para evitar que se agudicen durante el tratamiento oncol\u00f3gico<\/strong>, ya que \u00e9ste suele producir inmunosupresi\u00f3n. Tambi\u00e9n se realizar\u00e1 <strong>tratamiento de las enc\u00edas para eliminar su inflamaci\u00f3n, que puede aumentar durante el tratamiento<\/strong>. Si el paciente ha ido haciendo sus revisiones peri\u00f3dicas, suele ser suficiente una higiene dental profesional.<\/p>\n<\/div><\/div><\/div><div class=\"fusion-layout-column fusion_builder_column fusion-builder-column-2 fusion_builder_column_1_1 1_1 fusion-flex-column\" style=\"--awb-bg-size:cover;--awb-width-large:100%;--awb-margin-top-large:0px;--awb-spacing-right-large:1.92%;--awb-margin-bottom-large:20px;--awb-spacing-left-large:1.92%;--awb-width-medium:100%;--awb-order-medium:0;--awb-spacing-right-medium:1.92%;--awb-spacing-left-medium:1.92%;--awb-width-small:100%;--awb-order-small:0;--awb-spacing-right-small:1.92%;--awb-spacing-left-small:1.92%;\"><div class=\"fusion-column-wrapper fusion-column-has-shadow fusion-flex-justify-content-flex-start fusion-content-layout-column\"><div class=\"fusion-text fusion-text-2\" style=\"--awb-content-alignment:justify;\"><p>En caso de necesitarse extracciones o tratamientos complejos, se recomienda esperar entre 2 y 3 semanas a empezar el tratamiento del c\u00e1ncer, para que ya haya cicatrizado correctamente.<\/p>\n<p><strong>Durante el tratamiento de quimioterapia<\/strong> es necesario que el paciente siga haciendo la higiene bucal, a ser posible tres veces al d\u00eda y con dent\u00edfricos con alta concentraci\u00f3n de fl\u00faor, para reducir el riesgo de caries (suelen recomendarse pastas dentales con 1450 ppm de fl\u00faor).<\/p>\n<p>Durante el tratamiento oncol\u00f3gico pueden producirse llagas en la boca. Se recomienda <strong>enjuagarse con agua con sal y bicarbonato de manera habitual<\/strong>. En caso de dolor se pueden usar soluciones anest\u00e9sicas en forma de colutorio. En estos casos el onc\u00f3logo junto con el dentista podr\u00e1n ayudar a encontrar la mejor soluci\u00f3n de manera individualizada.<\/p>\n<p>Una vez acabado el tratamiento contra el c\u00e1ncer, recomendamos hacer una nueva revisi\u00f3n bucal, esperando, en lo posible, realizar el tratamiento dental al menos seis\/doce meses. En caso de deber realizarse antes, la consulta del dentista al onc\u00f3logo es esencial para conocer el estado de salud del paciente por la posible inmunosupresi\u00f3n que pueda existir.<\/p>\n<p>Las recomendaciones generales de cuidados bucales en el paciente oncol\u00f3gico son las siguientes:<\/p>\n<ol>\n<li>Siempre que sea posible, realice una <strong>revisi\u00f3n bucal antes de empezar el tratamiento de quimioterapia<\/strong>.<\/li>\n<li>Durante el tratamiento es especialmente importante realizar la higiene bucal, <strong>usando dent\u00edfricos fluorados<\/strong>. Recuerde la necesidad de usar seda dental cuidadosamente o cepillos interdentales.<\/li>\n<li><strong>Realice una visita al dentista cuando acabe el tratamiento oncol\u00f3gico<\/strong>.<\/li>\n<\/ol>\n<\/div><\/div><\/div><\/div><\/div>\n","protected":false},"excerpt":{"rendered":"","protected":false},"author":1,"featured_media":2705,"comment_status":"closed","ping_status":"closed","sticky":false,"template":"","format":"standard","meta":{"footnotes":""},"categories":[1],"tags":[],"class_list":["post-3175","post","type-post","status-publish","format-standard","has-post-thumbnail","hentry","category-informacio-i-recomanacions"],"yoast_head":"<!-- This site is optimized with the Yoast SEO plugin v26.7 - https:\/\/yoast.com\/wordpress\/plugins\/seo\/ -->\n<title>Recomanacions per cuidar la salut bucal abans i durant el tractament amb radioter\u00e0pia i quimioter\u00e0pia<\/title>\n<meta name=\"description\" content=\"Recomanacions per cuidar la salut bucal abans i durant el tractament amb radioter\u00e0pia i quimioter\u00e0pia\" \/>\n<meta name=\"robots\" content=\"index, follow, max-snippet:-1, max-image-preview:large, max-video-preview:-1\" \/>\n<link rel=\"canonical\" href=\"https:\/\/clinicavallcorba.com\/ca\/recomanacions-per-cuidar-la-salut-bucal-abans-i-durant-el-tractament-amb-radioterapia-i-quimioterapia\/\" \/>\n<meta property=\"og:locale\" content=\"ca_ES\" \/>\n<meta property=\"og:type\" content=\"article\" \/>\n<meta property=\"og:title\" content=\"Recomanacions per cuidar la salut bucal abans i durant el tractament amb radioter\u00e0pia i quimioter\u00e0pia\" \/>\n<meta property=\"og:description\" content=\"Recomanacions per cuidar la salut bucal abans i durant el tractament amb radioter\u00e0pia i quimioter\u00e0pia\" \/>\n<meta property=\"og:url\" content=\"https:\/\/clinicavallcorba.com\/ca\/recomanacions-per-cuidar-la-salut-bucal-abans-i-durant-el-tractament-amb-radioterapia-i-quimioterapia\/\" \/>\n<meta property=\"og:site_name\" content=\"Cl\u00ednica Vallcorba\" \/>\n<meta property=\"article:published_time\" content=\"2022-04-26T07:46:08+00:00\" \/>\n<meta property=\"article:modified_time\" content=\"2024-01-25T11:32:47+00:00\" \/>\n<meta property=\"og:image\" content=\"https:\/\/clinicavallcorba.com\/wp-content\/uploads\/recomendaciones-para-cuidar-la-salud-bucal-antes-y-durante-el-tratamiento-con-radioterapia-y-quimioterapia.webp\" \/>\n\t<meta property=\"og:image:width\" content=\"577\" \/>\n\t<meta property=\"og:image:height\" content=\"450\" \/>\n\t<meta property=\"og:image:type\" content=\"image\/webp\" \/>\n<meta name=\"author\" content=\"Nuria Vallcorba\" \/>\n<meta name=\"twitter:card\" content=\"summary_large_image\" \/>\n<meta name=\"twitter:label1\" content=\"Escrit per\" \/>\n\t<meta name=\"twitter:data1\" content=\"Nuria Vallcorba\" \/>\n\t<meta name=\"twitter:label2\" content=\"Temps estimat de lectura\" \/>\n\t<meta name=\"twitter:data2\" content=\"3 minuts\" \/>\n<script type=\"application\/ld+json\" class=\"yoast-schema-graph\">{\"@context\":\"https:\/\/schema.org\",\"@graph\":[{\"@type\":\"Article\",\"@id\":\"https:\/\/clinicavallcorba.com\/ca\/recomanacions-per-cuidar-la-salut-bucal-abans-i-durant-el-tractament-amb-radioterapia-i-quimioterapia\/#article\",\"isPartOf\":{\"@id\":\"https:\/\/clinicavallcorba.com\/ca\/recomanacions-per-cuidar-la-salut-bucal-abans-i-durant-el-tractament-amb-radioterapia-i-quimioterapia\/\"},\"author\":{\"name\":\"Nuria Vallcorba\",\"@id\":\"https:\/\/clinicavallcorba.com\/ca\/#\/schema\/person\/864eb678a78ccbf1c6c41bbb09940583\"},\"headline\":\"Recomanacions per cuidar la salut bucal abans i durant el tractament amb radioter\u00e0pia i quimioter\u00e0pia\",\"datePublished\":\"2022-04-26T07:46:08+00:00\",\"dateModified\":\"2024-01-25T11:32:47+00:00\",\"mainEntityOfPage\":{\"@id\":\"https:\/\/clinicavallcorba.com\/ca\/recomanacions-per-cuidar-la-salut-bucal-abans-i-durant-el-tractament-amb-radioterapia-i-quimioterapia\/\"},\"wordCount\":2238,\"image\":{\"@id\":\"https:\/\/clinicavallcorba.com\/ca\/recomanacions-per-cuidar-la-salut-bucal-abans-i-durant-el-tractament-amb-radioterapia-i-quimioterapia\/#primaryimage\"},\"thumbnailUrl\":\"https:\/\/clinicavallcorba.com\/wp-content\/uploads\/recomendaciones-para-cuidar-la-salud-bucal-antes-y-durante-el-tratamiento-con-radioterapia-y-quimioterapia.webp\",\"articleSection\":[\"Informaci\u00f3 i recomanacions\"],\"inLanguage\":\"ca\"},{\"@type\":\"WebPage\",\"@id\":\"https:\/\/clinicavallcorba.com\/ca\/recomanacions-per-cuidar-la-salut-bucal-abans-i-durant-el-tractament-amb-radioterapia-i-quimioterapia\/\",\"url\":\"https:\/\/clinicavallcorba.com\/ca\/recomanacions-per-cuidar-la-salut-bucal-abans-i-durant-el-tractament-amb-radioterapia-i-quimioterapia\/\",\"name\":\"Recomanacions per cuidar la salut bucal abans i durant el tractament amb radioter\u00e0pia i quimioter\u00e0pia\",\"isPartOf\":{\"@id\":\"https:\/\/clinicavallcorba.com\/ca\/#website\"},\"primaryImageOfPage\":{\"@id\":\"https:\/\/clinicavallcorba.com\/ca\/recomanacions-per-cuidar-la-salut-bucal-abans-i-durant-el-tractament-amb-radioterapia-i-quimioterapia\/#primaryimage\"},\"image\":{\"@id\":\"https:\/\/clinicavallcorba.com\/ca\/recomanacions-per-cuidar-la-salut-bucal-abans-i-durant-el-tractament-amb-radioterapia-i-quimioterapia\/#primaryimage\"},\"thumbnailUrl\":\"https:\/\/clinicavallcorba.com\/wp-content\/uploads\/recomendaciones-para-cuidar-la-salud-bucal-antes-y-durante-el-tratamiento-con-radioterapia-y-quimioterapia.webp\",\"datePublished\":\"2022-04-26T07:46:08+00:00\",\"dateModified\":\"2024-01-25T11:32:47+00:00\",\"author\":{\"@id\":\"https:\/\/clinicavallcorba.com\/ca\/#\/schema\/person\/864eb678a78ccbf1c6c41bbb09940583\"},\"description\":\"Recomanacions per cuidar la salut bucal abans i durant el tractament amb radioter\u00e0pia i quimioter\u00e0pia\",\"breadcrumb\":{\"@id\":\"https:\/\/clinicavallcorba.com\/ca\/recomanacions-per-cuidar-la-salut-bucal-abans-i-durant-el-tractament-amb-radioterapia-i-quimioterapia\/#breadcrumb\"},\"inLanguage\":\"ca\",\"potentialAction\":[{\"@type\":\"ReadAction\",\"target\":[\"https:\/\/clinicavallcorba.com\/ca\/recomanacions-per-cuidar-la-salut-bucal-abans-i-durant-el-tractament-amb-radioterapia-i-quimioterapia\/\"]}]},{\"@type\":\"ImageObject\",\"inLanguage\":\"ca\",\"@id\":\"https:\/\/clinicavallcorba.com\/ca\/recomanacions-per-cuidar-la-salut-bucal-abans-i-durant-el-tractament-amb-radioterapia-i-quimioterapia\/#primaryimage\",\"url\":\"https:\/\/clinicavallcorba.com\/wp-content\/uploads\/recomendaciones-para-cuidar-la-salud-bucal-antes-y-durante-el-tratamiento-con-radioterapia-y-quimioterapia.webp\",\"contentUrl\":\"https:\/\/clinicavallcorba.com\/wp-content\/uploads\/recomendaciones-para-cuidar-la-salud-bucal-antes-y-durante-el-tratamiento-con-radioterapia-y-quimioterapia.webp\",\"width\":577,\"height\":450},{\"@type\":\"BreadcrumbList\",\"@id\":\"https:\/\/clinicavallcorba.com\/ca\/recomanacions-per-cuidar-la-salut-bucal-abans-i-durant-el-tractament-amb-radioterapia-i-quimioterapia\/#breadcrumb\",\"itemListElement\":[{\"@type\":\"ListItem\",\"position\":1,\"name\":\"Inici\",\"item\":\"https:\/\/clinicavallcorba.com\/ca\/\"},{\"@type\":\"ListItem\",\"position\":2,\"name\":\"Recomanacions per cuidar la salut bucal abans i durant el tractament amb radioter\u00e0pia i quimioter\u00e0pia\"}]},{\"@type\":\"WebSite\",\"@id\":\"https:\/\/clinicavallcorba.com\/ca\/#website\",\"url\":\"https:\/\/clinicavallcorba.com\/ca\/\",\"name\":\"Cl\u00ednica Vallcorba\",\"description\":\"Cl\u00ednica dental\",\"potentialAction\":[{\"@type\":\"SearchAction\",\"target\":{\"@type\":\"EntryPoint\",\"urlTemplate\":\"https:\/\/clinicavallcorba.com\/ca\/?s={search_term_string}\"},\"query-input\":{\"@type\":\"PropertyValueSpecification\",\"valueRequired\":true,\"valueName\":\"search_term_string\"}}],\"inLanguage\":\"ca\"},{\"@type\":\"Person\",\"@id\":\"https:\/\/clinicavallcorba.com\/ca\/#\/schema\/person\/864eb678a78ccbf1c6c41bbb09940583\",\"name\":\"Nuria Vallcorba\",\"description\":\"Nuria Vallcorba realiz\u00f3 sus estudios de medicina y cirug\u00eda en la Universidad aut\u00f3noma de Barcelona con calificaci\u00f3n de sobresaliente. Posteriormente se especializ\u00f3 en estomatolog\u00eda, realiz\u00f3 el master en Periodoncia y el doctorado en Odontolog\u00eda en la Universidad Complutense de Madrid, con calificaci\u00f3n cum laude por unanimidad. Ejerce desde 1990 pr\u00e1ctica cl\u00ednica de periodoncia e implantes en Barcelona. Dentro de la actividad cient\u00edfica cabe destacar, adem\u00e1s del doctorado, la publicaci\u00f3n de art\u00edculos en revistas y cap\u00edtulos en libros a nivel nacional e internacional. Ha sido directora de la revista Periodoncia, de la Sociedad espa\u00f1ola de Periodoncia. Es conferenciante sobre Periodoncia y consultor de diferentes organismos cient\u00edficos. Ha realizado actividad docente de Periodoncia desde 1989, tanto de pregrado como de postgrado, en la Universidad Complutense de Madrid, Universidad de California-Los Angeles, Universidad de Barcelona, Universitat internacional de Catalunya y actualmente imparte docencia en el master de Periodoncia de la Universidad de Valencia. Ha sido Presidente de la Societat Catalana d\u2019odontologia i estomatolog\u00eda de la Acad\u00e8mia de Ci\u00e8ncies M\u00e8diques de Catalunya i Balears y Presidente de la Sociedad Espa\u00f1ola de Periodoncia y osteointegraci\u00f3n y de la Fundaci\u00f3n SEPA. Actualmente es patrono de honor de dicha fundaci\u00f3n.\",\"sameAs\":[\"https:\/\/clinicavallcorba.com\",\"https:\/\/www.instagram.com\/clinicavallcorba?igsh=cWE4MjljazZnMzVy\",\"https:\/\/www.linkedin.com\/in\/nuria-vallcorba-plana-6434a642\/\"],\"url\":\"https:\/\/clinicavallcorba.com\/ca\/author\/nuria-vallcorba\/\"}]}<\/script>\n<!-- \/ Yoast SEO plugin. -->","yoast_head_json":{"title":"Recomanacions per cuidar la salut bucal abans i durant el tractament amb radioter\u00e0pia i quimioter\u00e0pia","description":"Recomanacions per cuidar la salut bucal abans i durant el tractament amb radioter\u00e0pia i quimioter\u00e0pia","robots":{"index":"index","follow":"follow","max-snippet":"max-snippet:-1","max-image-preview":"max-image-preview:large","max-video-preview":"max-video-preview:-1"},"canonical":"https:\/\/clinicavallcorba.com\/ca\/recomanacions-per-cuidar-la-salut-bucal-abans-i-durant-el-tractament-amb-radioterapia-i-quimioterapia\/","og_locale":"ca_ES","og_type":"article","og_title":"Recomanacions per cuidar la salut bucal abans i durant el tractament amb radioter\u00e0pia i quimioter\u00e0pia","og_description":"Recomanacions per cuidar la salut bucal abans i durant el tractament amb radioter\u00e0pia i quimioter\u00e0pia","og_url":"https:\/\/clinicavallcorba.com\/ca\/recomanacions-per-cuidar-la-salut-bucal-abans-i-durant-el-tractament-amb-radioterapia-i-quimioterapia\/","og_site_name":"Cl\u00ednica Vallcorba","article_published_time":"2022-04-26T07:46:08+00:00","article_modified_time":"2024-01-25T11:32:47+00:00","og_image":[{"width":577,"height":450,"url":"https:\/\/clinicavallcorba.com\/wp-content\/uploads\/recomendaciones-para-cuidar-la-salud-bucal-antes-y-durante-el-tratamiento-con-radioterapia-y-quimioterapia.webp","type":"image\/webp"}],"author":"Nuria Vallcorba","twitter_card":"summary_large_image","twitter_misc":{"Escrit per":"Nuria Vallcorba","Temps estimat de lectura":"3 minuts"},"schema":{"@context":"https:\/\/schema.org","@graph":[{"@type":"Article","@id":"https:\/\/clinicavallcorba.com\/ca\/recomanacions-per-cuidar-la-salut-bucal-abans-i-durant-el-tractament-amb-radioterapia-i-quimioterapia\/#article","isPartOf":{"@id":"https:\/\/clinicavallcorba.com\/ca\/recomanacions-per-cuidar-la-salut-bucal-abans-i-durant-el-tractament-amb-radioterapia-i-quimioterapia\/"},"author":{"name":"Nuria Vallcorba","@id":"https:\/\/clinicavallcorba.com\/ca\/#\/schema\/person\/864eb678a78ccbf1c6c41bbb09940583"},"headline":"Recomanacions per cuidar la salut bucal abans i durant el tractament amb radioter\u00e0pia i quimioter\u00e0pia","datePublished":"2022-04-26T07:46:08+00:00","dateModified":"2024-01-25T11:32:47+00:00","mainEntityOfPage":{"@id":"https:\/\/clinicavallcorba.com\/ca\/recomanacions-per-cuidar-la-salut-bucal-abans-i-durant-el-tractament-amb-radioterapia-i-quimioterapia\/"},"wordCount":2238,"image":{"@id":"https:\/\/clinicavallcorba.com\/ca\/recomanacions-per-cuidar-la-salut-bucal-abans-i-durant-el-tractament-amb-radioterapia-i-quimioterapia\/#primaryimage"},"thumbnailUrl":"https:\/\/clinicavallcorba.com\/wp-content\/uploads\/recomendaciones-para-cuidar-la-salud-bucal-antes-y-durante-el-tratamiento-con-radioterapia-y-quimioterapia.webp","articleSection":["Informaci\u00f3 i recomanacions"],"inLanguage":"ca"},{"@type":"WebPage","@id":"https:\/\/clinicavallcorba.com\/ca\/recomanacions-per-cuidar-la-salut-bucal-abans-i-durant-el-tractament-amb-radioterapia-i-quimioterapia\/","url":"https:\/\/clinicavallcorba.com\/ca\/recomanacions-per-cuidar-la-salut-bucal-abans-i-durant-el-tractament-amb-radioterapia-i-quimioterapia\/","name":"Recomanacions per cuidar la salut bucal abans i durant el tractament amb radioter\u00e0pia i quimioter\u00e0pia","isPartOf":{"@id":"https:\/\/clinicavallcorba.com\/ca\/#website"},"primaryImageOfPage":{"@id":"https:\/\/clinicavallcorba.com\/ca\/recomanacions-per-cuidar-la-salut-bucal-abans-i-durant-el-tractament-amb-radioterapia-i-quimioterapia\/#primaryimage"},"image":{"@id":"https:\/\/clinicavallcorba.com\/ca\/recomanacions-per-cuidar-la-salut-bucal-abans-i-durant-el-tractament-amb-radioterapia-i-quimioterapia\/#primaryimage"},"thumbnailUrl":"https:\/\/clinicavallcorba.com\/wp-content\/uploads\/recomendaciones-para-cuidar-la-salud-bucal-antes-y-durante-el-tratamiento-con-radioterapia-y-quimioterapia.webp","datePublished":"2022-04-26T07:46:08+00:00","dateModified":"2024-01-25T11:32:47+00:00","author":{"@id":"https:\/\/clinicavallcorba.com\/ca\/#\/schema\/person\/864eb678a78ccbf1c6c41bbb09940583"},"description":"Recomanacions per cuidar la salut bucal abans i durant el tractament amb radioter\u00e0pia i quimioter\u00e0pia","breadcrumb":{"@id":"https:\/\/clinicavallcorba.com\/ca\/recomanacions-per-cuidar-la-salut-bucal-abans-i-durant-el-tractament-amb-radioterapia-i-quimioterapia\/#breadcrumb"},"inLanguage":"ca","potentialAction":[{"@type":"ReadAction","target":["https:\/\/clinicavallcorba.com\/ca\/recomanacions-per-cuidar-la-salut-bucal-abans-i-durant-el-tractament-amb-radioterapia-i-quimioterapia\/"]}]},{"@type":"ImageObject","inLanguage":"ca","@id":"https:\/\/clinicavallcorba.com\/ca\/recomanacions-per-cuidar-la-salut-bucal-abans-i-durant-el-tractament-amb-radioterapia-i-quimioterapia\/#primaryimage","url":"https:\/\/clinicavallcorba.com\/wp-content\/uploads\/recomendaciones-para-cuidar-la-salud-bucal-antes-y-durante-el-tratamiento-con-radioterapia-y-quimioterapia.webp","contentUrl":"https:\/\/clinicavallcorba.com\/wp-content\/uploads\/recomendaciones-para-cuidar-la-salud-bucal-antes-y-durante-el-tratamiento-con-radioterapia-y-quimioterapia.webp","width":577,"height":450},{"@type":"BreadcrumbList","@id":"https:\/\/clinicavallcorba.com\/ca\/recomanacions-per-cuidar-la-salut-bucal-abans-i-durant-el-tractament-amb-radioterapia-i-quimioterapia\/#breadcrumb","itemListElement":[{"@type":"ListItem","position":1,"name":"Inici","item":"https:\/\/clinicavallcorba.com\/ca\/"},{"@type":"ListItem","position":2,"name":"Recomanacions per cuidar la salut bucal abans i durant el tractament amb radioter\u00e0pia i quimioter\u00e0pia"}]},{"@type":"WebSite","@id":"https:\/\/clinicavallcorba.com\/ca\/#website","url":"https:\/\/clinicavallcorba.com\/ca\/","name":"Cl\u00ednica Vallcorba","description":"Cl\u00ednica dental","potentialAction":[{"@type":"SearchAction","target":{"@type":"EntryPoint","urlTemplate":"https:\/\/clinicavallcorba.com\/ca\/?s={search_term_string}"},"query-input":{"@type":"PropertyValueSpecification","valueRequired":true,"valueName":"search_term_string"}}],"inLanguage":"ca"},{"@type":"Person","@id":"https:\/\/clinicavallcorba.com\/ca\/#\/schema\/person\/864eb678a78ccbf1c6c41bbb09940583","name":"Nuria Vallcorba","description":"Nuria Vallcorba realiz\u00f3 sus estudios de medicina y cirug\u00eda en la Universidad aut\u00f3noma de Barcelona con calificaci\u00f3n de sobresaliente. Posteriormente se especializ\u00f3 en estomatolog\u00eda, realiz\u00f3 el master en Periodoncia y el doctorado en Odontolog\u00eda en la Universidad Complutense de Madrid, con calificaci\u00f3n cum laude por unanimidad. Ejerce desde 1990 pr\u00e1ctica cl\u00ednica de periodoncia e implantes en Barcelona. Dentro de la actividad cient\u00edfica cabe destacar, adem\u00e1s del doctorado, la publicaci\u00f3n de art\u00edculos en revistas y cap\u00edtulos en libros a nivel nacional e internacional. Ha sido directora de la revista Periodoncia, de la Sociedad espa\u00f1ola de Periodoncia. Es conferenciante sobre Periodoncia y consultor de diferentes organismos cient\u00edficos. Ha realizado actividad docente de Periodoncia desde 1989, tanto de pregrado como de postgrado, en la Universidad Complutense de Madrid, Universidad de California-Los Angeles, Universidad de Barcelona, Universitat internacional de Catalunya y actualmente imparte docencia en el master de Periodoncia de la Universidad de Valencia. Ha sido Presidente de la Societat Catalana d\u2019odontologia i estomatolog\u00eda de la Acad\u00e8mia de Ci\u00e8ncies M\u00e8diques de Catalunya i Balears y Presidente de la Sociedad Espa\u00f1ola de Periodoncia y osteointegraci\u00f3n y de la Fundaci\u00f3n SEPA. Actualmente es patrono de honor de dicha fundaci\u00f3n.","sameAs":["https:\/\/clinicavallcorba.com","https:\/\/www.instagram.com\/clinicavallcorba?igsh=cWE4MjljazZnMzVy","https:\/\/www.linkedin.com\/in\/nuria-vallcorba-plana-6434a642\/"],"url":"https:\/\/clinicavallcorba.com\/ca\/author\/nuria-vallcorba\/"}]}},"_links":{"self":[{"href":"https:\/\/clinicavallcorba.com\/ca\/wp-json\/wp\/v2\/posts\/3175","targetHints":{"allow":["GET"]}}],"collection":[{"href":"https:\/\/clinicavallcorba.com\/ca\/wp-json\/wp\/v2\/posts"}],"about":[{"href":"https:\/\/clinicavallcorba.com\/ca\/wp-json\/wp\/v2\/types\/post"}],"author":[{"embeddable":true,"href":"https:\/\/clinicavallcorba.com\/ca\/wp-json\/wp\/v2\/users\/1"}],"replies":[{"embeddable":true,"href":"https:\/\/clinicavallcorba.com\/ca\/wp-json\/wp\/v2\/comments?post=3175"}],"version-history":[{"count":0,"href":"https:\/\/clinicavallcorba.com\/ca\/wp-json\/wp\/v2\/posts\/3175\/revisions"}],"wp:featuredmedia":[{"embeddable":true,"href":"https:\/\/clinicavallcorba.com\/ca\/wp-json\/wp\/v2\/media\/2705"}],"wp:attachment":[{"href":"https:\/\/clinicavallcorba.com\/ca\/wp-json\/wp\/v2\/media?parent=3175"}],"wp:term":[{"taxonomy":"category","embeddable":true,"href":"https:\/\/clinicavallcorba.com\/ca\/wp-json\/wp\/v2\/categories?post=3175"},{"taxonomy":"post_tag","embeddable":true,"href":"https:\/\/clinicavallcorba.com\/ca\/wp-json\/wp\/v2\/tags?post=3175"}],"curies":[{"name":"wp","href":"https:\/\/api.w.org\/{rel}","templated":true}]}}