{"id":3185,"date":"2022-03-29T12:36:23","date_gmt":"2022-03-29T10:36:23","guid":{"rendered":"https:\/\/clinicavallcorba.com\/cambios-bucales-en-la-primavera\/"},"modified":"2024-01-25T12:33:56","modified_gmt":"2024-01-25T11:33:56","slug":"canvis-bucals-a-la-primavera","status":"publish","type":"post","link":"https:\/\/clinicavallcorba.com\/ca\/canvis-bucals-a-la-primavera\/","title":{"rendered":"Canvis bucals a la primavera"},"content":{"rendered":"<div class=\"fusion-fullwidth fullwidth-box fusion-builder-row-1 fusion-flex-container has-pattern-background has-mask-background nonhundred-percent-fullwidth non-hundred-percent-height-scrolling\" style=\"--awb-border-radius-top-left:0px;--awb-border-radius-top-right:0px;--awb-border-radius-bottom-right:0px;--awb-border-radius-bottom-left:0px;--awb-flex-wrap:wrap;\" ><div class=\"fusion-builder-row fusion-row fusion-flex-align-items-flex-start fusion-flex-content-wrap\" style=\"max-width:1300px;margin-left: calc(-4% \/ 2 );margin-right: calc(-4% \/ 2 );\"><div class=\"fusion-layout-column fusion_builder_column fusion-builder-column-0 fusion_builder_column_1_2 1_2 fusion-flex-column\" style=\"--awb-bg-size:cover;--awb-width-large:50%;--awb-margin-top-large:0px;--awb-spacing-right-large:3.84%;--awb-margin-bottom-large:20px;--awb-spacing-left-large:3.84%;--awb-width-medium:50%;--awb-order-medium:0;--awb-spacing-right-medium:3.84%;--awb-spacing-left-medium:3.84%;--awb-width-small:100%;--awb-order-small:0;--awb-spacing-right-small:1.92%;--awb-spacing-left-small:1.92%;\"><div class=\"fusion-column-wrapper fusion-column-has-shadow fusion-flex-justify-content-flex-start fusion-content-layout-column\"><div class=\"fusion-image-element \" style=\"text-align:center;--awb-caption-title-font-family:var(--h2_typography-font-family);--awb-caption-title-font-weight:var(--h2_typography-font-weight);--awb-caption-title-font-style:var(--h2_typography-font-style);--awb-caption-title-size:var(--h2_typography-font-size);--awb-caption-title-transform:var(--h2_typography-text-transform);--awb-caption-title-line-height:var(--h2_typography-line-height);--awb-caption-title-letter-spacing:var(--h2_typography-letter-spacing);\"><span class=\" fusion-imageframe imageframe-none imageframe-1 hover-type-none\"><img decoding=\"async\" width=\"500\" height=\"500\" title=\"Cambios bucales en la primavera &#8211; Cl\u00ednica Vallcorba\" src=\"https:\/\/clinicavallcorba.com\/wp-content\/uploads\/cambios-bucales-en-la-primavera.webp\" alt class=\"img-responsive wp-image-2709\" srcset=\"https:\/\/clinicavallcorba.com\/wp-content\/uploads\/cambios-bucales-en-la-primavera-200x200.webp 200w, https:\/\/clinicavallcorba.com\/wp-content\/uploads\/cambios-bucales-en-la-primavera-400x400.webp 400w, https:\/\/clinicavallcorba.com\/wp-content\/uploads\/cambios-bucales-en-la-primavera.webp 500w\" sizes=\"(max-width: 640px) 100vw, 500px\" \/><\/span><\/div><\/div><\/div><div class=\"fusion-layout-column fusion_builder_column fusion-builder-column-1 fusion_builder_column_1_2 1_2 fusion-flex-column\" style=\"--awb-bg-size:cover;--awb-width-large:50%;--awb-margin-top-large:0px;--awb-spacing-right-large:3.84%;--awb-margin-bottom-large:20px;--awb-spacing-left-large:3.84%;--awb-width-medium:50%;--awb-order-medium:0;--awb-spacing-right-medium:3.84%;--awb-spacing-left-medium:3.84%;--awb-width-small:100%;--awb-order-small:0;--awb-spacing-right-small:1.92%;--awb-spacing-left-small:1.92%;\"><div class=\"fusion-column-wrapper fusion-column-has-shadow fusion-flex-justify-content-flex-start fusion-content-layout-column\"><div class=\"fusion-text fusion-text-1\" style=\"--awb-content-alignment:justify;\"><p><em>29 de mar\u00e7 del 2022<\/em><\/p>\n<p>Els canvis estacionals tamb\u00e9 poden tenir conseq\u00fc\u00e8ncies a la boca.<\/p>\n<p>La primavera s\u2019associa sobretot a les\u00a0<strong>alteracions derivades de les rinitis al\u00b7l\u00e8rgiques primaverals.<\/strong><\/p>\n<p>La sinusitis al\u00b7l\u00e8rgica de vegades produeix dolor de les dents del maxil\u00b7lar superior d\u2019origen no dental. Les mol\u00e8sties es produeixen per l\u2019ac\u00famul de moc al si maxil\u00b7lar, que es troba immediatament per sobre dels queixals de l\u2019arcada superior. El dolor pot augmentar en canviar de posici\u00f3, per exemple, en tombar-se o incorporar-se.<\/p>\n<p>D\u2019altra banda, la congesti\u00f3 nasal moltes vegades obliga els al\u00b7l\u00e8rgics a respirar per la boca, amb la conseq\u00fcent sequedat bucal. A m\u00e9s, els f\u00e0rmacs antihistam\u00ednics que es fan servir per al seu tractament, afavoreixen tamb\u00e9 la reducci\u00f3 de saliva bucal, amb sensaci\u00f3 de boca seca (xerostomia) i augment dels bacteris bucals que afavoreixen la gingivitis i les c\u00e0ries.<\/p>\n<p>A la primavera, la major exposici\u00f3 al sol \u00e9s favorable i ajuda a augmentar els nivells de vitamina D.<\/p>\n<\/div><\/div><\/div><div class=\"fusion-layout-column fusion_builder_column fusion-builder-column-2 fusion_builder_column_1_1 1_1 fusion-flex-column\" style=\"--awb-bg-size:cover;--awb-width-large:100%;--awb-margin-top-large:0px;--awb-spacing-right-large:1.92%;--awb-margin-bottom-large:20px;--awb-spacing-left-large:1.92%;--awb-width-medium:100%;--awb-order-medium:0;--awb-spacing-right-medium:1.92%;--awb-spacing-left-medium:1.92%;--awb-width-small:100%;--awb-order-small:0;--awb-spacing-right-small:1.92%;--awb-spacing-left-small:1.92%;\"><div class=\"fusion-column-wrapper fusion-column-has-shadow fusion-flex-justify-content-flex-start fusion-content-layout-column\"><div class=\"fusion-text fusion-text-2\" style=\"--awb-content-alignment:justify;\"><p>Els nostres consells per a una boca saludable a la primavera s\u00f3n els seg\u00fcents:<\/p>\n<ol>\n<li><strong>Hidreu-vos b\u00e9.<\/strong>\u00a0L\u2019augment de temperatures fa que es necessiti m\u00e9s aigua.<br \/>\nEn els al\u00b7l\u00e8rgics prendre aigua servir\u00e0 per evitar l\u2019ac\u00famul de moc als pits maxil\u00b7lars, reduint la seva densitat.<br \/>\nTamb\u00e9 ser\u00e0 \u00fatil per evitar la boca seca, i afavorir que la saliva ens pugui protegir de l\u2019acumul de placa incrementat.<\/li>\n<li><strong>Seguiu una dieta saludable,<\/strong>\u00a0amb pocs hidrats de carboni, per reduir el risc de c\u00e0ries i per afavorir una bona defensa davant dels bacteris causants dels problemes de genives.<\/li>\n<li><strong>Raspalleu les dents almenys dues vegades<\/strong>\u00a0al dia durant dos minuts i recordeu netejar entre dent i dent amb seda dental o raspalls interdentals almenys una vegada al dia. La higiene \u00e9s especialment important quan es t\u00e9 la boca seca. No dubteu a ser constant.<\/li>\n<li><strong>Recordeu canviar el raspall a cada estaci\u00f3,<\/strong>\u00a0per a m\u00e9s efic\u00e0cia i per higiene. Als cap\u00e7als dels raspalls, al llarg del temps, poden proliferar g\u00e8rmens.<\/li>\n<li>Recordeu\u00a0<strong>netejar-se la llengua una vegada al dia<\/strong>. La reducci\u00f3 de la saliva tamb\u00e9 afavoreix l\u2019halitosi o el mal al\u00e8; per evitar-ho \u00e9s recomanable reduir la quantitat de bacteris que es troben al dors de la llengua.<\/li>\n<li><strong>Visiteu el vostre metge per al control de les al\u00b7l\u00e8rgies<\/strong>\u00a0que presenta i millorar els seus s\u00edmptomes i benestar, evitant tamb\u00e9 les mol\u00e8sties bucals.<\/li>\n<li>Recordeu aprofitar per\u00a0<strong>prendre fruites de temporada<\/strong>\u00a0com les cireres i les maduixes, amb antioxidants.<\/li>\n<li>\u00c9s recomanable\u00a0<strong>prendre el sol i fer exercici amb moderaci\u00f3<\/strong>. Recordeu aplicar protector solar als vostres llavis quan estigui a l\u2019aire lliure.<\/li>\n<li><strong>Visiteu el vostre dentista regularment.<\/strong>\u00a0Hi ha productes, com ara comprimits amb xilitol, que milloren la salivaci\u00f3 i us faran sentir m\u00e9s c\u00f2mode.<\/li>\n<\/ol>\n<\/div><\/div><\/div><\/div><\/div>\n","protected":false},"excerpt":{"rendered":"","protected":false},"author":1,"featured_media":2710,"comment_status":"closed","ping_status":"closed","sticky":false,"template":"","format":"standard","meta":{"footnotes":""},"categories":[1],"tags":[],"class_list":["post-3185","post","type-post","status-publish","format-standard","has-post-thumbnail","hentry","category-informacio-i-recomanacions"],"yoast_head":"<!-- This site is optimized with the Yoast SEO plugin v26.7 - https:\/\/yoast.com\/wordpress\/plugins\/seo\/ -->\n<title>Canvis bucals a la primavera | Cl\u00ednica Vallcorba<\/title>\n<meta name=\"description\" content=\"Els canvis estacionals tamb\u00e9 poden tenir conseq\u00fc\u00e8ncies a la boca. Aqu\u00ed t&#039;expliquem quins s\u00f3n i com mantenir-los sota control.\" \/>\n<meta name=\"robots\" content=\"index, follow, max-snippet:-1, max-image-preview:large, max-video-preview:-1\" \/>\n<link rel=\"canonical\" href=\"https:\/\/clinicavallcorba.com\/ca\/canvis-bucals-a-la-primavera\/\" \/>\n<meta property=\"og:locale\" content=\"ca_ES\" \/>\n<meta property=\"og:type\" content=\"article\" \/>\n<meta property=\"og:title\" content=\"Canvis bucals a la primavera | Cl\u00ednica Vallcorba\" \/>\n<meta property=\"og:description\" content=\"Els canvis estacionals tamb\u00e9 poden tenir conseq\u00fc\u00e8ncies a la boca. Aqu\u00ed t&#039;expliquem quins s\u00f3n i com mantenir-los sota control.\" \/>\n<meta property=\"og:url\" content=\"https:\/\/clinicavallcorba.com\/ca\/canvis-bucals-a-la-primavera\/\" \/>\n<meta property=\"og:site_name\" content=\"Cl\u00ednica Vallcorba\" \/>\n<meta property=\"article:published_time\" content=\"2022-03-29T10:36:23+00:00\" \/>\n<meta property=\"article:modified_time\" content=\"2024-01-25T11:33:56+00:00\" \/>\n<meta property=\"og:image\" content=\"https:\/\/clinicavallcorba.com\/wp-content\/uploads\/cambios-bucales-en-la-primavera-d.webp\" \/>\n\t<meta property=\"og:image:width\" content=\"577\" \/>\n\t<meta property=\"og:image:height\" content=\"450\" \/>\n\t<meta property=\"og:image:type\" content=\"image\/webp\" \/>\n<meta name=\"author\" content=\"Nuria Vallcorba\" \/>\n<meta name=\"twitter:card\" content=\"summary_large_image\" \/>\n<meta name=\"twitter:label1\" content=\"Escrit per\" \/>\n\t<meta name=\"twitter:data1\" content=\"Nuria Vallcorba\" \/>\n\t<meta name=\"twitter:label2\" content=\"Temps estimat de lectura\" \/>\n\t<meta name=\"twitter:data2\" content=\"3 minuts\" \/>\n<script type=\"application\/ld+json\" class=\"yoast-schema-graph\">{\"@context\":\"https:\/\/schema.org\",\"@graph\":[{\"@type\":\"Article\",\"@id\":\"https:\/\/clinicavallcorba.com\/ca\/canvis-bucals-a-la-primavera\/#article\",\"isPartOf\":{\"@id\":\"https:\/\/clinicavallcorba.com\/ca\/canvis-bucals-a-la-primavera\/\"},\"author\":{\"name\":\"Nuria Vallcorba\",\"@id\":\"https:\/\/clinicavallcorba.com\/ca\/#\/schema\/person\/864eb678a78ccbf1c6c41bbb09940583\"},\"headline\":\"Canvis bucals a la primavera\",\"datePublished\":\"2022-03-29T10:36:23+00:00\",\"dateModified\":\"2024-01-25T11:33:56+00:00\",\"mainEntityOfPage\":{\"@id\":\"https:\/\/clinicavallcorba.com\/ca\/canvis-bucals-a-la-primavera\/\"},\"wordCount\":2283,\"image\":{\"@id\":\"https:\/\/clinicavallcorba.com\/ca\/canvis-bucals-a-la-primavera\/#primaryimage\"},\"thumbnailUrl\":\"https:\/\/clinicavallcorba.com\/wp-content\/uploads\/cambios-bucales-en-la-primavera-d.webp\",\"articleSection\":[\"Informaci\u00f3 i recomanacions\"],\"inLanguage\":\"ca\"},{\"@type\":\"WebPage\",\"@id\":\"https:\/\/clinicavallcorba.com\/ca\/canvis-bucals-a-la-primavera\/\",\"url\":\"https:\/\/clinicavallcorba.com\/ca\/canvis-bucals-a-la-primavera\/\",\"name\":\"Canvis bucals a la primavera | Cl\u00ednica Vallcorba\",\"isPartOf\":{\"@id\":\"https:\/\/clinicavallcorba.com\/ca\/#website\"},\"primaryImageOfPage\":{\"@id\":\"https:\/\/clinicavallcorba.com\/ca\/canvis-bucals-a-la-primavera\/#primaryimage\"},\"image\":{\"@id\":\"https:\/\/clinicavallcorba.com\/ca\/canvis-bucals-a-la-primavera\/#primaryimage\"},\"thumbnailUrl\":\"https:\/\/clinicavallcorba.com\/wp-content\/uploads\/cambios-bucales-en-la-primavera-d.webp\",\"datePublished\":\"2022-03-29T10:36:23+00:00\",\"dateModified\":\"2024-01-25T11:33:56+00:00\",\"author\":{\"@id\":\"https:\/\/clinicavallcorba.com\/ca\/#\/schema\/person\/864eb678a78ccbf1c6c41bbb09940583\"},\"description\":\"Els canvis estacionals tamb\u00e9 poden tenir conseq\u00fc\u00e8ncies a la boca. Aqu\u00ed t'expliquem quins s\u00f3n i com mantenir-los sota control.\",\"breadcrumb\":{\"@id\":\"https:\/\/clinicavallcorba.com\/ca\/canvis-bucals-a-la-primavera\/#breadcrumb\"},\"inLanguage\":\"ca\",\"potentialAction\":[{\"@type\":\"ReadAction\",\"target\":[\"https:\/\/clinicavallcorba.com\/ca\/canvis-bucals-a-la-primavera\/\"]}]},{\"@type\":\"ImageObject\",\"inLanguage\":\"ca\",\"@id\":\"https:\/\/clinicavallcorba.com\/ca\/canvis-bucals-a-la-primavera\/#primaryimage\",\"url\":\"https:\/\/clinicavallcorba.com\/wp-content\/uploads\/cambios-bucales-en-la-primavera-d.webp\",\"contentUrl\":\"https:\/\/clinicavallcorba.com\/wp-content\/uploads\/cambios-bucales-en-la-primavera-d.webp\",\"width\":577,\"height\":450},{\"@type\":\"BreadcrumbList\",\"@id\":\"https:\/\/clinicavallcorba.com\/ca\/canvis-bucals-a-la-primavera\/#breadcrumb\",\"itemListElement\":[{\"@type\":\"ListItem\",\"position\":1,\"name\":\"Inici\",\"item\":\"https:\/\/clinicavallcorba.com\/ca\/\"},{\"@type\":\"ListItem\",\"position\":2,\"name\":\"Canvis bucals a la primavera\"}]},{\"@type\":\"WebSite\",\"@id\":\"https:\/\/clinicavallcorba.com\/ca\/#website\",\"url\":\"https:\/\/clinicavallcorba.com\/ca\/\",\"name\":\"Cl\u00ednica Vallcorba\",\"description\":\"Cl\u00ednica dental\",\"potentialAction\":[{\"@type\":\"SearchAction\",\"target\":{\"@type\":\"EntryPoint\",\"urlTemplate\":\"https:\/\/clinicavallcorba.com\/ca\/?s={search_term_string}\"},\"query-input\":{\"@type\":\"PropertyValueSpecification\",\"valueRequired\":true,\"valueName\":\"search_term_string\"}}],\"inLanguage\":\"ca\"},{\"@type\":\"Person\",\"@id\":\"https:\/\/clinicavallcorba.com\/ca\/#\/schema\/person\/864eb678a78ccbf1c6c41bbb09940583\",\"name\":\"Nuria Vallcorba\",\"description\":\"Nuria Vallcorba realiz\u00f3 sus estudios de medicina y cirug\u00eda en la Universidad aut\u00f3noma de Barcelona con calificaci\u00f3n de sobresaliente. Posteriormente se especializ\u00f3 en estomatolog\u00eda, realiz\u00f3 el master en Periodoncia y el doctorado en Odontolog\u00eda en la Universidad Complutense de Madrid, con calificaci\u00f3n cum laude por unanimidad. Ejerce desde 1990 pr\u00e1ctica cl\u00ednica de periodoncia e implantes en Barcelona. Dentro de la actividad cient\u00edfica cabe destacar, adem\u00e1s del doctorado, la publicaci\u00f3n de art\u00edculos en revistas y cap\u00edtulos en libros a nivel nacional e internacional. Ha sido directora de la revista Periodoncia, de la Sociedad espa\u00f1ola de Periodoncia. Es conferenciante sobre Periodoncia y consultor de diferentes organismos cient\u00edficos. Ha realizado actividad docente de Periodoncia desde 1989, tanto de pregrado como de postgrado, en la Universidad Complutense de Madrid, Universidad de California-Los Angeles, Universidad de Barcelona, Universitat internacional de Catalunya y actualmente imparte docencia en el master de Periodoncia de la Universidad de Valencia. Ha sido Presidente de la Societat Catalana d\u2019odontologia i estomatolog\u00eda de la Acad\u00e8mia de Ci\u00e8ncies M\u00e8diques de Catalunya i Balears y Presidente de la Sociedad Espa\u00f1ola de Periodoncia y osteointegraci\u00f3n y de la Fundaci\u00f3n SEPA. Actualmente es patrono de honor de dicha fundaci\u00f3n.\",\"sameAs\":[\"https:\/\/clinicavallcorba.com\",\"https:\/\/www.instagram.com\/clinicavallcorba?igsh=cWE4MjljazZnMzVy\",\"https:\/\/www.linkedin.com\/in\/nuria-vallcorba-plana-6434a642\/\"],\"url\":\"https:\/\/clinicavallcorba.com\/ca\/author\/nuria-vallcorba\/\"}]}<\/script>\n<!-- \/ Yoast SEO plugin. -->","yoast_head_json":{"title":"Canvis bucals a la primavera | Cl\u00ednica Vallcorba","description":"Els canvis estacionals tamb\u00e9 poden tenir conseq\u00fc\u00e8ncies a la boca. Aqu\u00ed t'expliquem quins s\u00f3n i com mantenir-los sota control.","robots":{"index":"index","follow":"follow","max-snippet":"max-snippet:-1","max-image-preview":"max-image-preview:large","max-video-preview":"max-video-preview:-1"},"canonical":"https:\/\/clinicavallcorba.com\/ca\/canvis-bucals-a-la-primavera\/","og_locale":"ca_ES","og_type":"article","og_title":"Canvis bucals a la primavera | Cl\u00ednica Vallcorba","og_description":"Els canvis estacionals tamb\u00e9 poden tenir conseq\u00fc\u00e8ncies a la boca. Aqu\u00ed t'expliquem quins s\u00f3n i com mantenir-los sota control.","og_url":"https:\/\/clinicavallcorba.com\/ca\/canvis-bucals-a-la-primavera\/","og_site_name":"Cl\u00ednica Vallcorba","article_published_time":"2022-03-29T10:36:23+00:00","article_modified_time":"2024-01-25T11:33:56+00:00","og_image":[{"width":577,"height":450,"url":"https:\/\/clinicavallcorba.com\/wp-content\/uploads\/cambios-bucales-en-la-primavera-d.webp","type":"image\/webp"}],"author":"Nuria Vallcorba","twitter_card":"summary_large_image","twitter_misc":{"Escrit per":"Nuria Vallcorba","Temps estimat de lectura":"3 minuts"},"schema":{"@context":"https:\/\/schema.org","@graph":[{"@type":"Article","@id":"https:\/\/clinicavallcorba.com\/ca\/canvis-bucals-a-la-primavera\/#article","isPartOf":{"@id":"https:\/\/clinicavallcorba.com\/ca\/canvis-bucals-a-la-primavera\/"},"author":{"name":"Nuria Vallcorba","@id":"https:\/\/clinicavallcorba.com\/ca\/#\/schema\/person\/864eb678a78ccbf1c6c41bbb09940583"},"headline":"Canvis bucals a la primavera","datePublished":"2022-03-29T10:36:23+00:00","dateModified":"2024-01-25T11:33:56+00:00","mainEntityOfPage":{"@id":"https:\/\/clinicavallcorba.com\/ca\/canvis-bucals-a-la-primavera\/"},"wordCount":2283,"image":{"@id":"https:\/\/clinicavallcorba.com\/ca\/canvis-bucals-a-la-primavera\/#primaryimage"},"thumbnailUrl":"https:\/\/clinicavallcorba.com\/wp-content\/uploads\/cambios-bucales-en-la-primavera-d.webp","articleSection":["Informaci\u00f3 i recomanacions"],"inLanguage":"ca"},{"@type":"WebPage","@id":"https:\/\/clinicavallcorba.com\/ca\/canvis-bucals-a-la-primavera\/","url":"https:\/\/clinicavallcorba.com\/ca\/canvis-bucals-a-la-primavera\/","name":"Canvis bucals a la primavera | Cl\u00ednica Vallcorba","isPartOf":{"@id":"https:\/\/clinicavallcorba.com\/ca\/#website"},"primaryImageOfPage":{"@id":"https:\/\/clinicavallcorba.com\/ca\/canvis-bucals-a-la-primavera\/#primaryimage"},"image":{"@id":"https:\/\/clinicavallcorba.com\/ca\/canvis-bucals-a-la-primavera\/#primaryimage"},"thumbnailUrl":"https:\/\/clinicavallcorba.com\/wp-content\/uploads\/cambios-bucales-en-la-primavera-d.webp","datePublished":"2022-03-29T10:36:23+00:00","dateModified":"2024-01-25T11:33:56+00:00","author":{"@id":"https:\/\/clinicavallcorba.com\/ca\/#\/schema\/person\/864eb678a78ccbf1c6c41bbb09940583"},"description":"Els canvis estacionals tamb\u00e9 poden tenir conseq\u00fc\u00e8ncies a la boca. Aqu\u00ed t'expliquem quins s\u00f3n i com mantenir-los sota control.","breadcrumb":{"@id":"https:\/\/clinicavallcorba.com\/ca\/canvis-bucals-a-la-primavera\/#breadcrumb"},"inLanguage":"ca","potentialAction":[{"@type":"ReadAction","target":["https:\/\/clinicavallcorba.com\/ca\/canvis-bucals-a-la-primavera\/"]}]},{"@type":"ImageObject","inLanguage":"ca","@id":"https:\/\/clinicavallcorba.com\/ca\/canvis-bucals-a-la-primavera\/#primaryimage","url":"https:\/\/clinicavallcorba.com\/wp-content\/uploads\/cambios-bucales-en-la-primavera-d.webp","contentUrl":"https:\/\/clinicavallcorba.com\/wp-content\/uploads\/cambios-bucales-en-la-primavera-d.webp","width":577,"height":450},{"@type":"BreadcrumbList","@id":"https:\/\/clinicavallcorba.com\/ca\/canvis-bucals-a-la-primavera\/#breadcrumb","itemListElement":[{"@type":"ListItem","position":1,"name":"Inici","item":"https:\/\/clinicavallcorba.com\/ca\/"},{"@type":"ListItem","position":2,"name":"Canvis bucals a la primavera"}]},{"@type":"WebSite","@id":"https:\/\/clinicavallcorba.com\/ca\/#website","url":"https:\/\/clinicavallcorba.com\/ca\/","name":"Cl\u00ednica Vallcorba","description":"Cl\u00ednica dental","potentialAction":[{"@type":"SearchAction","target":{"@type":"EntryPoint","urlTemplate":"https:\/\/clinicavallcorba.com\/ca\/?s={search_term_string}"},"query-input":{"@type":"PropertyValueSpecification","valueRequired":true,"valueName":"search_term_string"}}],"inLanguage":"ca"},{"@type":"Person","@id":"https:\/\/clinicavallcorba.com\/ca\/#\/schema\/person\/864eb678a78ccbf1c6c41bbb09940583","name":"Nuria Vallcorba","description":"Nuria Vallcorba realiz\u00f3 sus estudios de medicina y cirug\u00eda en la Universidad aut\u00f3noma de Barcelona con calificaci\u00f3n de sobresaliente. Posteriormente se especializ\u00f3 en estomatolog\u00eda, realiz\u00f3 el master en Periodoncia y el doctorado en Odontolog\u00eda en la Universidad Complutense de Madrid, con calificaci\u00f3n cum laude por unanimidad. Ejerce desde 1990 pr\u00e1ctica cl\u00ednica de periodoncia e implantes en Barcelona. Dentro de la actividad cient\u00edfica cabe destacar, adem\u00e1s del doctorado, la publicaci\u00f3n de art\u00edculos en revistas y cap\u00edtulos en libros a nivel nacional e internacional. Ha sido directora de la revista Periodoncia, de la Sociedad espa\u00f1ola de Periodoncia. Es conferenciante sobre Periodoncia y consultor de diferentes organismos cient\u00edficos. Ha realizado actividad docente de Periodoncia desde 1989, tanto de pregrado como de postgrado, en la Universidad Complutense de Madrid, Universidad de California-Los Angeles, Universidad de Barcelona, Universitat internacional de Catalunya y actualmente imparte docencia en el master de Periodoncia de la Universidad de Valencia. Ha sido Presidente de la Societat Catalana d\u2019odontologia i estomatolog\u00eda de la Acad\u00e8mia de Ci\u00e8ncies M\u00e8diques de Catalunya i Balears y Presidente de la Sociedad Espa\u00f1ola de Periodoncia y osteointegraci\u00f3n y de la Fundaci\u00f3n SEPA. Actualmente es patrono de honor de dicha fundaci\u00f3n.","sameAs":["https:\/\/clinicavallcorba.com","https:\/\/www.instagram.com\/clinicavallcorba?igsh=cWE4MjljazZnMzVy","https:\/\/www.linkedin.com\/in\/nuria-vallcorba-plana-6434a642\/"],"url":"https:\/\/clinicavallcorba.com\/ca\/author\/nuria-vallcorba\/"}]}},"_links":{"self":[{"href":"https:\/\/clinicavallcorba.com\/ca\/wp-json\/wp\/v2\/posts\/3185","targetHints":{"allow":["GET"]}}],"collection":[{"href":"https:\/\/clinicavallcorba.com\/ca\/wp-json\/wp\/v2\/posts"}],"about":[{"href":"https:\/\/clinicavallcorba.com\/ca\/wp-json\/wp\/v2\/types\/post"}],"author":[{"embeddable":true,"href":"https:\/\/clinicavallcorba.com\/ca\/wp-json\/wp\/v2\/users\/1"}],"replies":[{"embeddable":true,"href":"https:\/\/clinicavallcorba.com\/ca\/wp-json\/wp\/v2\/comments?post=3185"}],"version-history":[{"count":0,"href":"https:\/\/clinicavallcorba.com\/ca\/wp-json\/wp\/v2\/posts\/3185\/revisions"}],"wp:featuredmedia":[{"embeddable":true,"href":"https:\/\/clinicavallcorba.com\/ca\/wp-json\/wp\/v2\/media\/2710"}],"wp:attachment":[{"href":"https:\/\/clinicavallcorba.com\/ca\/wp-json\/wp\/v2\/media?parent=3185"}],"wp:term":[{"taxonomy":"category","embeddable":true,"href":"https:\/\/clinicavallcorba.com\/ca\/wp-json\/wp\/v2\/categories?post=3185"},{"taxonomy":"post_tag","embeddable":true,"href":"https:\/\/clinicavallcorba.com\/ca\/wp-json\/wp\/v2\/tags?post=3185"}],"curies":[{"name":"wp","href":"https:\/\/api.w.org\/{rel}","templated":true}]}}