{"id":3227,"date":"2021-10-06T13:39:42","date_gmt":"2021-10-06T11:39:42","guid":{"rendered":"https:\/\/clinicavallcorba.com\/puedo-ponerme-implantes-si-tengo-periodontitis\/"},"modified":"2026-01-16T12:59:47","modified_gmt":"2026-01-16T11:59:47","slug":"puc-posar-me-implants-si-tinc-periodontitis","status":"publish","type":"post","link":"https:\/\/clinicavallcorba.com\/ca\/puc-posar-me-implants-si-tinc-periodontitis\/","title":{"rendered":"Puc posar-me implants si tinc periodontitis?"},"content":{"rendered":"<div class=\"fusion-fullwidth fullwidth-box fusion-builder-row-1 fusion-flex-container has-pattern-background has-mask-background nonhundred-percent-fullwidth non-hundred-percent-height-scrolling\" style=\"--link_hover_color: var(--awb-color6);--link_color: var(--awb-color7);--awb-border-radius-top-left:0px;--awb-border-radius-top-right:0px;--awb-border-radius-bottom-right:0px;--awb-border-radius-bottom-left:0px;--awb-flex-wrap:wrap;\" ><div class=\"fusion-builder-row fusion-row fusion-flex-align-items-flex-start fusion-flex-content-wrap\" style=\"max-width:1300px;margin-left: calc(-4% \/ 2 );margin-right: calc(-4% \/ 2 );\"><div class=\"fusion-layout-column fusion_builder_column fusion-builder-column-0 fusion_builder_column_1_2 1_2 fusion-flex-column\" style=\"--awb-bg-size:cover;--awb-width-large:50%;--awb-margin-top-large:0px;--awb-spacing-right-large:3.84%;--awb-margin-bottom-large:20px;--awb-spacing-left-large:3.84%;--awb-width-medium:50%;--awb-order-medium:0;--awb-spacing-right-medium:3.84%;--awb-spacing-left-medium:3.84%;--awb-width-small:100%;--awb-order-small:0;--awb-spacing-right-small:1.92%;--awb-spacing-left-small:1.92%;\"><div class=\"fusion-column-wrapper fusion-column-has-shadow fusion-flex-justify-content-flex-start fusion-content-layout-column\"><div class=\"fusion-image-element \" style=\"text-align:center;--awb-caption-title-font-family:var(--h2_typography-font-family);--awb-caption-title-font-weight:var(--h2_typography-font-weight);--awb-caption-title-font-style:var(--h2_typography-font-style);--awb-caption-title-size:var(--h2_typography-font-size);--awb-caption-title-transform:var(--h2_typography-text-transform);--awb-caption-title-line-height:var(--h2_typography-line-height);--awb-caption-title-letter-spacing:var(--h2_typography-letter-spacing);\"><span class=\" fusion-imageframe imageframe-none imageframe-1 hover-type-none\"><img decoding=\"async\" width=\"474\" height=\"295\" alt=\"\u00bfPuedo ponerme implantes si tengo periodontitis? - Cl\u00ednica Vallcorba\" title=\"\u00bfPuedo ponerme implantes si tengo periodontitis? &#8211; Cl\u00ednica Vallcorba\" src=\"https:\/\/clinicavallcorba.com\/wp-content\/uploads\/puedo-ponerme-implantes-si-tengo-periodontitis.webp\" class=\"img-responsive wp-image-2727\" srcset=\"https:\/\/clinicavallcorba.com\/wp-content\/uploads\/puedo-ponerme-implantes-si-tengo-periodontitis-200x124.webp 200w, https:\/\/clinicavallcorba.com\/wp-content\/uploads\/puedo-ponerme-implantes-si-tengo-periodontitis-400x249.webp 400w, https:\/\/clinicavallcorba.com\/wp-content\/uploads\/puedo-ponerme-implantes-si-tengo-periodontitis.webp 474w\" sizes=\"(max-width: 640px) 100vw, 474px\" \/><\/span><\/div><\/div><\/div><div class=\"fusion-layout-column fusion_builder_column fusion-builder-column-1 fusion_builder_column_1_2 1_2 fusion-flex-column\" style=\"--awb-bg-size:cover;--awb-width-large:50%;--awb-margin-top-large:0px;--awb-spacing-right-large:3.84%;--awb-margin-bottom-large:20px;--awb-spacing-left-large:3.84%;--awb-width-medium:50%;--awb-order-medium:0;--awb-spacing-right-medium:3.84%;--awb-spacing-left-medium:3.84%;--awb-width-small:100%;--awb-order-small:0;--awb-spacing-right-small:1.92%;--awb-spacing-left-small:1.92%;\"><div class=\"fusion-column-wrapper fusion-column-has-shadow fusion-flex-justify-content-flex-start fusion-content-layout-column\"><div class=\"fusion-text fusion-text-1\" style=\"--awb-content-alignment:justify;--awb-margin-top:20px;\"><p><em>6 d\u2019octubre del 2021<\/em><\/p>\n<p>Els implants dentals tenen un alt \u00edndex d\u2019\u00e8xit i poden usar-se quan s\u2019han perdut dents naturals. No obstant aix\u00f2, poden tenir problemes al llarg del temps ja siguin mec\u00e0nics (trencament de pr\u00f2tesis o cargols que les fixen) ja siguin infecciosos \/ inflamatoris. Per aquest motiu, sempre intentem mantenir les dents naturals i, quan ja no hi ha opci\u00f3 i han de ser extretes, podem substituir-les amb pr\u00f2tesi sobre implants dentals.<\/p>\n<\/div><\/div><\/div><div class=\"fusion-layout-column fusion_builder_column fusion-builder-column-2 fusion_builder_column_1_1 1_1 fusion-flex-column\" style=\"--awb-bg-size:cover;--awb-width-large:100%;--awb-margin-top-large:0px;--awb-spacing-right-large:1.92%;--awb-margin-bottom-large:20px;--awb-spacing-left-large:1.92%;--awb-width-medium:100%;--awb-order-medium:0;--awb-spacing-right-medium:1.92%;--awb-spacing-left-medium:1.92%;--awb-width-small:100%;--awb-order-small:0;--awb-spacing-right-small:1.92%;--awb-spacing-left-small:1.92%;\"><div class=\"fusion-column-wrapper fusion-column-has-shadow fusion-flex-justify-content-flex-start fusion-content-layout-column\"><div class=\"fusion-text fusion-text-2\"><p>Una de les claus de l\u2019\u00e8xit dels implants \u00e9s col\u00b7locar-los \u00fanicament quan la boca est\u00e0 sana. \u00c9s a dir, si el candidat al tractament amb implants presenta periodontitis,\u00a0<strong>abans de comen\u00e7ar a restaurar les dents perdudes, hem de tractar les malalties de les genives<\/strong>. Patir malalties de les genives \u00e9s un factor de risc de malalties dels teixits que envolten l\u2019implant al llarg de el temps. Controlar els factors de risc abans de col\u00b7locar implants \u00e9s essencial.<\/p>\n<p>El diagn\u00f2stic espec\u00edfic de l\u2019estat de les genives abans del tractament amb implants \u00e9s important. Els pacients acostumen a no notar s\u00edmptomes de problemes de les genives; en algun cas han notat sagnat de genives, mal al\u00e8, retracci\u00f3 de genives, sensibilitat dental, per\u00f2 la major part de les vegades no \u00e9s conscient de tenir les genives malaltes. Per aix\u00f2,\u00a0<strong>\u00e9s fonamental que l\u2019odont\u00f2leg realitzi un periodontograma o mapa de la situaci\u00f3 de les genives que porta a un diagn\u00f2stic periodontal i al tractament de genives que pot requerir el pacient.<\/strong>\u00a0Aquest tractament s\u2019ha de fer abans de la col\u00b7locaci\u00f3 dels implants.<\/p>\n<p>Despr\u00e9s de la col\u00b7locaci\u00f3 i integraci\u00f3 dels implants ens hem de centrar en la prevenci\u00f3 de les malalties periimplantaries: no oblidi mantenir bones t\u00e8cniques d\u2019higiene oral, fer visites peri\u00f2diques de control amb l\u2019odont\u00f2leg que far\u00e0 controls cl\u00ednics i radiogr\u00e0fics dels seus implants, seguir el tractament peri\u00f2dic de genives de les dents que romanen a la boca i dels implants dentals.<\/p>\n<\/div><\/div><\/div><\/div><\/div>\n","protected":false},"excerpt":{"rendered":"","protected":false},"author":1,"featured_media":2756,"comment_status":"closed","ping_status":"closed","sticky":false,"template":"","format":"standard","meta":{"footnotes":""},"categories":[1],"tags":[],"class_list":["post-3227","post","type-post","status-publish","format-standard","has-post-thumbnail","hentry","category-informacio-i-recomanacions"],"yoast_head":"<!-- This site is optimized with the Yoast SEO plugin v26.7 - https:\/\/yoast.com\/wordpress\/plugins\/seo\/ -->\n<title>Puc posar-me implants si tinc periodontitis?<\/title>\n<meta name=\"description\" content=\"Puc posar-me implants si tinc periodontitis? Guia sobre condicions, tractament previ i factors que afecten l\u2019\u00e8xit dels implants dentals.\" \/>\n<meta name=\"robots\" content=\"index, follow, max-snippet:-1, max-image-preview:large, max-video-preview:-1\" \/>\n<link rel=\"canonical\" href=\"https:\/\/clinicavallcorba.com\/ca\/puc-posar-me-implants-si-tinc-periodontitis\/\" \/>\n<meta property=\"og:locale\" content=\"ca_ES\" \/>\n<meta property=\"og:type\" content=\"article\" \/>\n<meta property=\"og:title\" content=\"Puc posar-me implants si tinc periodontitis?\" \/>\n<meta property=\"og:description\" content=\"Puc posar-me implants si tinc periodontitis? Guia sobre condicions, tractament previ i factors que afecten l\u2019\u00e8xit dels implants dentals.\" \/>\n<meta property=\"og:url\" content=\"https:\/\/clinicavallcorba.com\/ca\/puc-posar-me-implants-si-tinc-periodontitis\/\" \/>\n<meta property=\"og:site_name\" content=\"Cl\u00ednica Vallcorba\" \/>\n<meta property=\"article:published_time\" content=\"2021-10-06T11:39:42+00:00\" \/>\n<meta property=\"article:modified_time\" content=\"2026-01-16T11:59:47+00:00\" \/>\n<meta property=\"og:image\" content=\"https:\/\/clinicavallcorba.com\/wp-content\/uploads\/Implantes-y-periodontitis.webp\" \/>\n\t<meta property=\"og:image:width\" content=\"595\" \/>\n\t<meta property=\"og:image:height\" content=\"463\" \/>\n\t<meta property=\"og:image:type\" content=\"image\/webp\" \/>\n<meta name=\"author\" content=\"Nuria Vallcorba\" \/>\n<meta name=\"twitter:card\" content=\"summary_large_image\" \/>\n<meta name=\"twitter:label1\" content=\"Escrit per\" \/>\n\t<meta name=\"twitter:data1\" content=\"Nuria Vallcorba\" \/>\n\t<meta name=\"twitter:label2\" content=\"Temps estimat de lectura\" \/>\n\t<meta name=\"twitter:data2\" content=\"2 minuts\" \/>\n<script type=\"application\/ld+json\" class=\"yoast-schema-graph\">{\"@context\":\"https:\/\/schema.org\",\"@graph\":[{\"@type\":\"Article\",\"@id\":\"https:\/\/clinicavallcorba.com\/ca\/puc-posar-me-implants-si-tinc-periodontitis\/#article\",\"isPartOf\":{\"@id\":\"https:\/\/clinicavallcorba.com\/ca\/puc-posar-me-implants-si-tinc-periodontitis\/\"},\"author\":{\"name\":\"Nuria Vallcorba\",\"@id\":\"https:\/\/clinicavallcorba.com\/ca\/#\/schema\/person\/864eb678a78ccbf1c6c41bbb09940583\"},\"headline\":\"Puc posar-me implants si tinc periodontitis?\",\"datePublished\":\"2021-10-06T11:39:42+00:00\",\"dateModified\":\"2026-01-16T11:59:47+00:00\",\"mainEntityOfPage\":{\"@id\":\"https:\/\/clinicavallcorba.com\/ca\/puc-posar-me-implants-si-tinc-periodontitis\/\"},\"wordCount\":2216,\"image\":{\"@id\":\"https:\/\/clinicavallcorba.com\/ca\/puc-posar-me-implants-si-tinc-periodontitis\/#primaryimage\"},\"thumbnailUrl\":\"https:\/\/clinicavallcorba.com\/wp-content\/uploads\/Implantes-y-periodontitis.webp\",\"articleSection\":[\"Informaci\u00f3 i recomanacions\"],\"inLanguage\":\"ca\"},{\"@type\":\"WebPage\",\"@id\":\"https:\/\/clinicavallcorba.com\/ca\/puc-posar-me-implants-si-tinc-periodontitis\/\",\"url\":\"https:\/\/clinicavallcorba.com\/ca\/puc-posar-me-implants-si-tinc-periodontitis\/\",\"name\":\"Puc posar-me implants si tinc periodontitis?\",\"isPartOf\":{\"@id\":\"https:\/\/clinicavallcorba.com\/ca\/#website\"},\"primaryImageOfPage\":{\"@id\":\"https:\/\/clinicavallcorba.com\/ca\/puc-posar-me-implants-si-tinc-periodontitis\/#primaryimage\"},\"image\":{\"@id\":\"https:\/\/clinicavallcorba.com\/ca\/puc-posar-me-implants-si-tinc-periodontitis\/#primaryimage\"},\"thumbnailUrl\":\"https:\/\/clinicavallcorba.com\/wp-content\/uploads\/Implantes-y-periodontitis.webp\",\"datePublished\":\"2021-10-06T11:39:42+00:00\",\"dateModified\":\"2026-01-16T11:59:47+00:00\",\"author\":{\"@id\":\"https:\/\/clinicavallcorba.com\/ca\/#\/schema\/person\/864eb678a78ccbf1c6c41bbb09940583\"},\"description\":\"Puc posar-me implants si tinc periodontitis? Guia sobre condicions, tractament previ i factors que afecten l\u2019\u00e8xit dels implants dentals.\",\"breadcrumb\":{\"@id\":\"https:\/\/clinicavallcorba.com\/ca\/puc-posar-me-implants-si-tinc-periodontitis\/#breadcrumb\"},\"inLanguage\":\"ca\",\"potentialAction\":[{\"@type\":\"ReadAction\",\"target\":[\"https:\/\/clinicavallcorba.com\/ca\/puc-posar-me-implants-si-tinc-periodontitis\/\"]}]},{\"@type\":\"ImageObject\",\"inLanguage\":\"ca\",\"@id\":\"https:\/\/clinicavallcorba.com\/ca\/puc-posar-me-implants-si-tinc-periodontitis\/#primaryimage\",\"url\":\"https:\/\/clinicavallcorba.com\/wp-content\/uploads\/Implantes-y-periodontitis.webp\",\"contentUrl\":\"https:\/\/clinicavallcorba.com\/wp-content\/uploads\/Implantes-y-periodontitis.webp\",\"width\":595,\"height\":463,\"caption\":\"Implantes y periodontitis\"},{\"@type\":\"BreadcrumbList\",\"@id\":\"https:\/\/clinicavallcorba.com\/ca\/puc-posar-me-implants-si-tinc-periodontitis\/#breadcrumb\",\"itemListElement\":[{\"@type\":\"ListItem\",\"position\":1,\"name\":\"Inici\",\"item\":\"https:\/\/clinicavallcorba.com\/ca\/\"},{\"@type\":\"ListItem\",\"position\":2,\"name\":\"Puc posar-me implants si tinc periodontitis?\"}]},{\"@type\":\"WebSite\",\"@id\":\"https:\/\/clinicavallcorba.com\/ca\/#website\",\"url\":\"https:\/\/clinicavallcorba.com\/ca\/\",\"name\":\"Cl\u00ednica Vallcorba\",\"description\":\"Cl\u00ednica dental\",\"potentialAction\":[{\"@type\":\"SearchAction\",\"target\":{\"@type\":\"EntryPoint\",\"urlTemplate\":\"https:\/\/clinicavallcorba.com\/ca\/?s={search_term_string}\"},\"query-input\":{\"@type\":\"PropertyValueSpecification\",\"valueRequired\":true,\"valueName\":\"search_term_string\"}}],\"inLanguage\":\"ca\"},{\"@type\":\"Person\",\"@id\":\"https:\/\/clinicavallcorba.com\/ca\/#\/schema\/person\/864eb678a78ccbf1c6c41bbb09940583\",\"name\":\"Nuria Vallcorba\",\"description\":\"Nuria Vallcorba realiz\u00f3 sus estudios de medicina y cirug\u00eda en la Universidad aut\u00f3noma de Barcelona con calificaci\u00f3n de sobresaliente. Posteriormente se especializ\u00f3 en estomatolog\u00eda, realiz\u00f3 el master en Periodoncia y el doctorado en Odontolog\u00eda en la Universidad Complutense de Madrid, con calificaci\u00f3n cum laude por unanimidad. Ejerce desde 1990 pr\u00e1ctica cl\u00ednica de periodoncia e implantes en Barcelona. Dentro de la actividad cient\u00edfica cabe destacar, adem\u00e1s del doctorado, la publicaci\u00f3n de art\u00edculos en revistas y cap\u00edtulos en libros a nivel nacional e internacional. Ha sido directora de la revista Periodoncia, de la Sociedad espa\u00f1ola de Periodoncia. Es conferenciante sobre Periodoncia y consultor de diferentes organismos cient\u00edficos. Ha realizado actividad docente de Periodoncia desde 1989, tanto de pregrado como de postgrado, en la Universidad Complutense de Madrid, Universidad de California-Los Angeles, Universidad de Barcelona, Universitat internacional de Catalunya y actualmente imparte docencia en el master de Periodoncia de la Universidad de Valencia. Ha sido Presidente de la Societat Catalana d\u2019odontologia i estomatolog\u00eda de la Acad\u00e8mia de Ci\u00e8ncies M\u00e8diques de Catalunya i Balears y Presidente de la Sociedad Espa\u00f1ola de Periodoncia y osteointegraci\u00f3n y de la Fundaci\u00f3n SEPA. Actualmente es patrono de honor de dicha fundaci\u00f3n.\",\"sameAs\":[\"https:\/\/clinicavallcorba.com\",\"https:\/\/www.instagram.com\/clinicavallcorba?igsh=cWE4MjljazZnMzVy\",\"https:\/\/www.linkedin.com\/in\/nuria-vallcorba-plana-6434a642\/\"],\"url\":\"https:\/\/clinicavallcorba.com\/ca\/author\/nuria-vallcorba\/\"}]}<\/script>\n<!-- \/ Yoast SEO plugin. -->","yoast_head_json":{"title":"Puc posar-me implants si tinc periodontitis?","description":"Puc posar-me implants si tinc periodontitis? Guia sobre condicions, tractament previ i factors que afecten l\u2019\u00e8xit dels implants dentals.","robots":{"index":"index","follow":"follow","max-snippet":"max-snippet:-1","max-image-preview":"max-image-preview:large","max-video-preview":"max-video-preview:-1"},"canonical":"https:\/\/clinicavallcorba.com\/ca\/puc-posar-me-implants-si-tinc-periodontitis\/","og_locale":"ca_ES","og_type":"article","og_title":"Puc posar-me implants si tinc periodontitis?","og_description":"Puc posar-me implants si tinc periodontitis? Guia sobre condicions, tractament previ i factors que afecten l\u2019\u00e8xit dels implants dentals.","og_url":"https:\/\/clinicavallcorba.com\/ca\/puc-posar-me-implants-si-tinc-periodontitis\/","og_site_name":"Cl\u00ednica Vallcorba","article_published_time":"2021-10-06T11:39:42+00:00","article_modified_time":"2026-01-16T11:59:47+00:00","og_image":[{"width":595,"height":463,"url":"https:\/\/clinicavallcorba.com\/wp-content\/uploads\/Implantes-y-periodontitis.webp","type":"image\/webp"}],"author":"Nuria Vallcorba","twitter_card":"summary_large_image","twitter_misc":{"Escrit per":"Nuria Vallcorba","Temps estimat de lectura":"2 minuts"},"schema":{"@context":"https:\/\/schema.org","@graph":[{"@type":"Article","@id":"https:\/\/clinicavallcorba.com\/ca\/puc-posar-me-implants-si-tinc-periodontitis\/#article","isPartOf":{"@id":"https:\/\/clinicavallcorba.com\/ca\/puc-posar-me-implants-si-tinc-periodontitis\/"},"author":{"name":"Nuria Vallcorba","@id":"https:\/\/clinicavallcorba.com\/ca\/#\/schema\/person\/864eb678a78ccbf1c6c41bbb09940583"},"headline":"Puc posar-me implants si tinc periodontitis?","datePublished":"2021-10-06T11:39:42+00:00","dateModified":"2026-01-16T11:59:47+00:00","mainEntityOfPage":{"@id":"https:\/\/clinicavallcorba.com\/ca\/puc-posar-me-implants-si-tinc-periodontitis\/"},"wordCount":2216,"image":{"@id":"https:\/\/clinicavallcorba.com\/ca\/puc-posar-me-implants-si-tinc-periodontitis\/#primaryimage"},"thumbnailUrl":"https:\/\/clinicavallcorba.com\/wp-content\/uploads\/Implantes-y-periodontitis.webp","articleSection":["Informaci\u00f3 i recomanacions"],"inLanguage":"ca"},{"@type":"WebPage","@id":"https:\/\/clinicavallcorba.com\/ca\/puc-posar-me-implants-si-tinc-periodontitis\/","url":"https:\/\/clinicavallcorba.com\/ca\/puc-posar-me-implants-si-tinc-periodontitis\/","name":"Puc posar-me implants si tinc periodontitis?","isPartOf":{"@id":"https:\/\/clinicavallcorba.com\/ca\/#website"},"primaryImageOfPage":{"@id":"https:\/\/clinicavallcorba.com\/ca\/puc-posar-me-implants-si-tinc-periodontitis\/#primaryimage"},"image":{"@id":"https:\/\/clinicavallcorba.com\/ca\/puc-posar-me-implants-si-tinc-periodontitis\/#primaryimage"},"thumbnailUrl":"https:\/\/clinicavallcorba.com\/wp-content\/uploads\/Implantes-y-periodontitis.webp","datePublished":"2021-10-06T11:39:42+00:00","dateModified":"2026-01-16T11:59:47+00:00","author":{"@id":"https:\/\/clinicavallcorba.com\/ca\/#\/schema\/person\/864eb678a78ccbf1c6c41bbb09940583"},"description":"Puc posar-me implants si tinc periodontitis? Guia sobre condicions, tractament previ i factors que afecten l\u2019\u00e8xit dels implants dentals.","breadcrumb":{"@id":"https:\/\/clinicavallcorba.com\/ca\/puc-posar-me-implants-si-tinc-periodontitis\/#breadcrumb"},"inLanguage":"ca","potentialAction":[{"@type":"ReadAction","target":["https:\/\/clinicavallcorba.com\/ca\/puc-posar-me-implants-si-tinc-periodontitis\/"]}]},{"@type":"ImageObject","inLanguage":"ca","@id":"https:\/\/clinicavallcorba.com\/ca\/puc-posar-me-implants-si-tinc-periodontitis\/#primaryimage","url":"https:\/\/clinicavallcorba.com\/wp-content\/uploads\/Implantes-y-periodontitis.webp","contentUrl":"https:\/\/clinicavallcorba.com\/wp-content\/uploads\/Implantes-y-periodontitis.webp","width":595,"height":463,"caption":"Implantes y periodontitis"},{"@type":"BreadcrumbList","@id":"https:\/\/clinicavallcorba.com\/ca\/puc-posar-me-implants-si-tinc-periodontitis\/#breadcrumb","itemListElement":[{"@type":"ListItem","position":1,"name":"Inici","item":"https:\/\/clinicavallcorba.com\/ca\/"},{"@type":"ListItem","position":2,"name":"Puc posar-me implants si tinc periodontitis?"}]},{"@type":"WebSite","@id":"https:\/\/clinicavallcorba.com\/ca\/#website","url":"https:\/\/clinicavallcorba.com\/ca\/","name":"Cl\u00ednica Vallcorba","description":"Cl\u00ednica dental","potentialAction":[{"@type":"SearchAction","target":{"@type":"EntryPoint","urlTemplate":"https:\/\/clinicavallcorba.com\/ca\/?s={search_term_string}"},"query-input":{"@type":"PropertyValueSpecification","valueRequired":true,"valueName":"search_term_string"}}],"inLanguage":"ca"},{"@type":"Person","@id":"https:\/\/clinicavallcorba.com\/ca\/#\/schema\/person\/864eb678a78ccbf1c6c41bbb09940583","name":"Nuria Vallcorba","description":"Nuria Vallcorba realiz\u00f3 sus estudios de medicina y cirug\u00eda en la Universidad aut\u00f3noma de Barcelona con calificaci\u00f3n de sobresaliente. Posteriormente se especializ\u00f3 en estomatolog\u00eda, realiz\u00f3 el master en Periodoncia y el doctorado en Odontolog\u00eda en la Universidad Complutense de Madrid, con calificaci\u00f3n cum laude por unanimidad. Ejerce desde 1990 pr\u00e1ctica cl\u00ednica de periodoncia e implantes en Barcelona. Dentro de la actividad cient\u00edfica cabe destacar, adem\u00e1s del doctorado, la publicaci\u00f3n de art\u00edculos en revistas y cap\u00edtulos en libros a nivel nacional e internacional. Ha sido directora de la revista Periodoncia, de la Sociedad espa\u00f1ola de Periodoncia. Es conferenciante sobre Periodoncia y consultor de diferentes organismos cient\u00edficos. Ha realizado actividad docente de Periodoncia desde 1989, tanto de pregrado como de postgrado, en la Universidad Complutense de Madrid, Universidad de California-Los Angeles, Universidad de Barcelona, Universitat internacional de Catalunya y actualmente imparte docencia en el master de Periodoncia de la Universidad de Valencia. Ha sido Presidente de la Societat Catalana d\u2019odontologia i estomatolog\u00eda de la Acad\u00e8mia de Ci\u00e8ncies M\u00e8diques de Catalunya i Balears y Presidente de la Sociedad Espa\u00f1ola de Periodoncia y osteointegraci\u00f3n y de la Fundaci\u00f3n SEPA. Actualmente es patrono de honor de dicha fundaci\u00f3n.","sameAs":["https:\/\/clinicavallcorba.com","https:\/\/www.instagram.com\/clinicavallcorba?igsh=cWE4MjljazZnMzVy","https:\/\/www.linkedin.com\/in\/nuria-vallcorba-plana-6434a642\/"],"url":"https:\/\/clinicavallcorba.com\/ca\/author\/nuria-vallcorba\/"}]}},"_links":{"self":[{"href":"https:\/\/clinicavallcorba.com\/ca\/wp-json\/wp\/v2\/posts\/3227","targetHints":{"allow":["GET"]}}],"collection":[{"href":"https:\/\/clinicavallcorba.com\/ca\/wp-json\/wp\/v2\/posts"}],"about":[{"href":"https:\/\/clinicavallcorba.com\/ca\/wp-json\/wp\/v2\/types\/post"}],"author":[{"embeddable":true,"href":"https:\/\/clinicavallcorba.com\/ca\/wp-json\/wp\/v2\/users\/1"}],"replies":[{"embeddable":true,"href":"https:\/\/clinicavallcorba.com\/ca\/wp-json\/wp\/v2\/comments?post=3227"}],"version-history":[{"count":2,"href":"https:\/\/clinicavallcorba.com\/ca\/wp-json\/wp\/v2\/posts\/3227\/revisions"}],"predecessor-version":[{"id":7234,"href":"https:\/\/clinicavallcorba.com\/ca\/wp-json\/wp\/v2\/posts\/3227\/revisions\/7234"}],"wp:featuredmedia":[{"embeddable":true,"href":"https:\/\/clinicavallcorba.com\/ca\/wp-json\/wp\/v2\/media\/2756"}],"wp:attachment":[{"href":"https:\/\/clinicavallcorba.com\/ca\/wp-json\/wp\/v2\/media?parent=3227"}],"wp:term":[{"taxonomy":"category","embeddable":true,"href":"https:\/\/clinicavallcorba.com\/ca\/wp-json\/wp\/v2\/categories?post=3227"},{"taxonomy":"post_tag","embeddable":true,"href":"https:\/\/clinicavallcorba.com\/ca\/wp-json\/wp\/v2\/tags?post=3227"}],"curies":[{"name":"wp","href":"https:\/\/api.w.org\/{rel}","templated":true}]}}