{"id":3288,"date":"2021-03-26T17:48:07","date_gmt":"2021-03-26T16:48:07","guid":{"rendered":"https:\/\/clinicavallcorba.com\/regeneracion-periodontal-con-emdogain\/"},"modified":"2024-01-25T13:46:33","modified_gmt":"2024-01-25T12:46:33","slug":"regeneracio-periodontal-amb-emdogain-directe-a-instagram","status":"publish","type":"post","link":"https:\/\/clinicavallcorba.com\/ca\/regeneracio-periodontal-amb-emdogain-directe-a-instagram\/","title":{"rendered":"Regeneraci\u00f3 periodontal amb Emdogain\u00ae &#8211; Directe a Instagram"},"content":{"rendered":"<div class=\"fusion-fullwidth fullwidth-box fusion-builder-row-1 fusion-flex-container has-pattern-background has-mask-background nonhundred-percent-fullwidth non-hundred-percent-height-scrolling\" style=\"--link_hover_color: var(--awb-color7);--link_color: var(--awb-color8);--awb-border-radius-top-left:0px;--awb-border-radius-top-right:0px;--awb-border-radius-bottom-right:0px;--awb-border-radius-bottom-left:0px;--awb-flex-wrap:wrap;\" ><div class=\"fusion-builder-row fusion-row fusion-flex-align-items-flex-start fusion-flex-justify-content-center fusion-flex-content-wrap\" style=\"max-width:1300px;margin-left: calc(-4% \/ 2 );margin-right: calc(-4% \/ 2 );\"><div class=\"fusion-layout-column fusion_builder_column fusion-builder-column-0 fusion_builder_column_1_2 1_2 fusion-flex-column\" style=\"--awb-bg-size:cover;--awb-width-large:50%;--awb-margin-top-large:0px;--awb-spacing-right-large:3.84%;--awb-margin-bottom-large:20px;--awb-spacing-left-large:3.84%;--awb-width-medium:50%;--awb-order-medium:0;--awb-spacing-right-medium:3.84%;--awb-spacing-left-medium:3.84%;--awb-width-small:100%;--awb-order-small:0;--awb-spacing-right-small:1.92%;--awb-spacing-left-small:1.92%;\"><div class=\"fusion-column-wrapper fusion-column-has-shadow fusion-flex-justify-content-flex-start fusion-content-layout-column\"><div class=\"fusion-title title fusion-title-1 fusion-sep-none fusion-title-text fusion-title-size-three\"><h3 class=\"fusion-title-heading title-heading-left fusion-responsive-typography-calculated\" style=\"margin:0;--fontSize:31;line-height:var(--awb-custom_typography_1-line-height);\">Regeneraci\u00f3 periodontal amb Emdogain\u00ae<\/h3><\/div><div class=\"fusion-text fusion-text-1\" style=\"--awb-content-alignment:justify;\"><p><strong>26 de mar\u00e7 de 2021<\/strong><\/p>\n<p>La Dra. Vallcorba i la Dra. Laurence Adriaens van oferir el passat 22 d\u2019abril un directe a Instagram sota el tema \u201c<strong>L\u2019\u00fas de Emdogain\u00ae en la pr\u00e0ctica di\u00e0ria<\/strong>\u201c.<\/p>\n<p>Recuperem aquesta extensa entrevista sobre les possibilitats de regeneraci\u00f3 periodontal que ofereix aquest compost biol\u00f2gic. Emdogain\u00ae \u00e9s un producte desenvolupat per estimular els processos de regeneraci\u00f3 i cicatritzaci\u00f3 en teixits tous.<\/p>\n<\/div><\/div><\/div><div class=\"fusion-layout-column fusion_builder_column fusion-builder-column-1 fusion_builder_column_1_2 1_2 fusion-flex-column\" style=\"--awb-bg-size:cover;--awb-width-large:50%;--awb-margin-top-large:0px;--awb-spacing-right-large:3.84%;--awb-margin-bottom-large:20px;--awb-spacing-left-large:3.84%;--awb-width-medium:50%;--awb-order-medium:0;--awb-spacing-right-medium:3.84%;--awb-spacing-left-medium:3.84%;--awb-width-small:100%;--awb-order-small:0;--awb-spacing-right-small:1.92%;--awb-spacing-left-small:1.92%;\"><div class=\"fusion-column-wrapper fusion-column-has-shadow fusion-flex-justify-content-flex-start fusion-content-layout-column\"><div class=\"fusion-video fusion-selfhosted-video\" style=\"max-width:100%;\"><div class=\"video-wrapper\"><video playsinline=\"true\" width=\"100%\" style=\"object-fit: cover;\" muted=\"true\" poster=\"https:\/\/clinicavallcorba.com\/wp-content\/uploads\/tratamiento-periodontal-con-emdogain-directo-en-instagram.webp\" preload=\"auto\" controls=\"1\"><source src=\"\/video\/kool-video-vallcorbarecortado.mp4\" type=\"video\/mp4\">Sorry, your browser doesn&#039;t support embedded videos.<\/video><\/div><\/div><\/div><\/div><\/div><\/div>\n","protected":false},"excerpt":{"rendered":"","protected":false},"author":1,"featured_media":2605,"comment_status":"closed","ping_status":"closed","sticky":false,"template":"","format":"standard","meta":{"footnotes":""},"categories":[27],"tags":[],"class_list":["post-3288","post","type-post","status-publish","format-standard","has-post-thumbnail","hentry","category-noticies-de-la-clinica"],"yoast_head":"<!-- This site is optimized with the Yoast SEO plugin v26.7 - https:\/\/yoast.com\/wordpress\/plugins\/seo\/ -->\n<title>Regeneraci\u00f3 periodontal amb Emdogain\u00ae - Directe a Instagram<\/title>\n<meta name=\"description\" content=\"Consulteu el directe a Instagram sobre regeneraci\u00f3 periodontal amb Emdogain\u00ae de la Dra. Vallcorba i la Dra. Laurence Adriaens.\" \/>\n<meta name=\"robots\" content=\"index, follow, max-snippet:-1, max-image-preview:large, max-video-preview:-1\" \/>\n<link rel=\"canonical\" href=\"https:\/\/clinicavallcorba.com\/ca\/regeneracio-periodontal-amb-emdogain-directe-a-instagram\/\" \/>\n<meta property=\"og:locale\" content=\"ca_ES\" \/>\n<meta property=\"og:type\" content=\"article\" \/>\n<meta property=\"og:title\" content=\"Regeneraci\u00f3 periodontal amb Emdogain\u00ae - Directe a Instagram\" \/>\n<meta property=\"og:description\" content=\"Consulteu el directe a Instagram sobre regeneraci\u00f3 periodontal amb Emdogain\u00ae de la Dra. Vallcorba i la Dra. Laurence Adriaens.\" \/>\n<meta property=\"og:url\" content=\"https:\/\/clinicavallcorba.com\/ca\/regeneracio-periodontal-amb-emdogain-directe-a-instagram\/\" \/>\n<meta property=\"og:site_name\" content=\"Cl\u00ednica Vallcorba\" \/>\n<meta property=\"article:published_time\" content=\"2021-03-26T16:48:07+00:00\" \/>\n<meta property=\"article:modified_time\" content=\"2024-01-25T12:46:33+00:00\" \/>\n<meta property=\"og:image\" content=\"https:\/\/clinicavallcorba.com\/wp-content\/uploads\/tratamiento-periodontal-con-emdogain-directo-en-instagram.webp\" \/>\n\t<meta property=\"og:image:width\" content=\"601\" \/>\n\t<meta property=\"og:image:height\" content=\"468\" \/>\n\t<meta property=\"og:image:type\" content=\"image\/webp\" \/>\n<meta name=\"author\" content=\"Nuria Vallcorba\" \/>\n<meta name=\"twitter:card\" content=\"summary_large_image\" \/>\n<meta name=\"twitter:label1\" content=\"Escrit per\" \/>\n\t<meta name=\"twitter:data1\" content=\"Nuria Vallcorba\" \/>\n\t<meta name=\"twitter:label2\" content=\"Temps estimat de lectura\" \/>\n\t<meta name=\"twitter:data2\" content=\"1 minut\" \/>\n<script type=\"application\/ld+json\" class=\"yoast-schema-graph\">{\"@context\":\"https:\/\/schema.org\",\"@graph\":[{\"@type\":\"Article\",\"@id\":\"https:\/\/clinicavallcorba.com\/ca\/regeneracio-periodontal-amb-emdogain-directe-a-instagram\/#article\",\"isPartOf\":{\"@id\":\"https:\/\/clinicavallcorba.com\/ca\/regeneracio-periodontal-amb-emdogain-directe-a-instagram\/\"},\"author\":{\"name\":\"Nuria Vallcorba\",\"@id\":\"https:\/\/clinicavallcorba.com\/ca\/#\/schema\/person\/864eb678a78ccbf1c6c41bbb09940583\"},\"headline\":\"Regeneraci\u00f3 periodontal amb Emdogain\u00ae &#8211; Directe a Instagram\",\"datePublished\":\"2021-03-26T16:48:07+00:00\",\"dateModified\":\"2024-01-25T12:46:33+00:00\",\"mainEntityOfPage\":{\"@id\":\"https:\/\/clinicavallcorba.com\/ca\/regeneracio-periodontal-amb-emdogain-directe-a-instagram\/\"},\"wordCount\":1425,\"image\":{\"@id\":\"https:\/\/clinicavallcorba.com\/ca\/regeneracio-periodontal-amb-emdogain-directe-a-instagram\/#primaryimage\"},\"thumbnailUrl\":\"https:\/\/clinicavallcorba.com\/wp-content\/uploads\/tratamiento-periodontal-con-emdogain-directo-en-instagram.webp\",\"articleSection\":[\"Not\u00edcies de la cl\u00ednica\"],\"inLanguage\":\"ca\"},{\"@type\":\"WebPage\",\"@id\":\"https:\/\/clinicavallcorba.com\/ca\/regeneracio-periodontal-amb-emdogain-directe-a-instagram\/\",\"url\":\"https:\/\/clinicavallcorba.com\/ca\/regeneracio-periodontal-amb-emdogain-directe-a-instagram\/\",\"name\":\"Regeneraci\u00f3 periodontal amb Emdogain\u00ae - Directe a Instagram\",\"isPartOf\":{\"@id\":\"https:\/\/clinicavallcorba.com\/ca\/#website\"},\"primaryImageOfPage\":{\"@id\":\"https:\/\/clinicavallcorba.com\/ca\/regeneracio-periodontal-amb-emdogain-directe-a-instagram\/#primaryimage\"},\"image\":{\"@id\":\"https:\/\/clinicavallcorba.com\/ca\/regeneracio-periodontal-amb-emdogain-directe-a-instagram\/#primaryimage\"},\"thumbnailUrl\":\"https:\/\/clinicavallcorba.com\/wp-content\/uploads\/tratamiento-periodontal-con-emdogain-directo-en-instagram.webp\",\"datePublished\":\"2021-03-26T16:48:07+00:00\",\"dateModified\":\"2024-01-25T12:46:33+00:00\",\"author\":{\"@id\":\"https:\/\/clinicavallcorba.com\/ca\/#\/schema\/person\/864eb678a78ccbf1c6c41bbb09940583\"},\"description\":\"Consulteu el directe a Instagram sobre regeneraci\u00f3 periodontal amb Emdogain\u00ae de la Dra. Vallcorba i la Dra. Laurence Adriaens.\",\"breadcrumb\":{\"@id\":\"https:\/\/clinicavallcorba.com\/ca\/regeneracio-periodontal-amb-emdogain-directe-a-instagram\/#breadcrumb\"},\"inLanguage\":\"ca\",\"potentialAction\":[{\"@type\":\"ReadAction\",\"target\":[\"https:\/\/clinicavallcorba.com\/ca\/regeneracio-periodontal-amb-emdogain-directe-a-instagram\/\"]}]},{\"@type\":\"ImageObject\",\"inLanguage\":\"ca\",\"@id\":\"https:\/\/clinicavallcorba.com\/ca\/regeneracio-periodontal-amb-emdogain-directe-a-instagram\/#primaryimage\",\"url\":\"https:\/\/clinicavallcorba.com\/wp-content\/uploads\/tratamiento-periodontal-con-emdogain-directo-en-instagram.webp\",\"contentUrl\":\"https:\/\/clinicavallcorba.com\/wp-content\/uploads\/tratamiento-periodontal-con-emdogain-directo-en-instagram.webp\",\"width\":601,\"height\":468},{\"@type\":\"BreadcrumbList\",\"@id\":\"https:\/\/clinicavallcorba.com\/ca\/regeneracio-periodontal-amb-emdogain-directe-a-instagram\/#breadcrumb\",\"itemListElement\":[{\"@type\":\"ListItem\",\"position\":1,\"name\":\"Inici\",\"item\":\"https:\/\/clinicavallcorba.com\/ca\/\"},{\"@type\":\"ListItem\",\"position\":2,\"name\":\"Regeneraci\u00f3 periodontal amb Emdogain\u00ae &#8211; Directe a Instagram\"}]},{\"@type\":\"WebSite\",\"@id\":\"https:\/\/clinicavallcorba.com\/ca\/#website\",\"url\":\"https:\/\/clinicavallcorba.com\/ca\/\",\"name\":\"Cl\u00ednica Vallcorba\",\"description\":\"Cl\u00ednica dental\",\"potentialAction\":[{\"@type\":\"SearchAction\",\"target\":{\"@type\":\"EntryPoint\",\"urlTemplate\":\"https:\/\/clinicavallcorba.com\/ca\/?s={search_term_string}\"},\"query-input\":{\"@type\":\"PropertyValueSpecification\",\"valueRequired\":true,\"valueName\":\"search_term_string\"}}],\"inLanguage\":\"ca\"},{\"@type\":\"Person\",\"@id\":\"https:\/\/clinicavallcorba.com\/ca\/#\/schema\/person\/864eb678a78ccbf1c6c41bbb09940583\",\"name\":\"Nuria Vallcorba\",\"description\":\"Nuria Vallcorba realiz\u00f3 sus estudios de medicina y cirug\u00eda en la Universidad aut\u00f3noma de Barcelona con calificaci\u00f3n de sobresaliente. Posteriormente se especializ\u00f3 en estomatolog\u00eda, realiz\u00f3 el master en Periodoncia y el doctorado en Odontolog\u00eda en la Universidad Complutense de Madrid, con calificaci\u00f3n cum laude por unanimidad. Ejerce desde 1990 pr\u00e1ctica cl\u00ednica de periodoncia e implantes en Barcelona. Dentro de la actividad cient\u00edfica cabe destacar, adem\u00e1s del doctorado, la publicaci\u00f3n de art\u00edculos en revistas y cap\u00edtulos en libros a nivel nacional e internacional. Ha sido directora de la revista Periodoncia, de la Sociedad espa\u00f1ola de Periodoncia. Es conferenciante sobre Periodoncia y consultor de diferentes organismos cient\u00edficos. Ha realizado actividad docente de Periodoncia desde 1989, tanto de pregrado como de postgrado, en la Universidad Complutense de Madrid, Universidad de California-Los Angeles, Universidad de Barcelona, Universitat internacional de Catalunya y actualmente imparte docencia en el master de Periodoncia de la Universidad de Valencia. Ha sido Presidente de la Societat Catalana d\u2019odontologia i estomatolog\u00eda de la Acad\u00e8mia de Ci\u00e8ncies M\u00e8diques de Catalunya i Balears y Presidente de la Sociedad Espa\u00f1ola de Periodoncia y osteointegraci\u00f3n y de la Fundaci\u00f3n SEPA. Actualmente es patrono de honor de dicha fundaci\u00f3n.\",\"sameAs\":[\"https:\/\/clinicavallcorba.com\",\"https:\/\/www.instagram.com\/clinicavallcorba?igsh=cWE4MjljazZnMzVy\",\"https:\/\/www.linkedin.com\/in\/nuria-vallcorba-plana-6434a642\/\"],\"url\":\"https:\/\/clinicavallcorba.com\/ca\/author\/nuria-vallcorba\/\"}]}<\/script>\n<!-- \/ Yoast SEO plugin. -->","yoast_head_json":{"title":"Regeneraci\u00f3 periodontal amb Emdogain\u00ae - Directe a Instagram","description":"Consulteu el directe a Instagram sobre regeneraci\u00f3 periodontal amb Emdogain\u00ae de la Dra. Vallcorba i la Dra. Laurence Adriaens.","robots":{"index":"index","follow":"follow","max-snippet":"max-snippet:-1","max-image-preview":"max-image-preview:large","max-video-preview":"max-video-preview:-1"},"canonical":"https:\/\/clinicavallcorba.com\/ca\/regeneracio-periodontal-amb-emdogain-directe-a-instagram\/","og_locale":"ca_ES","og_type":"article","og_title":"Regeneraci\u00f3 periodontal amb Emdogain\u00ae - Directe a Instagram","og_description":"Consulteu el directe a Instagram sobre regeneraci\u00f3 periodontal amb Emdogain\u00ae de la Dra. Vallcorba i la Dra. Laurence Adriaens.","og_url":"https:\/\/clinicavallcorba.com\/ca\/regeneracio-periodontal-amb-emdogain-directe-a-instagram\/","og_site_name":"Cl\u00ednica Vallcorba","article_published_time":"2021-03-26T16:48:07+00:00","article_modified_time":"2024-01-25T12:46:33+00:00","og_image":[{"width":601,"height":468,"url":"https:\/\/clinicavallcorba.com\/wp-content\/uploads\/tratamiento-periodontal-con-emdogain-directo-en-instagram.webp","type":"image\/webp"}],"author":"Nuria Vallcorba","twitter_card":"summary_large_image","twitter_misc":{"Escrit per":"Nuria Vallcorba","Temps estimat de lectura":"1 minut"},"schema":{"@context":"https:\/\/schema.org","@graph":[{"@type":"Article","@id":"https:\/\/clinicavallcorba.com\/ca\/regeneracio-periodontal-amb-emdogain-directe-a-instagram\/#article","isPartOf":{"@id":"https:\/\/clinicavallcorba.com\/ca\/regeneracio-periodontal-amb-emdogain-directe-a-instagram\/"},"author":{"name":"Nuria Vallcorba","@id":"https:\/\/clinicavallcorba.com\/ca\/#\/schema\/person\/864eb678a78ccbf1c6c41bbb09940583"},"headline":"Regeneraci\u00f3 periodontal amb Emdogain\u00ae &#8211; Directe a Instagram","datePublished":"2021-03-26T16:48:07+00:00","dateModified":"2024-01-25T12:46:33+00:00","mainEntityOfPage":{"@id":"https:\/\/clinicavallcorba.com\/ca\/regeneracio-periodontal-amb-emdogain-directe-a-instagram\/"},"wordCount":1425,"image":{"@id":"https:\/\/clinicavallcorba.com\/ca\/regeneracio-periodontal-amb-emdogain-directe-a-instagram\/#primaryimage"},"thumbnailUrl":"https:\/\/clinicavallcorba.com\/wp-content\/uploads\/tratamiento-periodontal-con-emdogain-directo-en-instagram.webp","articleSection":["Not\u00edcies de la cl\u00ednica"],"inLanguage":"ca"},{"@type":"WebPage","@id":"https:\/\/clinicavallcorba.com\/ca\/regeneracio-periodontal-amb-emdogain-directe-a-instagram\/","url":"https:\/\/clinicavallcorba.com\/ca\/regeneracio-periodontal-amb-emdogain-directe-a-instagram\/","name":"Regeneraci\u00f3 periodontal amb Emdogain\u00ae - Directe a Instagram","isPartOf":{"@id":"https:\/\/clinicavallcorba.com\/ca\/#website"},"primaryImageOfPage":{"@id":"https:\/\/clinicavallcorba.com\/ca\/regeneracio-periodontal-amb-emdogain-directe-a-instagram\/#primaryimage"},"image":{"@id":"https:\/\/clinicavallcorba.com\/ca\/regeneracio-periodontal-amb-emdogain-directe-a-instagram\/#primaryimage"},"thumbnailUrl":"https:\/\/clinicavallcorba.com\/wp-content\/uploads\/tratamiento-periodontal-con-emdogain-directo-en-instagram.webp","datePublished":"2021-03-26T16:48:07+00:00","dateModified":"2024-01-25T12:46:33+00:00","author":{"@id":"https:\/\/clinicavallcorba.com\/ca\/#\/schema\/person\/864eb678a78ccbf1c6c41bbb09940583"},"description":"Consulteu el directe a Instagram sobre regeneraci\u00f3 periodontal amb Emdogain\u00ae de la Dra. Vallcorba i la Dra. Laurence Adriaens.","breadcrumb":{"@id":"https:\/\/clinicavallcorba.com\/ca\/regeneracio-periodontal-amb-emdogain-directe-a-instagram\/#breadcrumb"},"inLanguage":"ca","potentialAction":[{"@type":"ReadAction","target":["https:\/\/clinicavallcorba.com\/ca\/regeneracio-periodontal-amb-emdogain-directe-a-instagram\/"]}]},{"@type":"ImageObject","inLanguage":"ca","@id":"https:\/\/clinicavallcorba.com\/ca\/regeneracio-periodontal-amb-emdogain-directe-a-instagram\/#primaryimage","url":"https:\/\/clinicavallcorba.com\/wp-content\/uploads\/tratamiento-periodontal-con-emdogain-directo-en-instagram.webp","contentUrl":"https:\/\/clinicavallcorba.com\/wp-content\/uploads\/tratamiento-periodontal-con-emdogain-directo-en-instagram.webp","width":601,"height":468},{"@type":"BreadcrumbList","@id":"https:\/\/clinicavallcorba.com\/ca\/regeneracio-periodontal-amb-emdogain-directe-a-instagram\/#breadcrumb","itemListElement":[{"@type":"ListItem","position":1,"name":"Inici","item":"https:\/\/clinicavallcorba.com\/ca\/"},{"@type":"ListItem","position":2,"name":"Regeneraci\u00f3 periodontal amb Emdogain\u00ae &#8211; Directe a Instagram"}]},{"@type":"WebSite","@id":"https:\/\/clinicavallcorba.com\/ca\/#website","url":"https:\/\/clinicavallcorba.com\/ca\/","name":"Cl\u00ednica Vallcorba","description":"Cl\u00ednica dental","potentialAction":[{"@type":"SearchAction","target":{"@type":"EntryPoint","urlTemplate":"https:\/\/clinicavallcorba.com\/ca\/?s={search_term_string}"},"query-input":{"@type":"PropertyValueSpecification","valueRequired":true,"valueName":"search_term_string"}}],"inLanguage":"ca"},{"@type":"Person","@id":"https:\/\/clinicavallcorba.com\/ca\/#\/schema\/person\/864eb678a78ccbf1c6c41bbb09940583","name":"Nuria Vallcorba","description":"Nuria Vallcorba realiz\u00f3 sus estudios de medicina y cirug\u00eda en la Universidad aut\u00f3noma de Barcelona con calificaci\u00f3n de sobresaliente. Posteriormente se especializ\u00f3 en estomatolog\u00eda, realiz\u00f3 el master en Periodoncia y el doctorado en Odontolog\u00eda en la Universidad Complutense de Madrid, con calificaci\u00f3n cum laude por unanimidad. Ejerce desde 1990 pr\u00e1ctica cl\u00ednica de periodoncia e implantes en Barcelona. Dentro de la actividad cient\u00edfica cabe destacar, adem\u00e1s del doctorado, la publicaci\u00f3n de art\u00edculos en revistas y cap\u00edtulos en libros a nivel nacional e internacional. Ha sido directora de la revista Periodoncia, de la Sociedad espa\u00f1ola de Periodoncia. Es conferenciante sobre Periodoncia y consultor de diferentes organismos cient\u00edficos. Ha realizado actividad docente de Periodoncia desde 1989, tanto de pregrado como de postgrado, en la Universidad Complutense de Madrid, Universidad de California-Los Angeles, Universidad de Barcelona, Universitat internacional de Catalunya y actualmente imparte docencia en el master de Periodoncia de la Universidad de Valencia. Ha sido Presidente de la Societat Catalana d\u2019odontologia i estomatolog\u00eda de la Acad\u00e8mia de Ci\u00e8ncies M\u00e8diques de Catalunya i Balears y Presidente de la Sociedad Espa\u00f1ola de Periodoncia y osteointegraci\u00f3n y de la Fundaci\u00f3n SEPA. Actualmente es patrono de honor de dicha fundaci\u00f3n.","sameAs":["https:\/\/clinicavallcorba.com","https:\/\/www.instagram.com\/clinicavallcorba?igsh=cWE4MjljazZnMzVy","https:\/\/www.linkedin.com\/in\/nuria-vallcorba-plana-6434a642\/"],"url":"https:\/\/clinicavallcorba.com\/ca\/author\/nuria-vallcorba\/"}]}},"_links":{"self":[{"href":"https:\/\/clinicavallcorba.com\/ca\/wp-json\/wp\/v2\/posts\/3288","targetHints":{"allow":["GET"]}}],"collection":[{"href":"https:\/\/clinicavallcorba.com\/ca\/wp-json\/wp\/v2\/posts"}],"about":[{"href":"https:\/\/clinicavallcorba.com\/ca\/wp-json\/wp\/v2\/types\/post"}],"author":[{"embeddable":true,"href":"https:\/\/clinicavallcorba.com\/ca\/wp-json\/wp\/v2\/users\/1"}],"replies":[{"embeddable":true,"href":"https:\/\/clinicavallcorba.com\/ca\/wp-json\/wp\/v2\/comments?post=3288"}],"version-history":[{"count":0,"href":"https:\/\/clinicavallcorba.com\/ca\/wp-json\/wp\/v2\/posts\/3288\/revisions"}],"wp:featuredmedia":[{"embeddable":true,"href":"https:\/\/clinicavallcorba.com\/ca\/wp-json\/wp\/v2\/media\/2605"}],"wp:attachment":[{"href":"https:\/\/clinicavallcorba.com\/ca\/wp-json\/wp\/v2\/media?parent=3288"}],"wp:term":[{"taxonomy":"category","embeddable":true,"href":"https:\/\/clinicavallcorba.com\/ca\/wp-json\/wp\/v2\/categories?post=3288"},{"taxonomy":"post_tag","embeddable":true,"href":"https:\/\/clinicavallcorba.com\/ca\/wp-json\/wp\/v2\/tags?post=3288"}],"curies":[{"name":"wp","href":"https:\/\/api.w.org\/{rel}","templated":true}]}}