{"id":3330,"date":"2020-12-03T15:26:09","date_gmt":"2020-12-03T14:26:09","guid":{"rendered":"https:\/\/clinicavallcorba.com\/causas-y-soluciones-del-dolor-de-muelas\/"},"modified":"2024-01-25T15:27:24","modified_gmt":"2024-01-25T14:27:24","slug":"causes-i-solucions-del-mal-de-queixals","status":"publish","type":"post","link":"https:\/\/clinicavallcorba.com\/ca\/causes-i-solucions-del-mal-de-queixals\/","title":{"rendered":"Causes i solucions del mal de queixals"},"content":{"rendered":"<div class=\"fusion-fullwidth fullwidth-box fusion-builder-row-1 fusion-flex-container has-pattern-background has-mask-background nonhundred-percent-fullwidth non-hundred-percent-height-scrolling\" style=\"--awb-border-radius-top-left:0px;--awb-border-radius-top-right:0px;--awb-border-radius-bottom-right:0px;--awb-border-radius-bottom-left:0px;--awb-flex-wrap:wrap;\" ><div class=\"fusion-builder-row fusion-row fusion-flex-align-items-flex-start fusion-flex-justify-content-flex-end fusion-flex-content-wrap\" style=\"max-width:1300px;margin-left: calc(-4% \/ 2 );margin-right: calc(-4% \/ 2 );\"><div class=\"fusion-layout-column fusion_builder_column fusion-builder-column-0 fusion_builder_column_1_2 1_2 fusion-flex-column\" style=\"--awb-bg-size:cover;--awb-width-large:50%;--awb-margin-top-large:0px;--awb-spacing-right-large:3.84%;--awb-margin-bottom-large:20px;--awb-spacing-left-large:3.84%;--awb-width-medium:50%;--awb-order-medium:0;--awb-spacing-right-medium:3.84%;--awb-spacing-left-medium:3.84%;--awb-width-small:100%;--awb-order-small:0;--awb-spacing-right-small:1.92%;--awb-spacing-left-small:1.92%;\"><div class=\"fusion-column-wrapper fusion-column-has-shadow fusion-flex-justify-content-flex-start fusion-content-layout-column\"><div class=\"fusion-image-element \" style=\"text-align:center;--awb-caption-title-font-family:var(--h2_typography-font-family);--awb-caption-title-font-weight:var(--h2_typography-font-weight);--awb-caption-title-font-style:var(--h2_typography-font-style);--awb-caption-title-size:var(--h2_typography-font-size);--awb-caption-title-transform:var(--h2_typography-text-transform);--awb-caption-title-line-height:var(--h2_typography-line-height);--awb-caption-title-letter-spacing:var(--h2_typography-letter-spacing);\"><span class=\" fusion-imageframe imageframe-none imageframe-1 hover-type-none\"><img decoding=\"async\" width=\"595\" height=\"463\" alt=\"Causas y soluciones del dolor de muelas\" title=\"Causas y soluciones del dolor de muelas\" src=\"https:\/\/clinicavallcorba.com\/wp-content\/uploads\/dolor-muelas.webp\" class=\"img-responsive wp-image-2769\" srcset=\"https:\/\/clinicavallcorba.com\/wp-content\/uploads\/dolor-muelas-200x156.webp 200w, https:\/\/clinicavallcorba.com\/wp-content\/uploads\/dolor-muelas-400x311.webp 400w, https:\/\/clinicavallcorba.com\/wp-content\/uploads\/dolor-muelas.webp 595w\" sizes=\"(max-width: 640px) 100vw, 595px\" \/><\/span><\/div><\/div><\/div><div class=\"fusion-layout-column fusion_builder_column fusion-builder-column-1 fusion_builder_column_1_2 1_2 fusion-flex-column\" style=\"--awb-bg-size:cover;--awb-width-large:50%;--awb-margin-top-large:0px;--awb-spacing-right-large:3.84%;--awb-margin-bottom-large:20px;--awb-spacing-left-large:3.84%;--awb-width-medium:50%;--awb-order-medium:0;--awb-spacing-right-medium:3.84%;--awb-spacing-left-medium:3.84%;--awb-width-small:100%;--awb-order-small:0;--awb-spacing-right-small:1.92%;--awb-spacing-left-small:1.92%;\"><div class=\"fusion-column-wrapper fusion-column-has-shadow fusion-flex-justify-content-flex-start fusion-content-layout-column\"><div class=\"fusion-text fusion-text-1\" style=\"--awb-content-alignment:justify;\"><p><em>3 de diciembre del 2020<\/em><\/p>\n<p>Es posible que alguna vez haya tenido dolor de dientes de mayor o menor intensidad, espor\u00e1dico o continuo, difuso o agudo. En cualquier caso, si tiene un dolor que se alarga m\u00e1s de dos o tres d\u00edas, le recomendamos visitarnos para saber el origen de su dolor y poderlo tratar.<\/p>\n<\/div><div class=\"fusion-title title fusion-title-1 fusion-sep-none fusion-title-text fusion-title-size-three\"><h3 class=\"fusion-title-heading title-heading-left fusion-responsive-typography-calculated\" style=\"margin:0;--fontSize:31;line-height:var(--awb-custom_typography_1-line-height);\">Posibles or\u00edgenes del dolor<\/h3><\/div><div class=\"fusion-text fusion-text-2\" style=\"--awb-content-alignment:justify;\"><p>Las posibles causas del dolor de dientes se podr\u00edan resumir del siguiente modo:<\/p>\n<ul>\n<li>Si tiene un\u00a0<strong>dolor agudo e intenso<\/strong>\u00a0que no cede con analg\u00e9sicos y que incluso le puede impedir dormir, hemos de sospechar\u00a0<strong>dolor del nervio dental o pulpa dental<\/strong>; generalmente se asocia a caries profundas o fracturas.<\/li>\n<\/ul>\n<\/div><\/div><\/div><div class=\"fusion-layout-column fusion_builder_column fusion-builder-column-2 fusion_builder_column_1_1 1_1 fusion-flex-column\" style=\"--awb-bg-size:cover;--awb-width-large:100%;--awb-margin-top-large:0px;--awb-spacing-right-large:1.92%;--awb-margin-bottom-large:20px;--awb-spacing-left-large:1.92%;--awb-width-medium:100%;--awb-order-medium:0;--awb-spacing-right-medium:1.92%;--awb-spacing-left-medium:1.92%;--awb-width-small:100%;--awb-order-small:0;--awb-spacing-right-small:1.92%;--awb-spacing-left-small:1.92%;\"><div class=\"fusion-column-wrapper fusion-column-has-shadow fusion-flex-justify-content-flex-start fusion-content-layout-column\"><div class=\"fusion-text fusion-text-3\" style=\"--awb-content-alignment:justify;\"><ul>\n<li>Si presenta dolor de intensidad variable que aumenta al masticar, especialmente si anteriormente tuvo un dolor intenso de muela, puede tambi\u00e9n ser una alteraci\u00f3n del\u00a0<strong>nervio del diente<\/strong><\/li>\n<li>Un dolor agudo localizado e intenso puede estar en relaci\u00f3n con<strong>\u00a0fisuras o fracturas dentales<\/strong><\/li>\n<li>Si tiene un aumento de sensibilidad con los cambios de temperatura o dulce puede estar en relaci\u00f3n con una\u00a0<strong>caries<\/strong>. Si esta sensibilidad se da s\u00f3lo con el frio, dulce o contacto no es infrecuente que haya dolor porque se ha retirado la enc\u00eda (<strong>recesi\u00f3n de enc\u00eda<\/strong>) dejando parte de la ra\u00edz dental al descubierto.<\/li>\n<li>Si tiene un dolor generalizado y difuso puede estar en relaci\u00f3n con bruxismo o apretamiento de los dientes.<\/li>\n<li>Las\u00a0<strong>enc\u00edas<\/strong>\u00a0con problemas pocas veces producen un dolor intenso; suelen ser molestias difusas, que no acostumbran a requerir analg\u00e9sicos. S\u00f3lo cuando se producen\u00a0<strong>abscesos<\/strong>\u00a0<strong>(flemones dentales)<\/strong>\u00a0o procesos agudos pueden producir dolores de mayor intensidad.<\/li>\n<\/ul>\n<p>Lo recomendable es hacer revisiones peri\u00f3dicas para evitar que llegue a producirse dolor. Pero si lo tiene, aunque sea leve, lo mejor es explorar su causa y tratarla precozmente. Cuanto antes se trate, m\u00e1s simple suele ser el tratamiento y mejor pron\u00f3stico para el diente. No dude en consultarnos.<\/p>\n<\/div><\/div><\/div><\/div><\/div>\n","protected":false},"excerpt":{"rendered":"","protected":false},"author":1,"featured_media":2769,"comment_status":"closed","ping_status":"closed","sticky":false,"template":"","format":"standard","meta":{"footnotes":""},"categories":[1],"tags":[],"class_list":["post-3330","post","type-post","status-publish","format-standard","has-post-thumbnail","hentry","category-informacio-i-recomanacions"],"yoast_head":"<!-- This site is optimized with the Yoast SEO plugin v26.7 - https:\/\/yoast.com\/wordpress\/plugins\/seo\/ -->\n<title>Causes i solucions del mal de queixals | Cl\u00ednica Vallcorba<\/title>\n<meta name=\"description\" content=\"Li mostrem possibles or\u00edgens del dolor de dents, ja sigui de m\u00e9s o menys intensitat, espor\u00e0dic o continu, dif\u00fas o agut.\" \/>\n<meta name=\"robots\" content=\"index, follow, max-snippet:-1, max-image-preview:large, max-video-preview:-1\" \/>\n<link rel=\"canonical\" href=\"https:\/\/clinicavallcorba.com\/ca\/causes-i-solucions-del-mal-de-queixals\/\" \/>\n<meta property=\"og:locale\" content=\"ca_ES\" \/>\n<meta property=\"og:type\" content=\"article\" \/>\n<meta property=\"og:title\" content=\"Causes i solucions del mal de queixals | Cl\u00ednica Vallcorba\" \/>\n<meta property=\"og:description\" content=\"Li mostrem possibles or\u00edgens del dolor de dents, ja sigui de m\u00e9s o menys intensitat, espor\u00e0dic o continu, dif\u00fas o agut.\" \/>\n<meta property=\"og:url\" content=\"https:\/\/clinicavallcorba.com\/ca\/causes-i-solucions-del-mal-de-queixals\/\" \/>\n<meta property=\"og:site_name\" content=\"Cl\u00ednica Vallcorba\" \/>\n<meta property=\"article:published_time\" content=\"2020-12-03T14:26:09+00:00\" \/>\n<meta property=\"article:modified_time\" content=\"2024-01-25T14:27:24+00:00\" \/>\n<meta property=\"og:image\" content=\"https:\/\/clinicavallcorba.com\/wp-content\/uploads\/dolor-muelas.webp\" \/>\n\t<meta property=\"og:image:width\" content=\"595\" \/>\n\t<meta property=\"og:image:height\" content=\"463\" \/>\n\t<meta property=\"og:image:type\" content=\"image\/webp\" \/>\n<meta name=\"author\" content=\"Nuria Vallcorba\" \/>\n<meta name=\"twitter:card\" content=\"summary_large_image\" \/>\n<meta name=\"twitter:label1\" content=\"Escrit per\" \/>\n\t<meta name=\"twitter:data1\" content=\"Nuria Vallcorba\" \/>\n\t<meta name=\"twitter:label2\" content=\"Temps estimat de lectura\" \/>\n\t<meta name=\"twitter:data2\" content=\"2 minuts\" \/>\n<script type=\"application\/ld+json\" class=\"yoast-schema-graph\">{\"@context\":\"https:\/\/schema.org\",\"@graph\":[{\"@type\":\"Article\",\"@id\":\"https:\/\/clinicavallcorba.com\/ca\/causes-i-solucions-del-mal-de-queixals\/#article\",\"isPartOf\":{\"@id\":\"https:\/\/clinicavallcorba.com\/ca\/causes-i-solucions-del-mal-de-queixals\/\"},\"author\":{\"name\":\"Nuria Vallcorba\",\"@id\":\"https:\/\/clinicavallcorba.com\/ca\/#\/schema\/person\/864eb678a78ccbf1c6c41bbb09940583\"},\"headline\":\"Causes i solucions del mal de queixals\",\"datePublished\":\"2020-12-03T14:26:09+00:00\",\"dateModified\":\"2024-01-25T14:27:24+00:00\",\"mainEntityOfPage\":{\"@id\":\"https:\/\/clinicavallcorba.com\/ca\/causes-i-solucions-del-mal-de-queixals\/\"},\"wordCount\":2386,\"image\":{\"@id\":\"https:\/\/clinicavallcorba.com\/ca\/causes-i-solucions-del-mal-de-queixals\/#primaryimage\"},\"thumbnailUrl\":\"https:\/\/clinicavallcorba.com\/wp-content\/uploads\/dolor-muelas.webp\",\"articleSection\":[\"Informaci\u00f3 i recomanacions\"],\"inLanguage\":\"ca\"},{\"@type\":\"WebPage\",\"@id\":\"https:\/\/clinicavallcorba.com\/ca\/causes-i-solucions-del-mal-de-queixals\/\",\"url\":\"https:\/\/clinicavallcorba.com\/ca\/causes-i-solucions-del-mal-de-queixals\/\",\"name\":\"Causes i solucions del mal de queixals | Cl\u00ednica Vallcorba\",\"isPartOf\":{\"@id\":\"https:\/\/clinicavallcorba.com\/ca\/#website\"},\"primaryImageOfPage\":{\"@id\":\"https:\/\/clinicavallcorba.com\/ca\/causes-i-solucions-del-mal-de-queixals\/#primaryimage\"},\"image\":{\"@id\":\"https:\/\/clinicavallcorba.com\/ca\/causes-i-solucions-del-mal-de-queixals\/#primaryimage\"},\"thumbnailUrl\":\"https:\/\/clinicavallcorba.com\/wp-content\/uploads\/dolor-muelas.webp\",\"datePublished\":\"2020-12-03T14:26:09+00:00\",\"dateModified\":\"2024-01-25T14:27:24+00:00\",\"author\":{\"@id\":\"https:\/\/clinicavallcorba.com\/ca\/#\/schema\/person\/864eb678a78ccbf1c6c41bbb09940583\"},\"description\":\"Li mostrem possibles or\u00edgens del dolor de dents, ja sigui de m\u00e9s o menys intensitat, espor\u00e0dic o continu, dif\u00fas o agut.\",\"breadcrumb\":{\"@id\":\"https:\/\/clinicavallcorba.com\/ca\/causes-i-solucions-del-mal-de-queixals\/#breadcrumb\"},\"inLanguage\":\"ca\",\"potentialAction\":[{\"@type\":\"ReadAction\",\"target\":[\"https:\/\/clinicavallcorba.com\/ca\/causes-i-solucions-del-mal-de-queixals\/\"]}]},{\"@type\":\"ImageObject\",\"inLanguage\":\"ca\",\"@id\":\"https:\/\/clinicavallcorba.com\/ca\/causes-i-solucions-del-mal-de-queixals\/#primaryimage\",\"url\":\"https:\/\/clinicavallcorba.com\/wp-content\/uploads\/dolor-muelas.webp\",\"contentUrl\":\"https:\/\/clinicavallcorba.com\/wp-content\/uploads\/dolor-muelas.webp\",\"width\":595,\"height\":463},{\"@type\":\"BreadcrumbList\",\"@id\":\"https:\/\/clinicavallcorba.com\/ca\/causes-i-solucions-del-mal-de-queixals\/#breadcrumb\",\"itemListElement\":[{\"@type\":\"ListItem\",\"position\":1,\"name\":\"Inici\",\"item\":\"https:\/\/clinicavallcorba.com\/ca\/\"},{\"@type\":\"ListItem\",\"position\":2,\"name\":\"Causes i solucions del mal de queixals\"}]},{\"@type\":\"WebSite\",\"@id\":\"https:\/\/clinicavallcorba.com\/ca\/#website\",\"url\":\"https:\/\/clinicavallcorba.com\/ca\/\",\"name\":\"Cl\u00ednica Vallcorba\",\"description\":\"Cl\u00ednica dental\",\"potentialAction\":[{\"@type\":\"SearchAction\",\"target\":{\"@type\":\"EntryPoint\",\"urlTemplate\":\"https:\/\/clinicavallcorba.com\/ca\/?s={search_term_string}\"},\"query-input\":{\"@type\":\"PropertyValueSpecification\",\"valueRequired\":true,\"valueName\":\"search_term_string\"}}],\"inLanguage\":\"ca\"},{\"@type\":\"Person\",\"@id\":\"https:\/\/clinicavallcorba.com\/ca\/#\/schema\/person\/864eb678a78ccbf1c6c41bbb09940583\",\"name\":\"Nuria Vallcorba\",\"description\":\"Nuria Vallcorba realiz\u00f3 sus estudios de medicina y cirug\u00eda en la Universidad aut\u00f3noma de Barcelona con calificaci\u00f3n de sobresaliente. Posteriormente se especializ\u00f3 en estomatolog\u00eda, realiz\u00f3 el master en Periodoncia y el doctorado en Odontolog\u00eda en la Universidad Complutense de Madrid, con calificaci\u00f3n cum laude por unanimidad. Ejerce desde 1990 pr\u00e1ctica cl\u00ednica de periodoncia e implantes en Barcelona. Dentro de la actividad cient\u00edfica cabe destacar, adem\u00e1s del doctorado, la publicaci\u00f3n de art\u00edculos en revistas y cap\u00edtulos en libros a nivel nacional e internacional. Ha sido directora de la revista Periodoncia, de la Sociedad espa\u00f1ola de Periodoncia. Es conferenciante sobre Periodoncia y consultor de diferentes organismos cient\u00edficos. Ha realizado actividad docente de Periodoncia desde 1989, tanto de pregrado como de postgrado, en la Universidad Complutense de Madrid, Universidad de California-Los Angeles, Universidad de Barcelona, Universitat internacional de Catalunya y actualmente imparte docencia en el master de Periodoncia de la Universidad de Valencia. Ha sido Presidente de la Societat Catalana d\u2019odontologia i estomatolog\u00eda de la Acad\u00e8mia de Ci\u00e8ncies M\u00e8diques de Catalunya i Balears y Presidente de la Sociedad Espa\u00f1ola de Periodoncia y osteointegraci\u00f3n y de la Fundaci\u00f3n SEPA. Actualmente es patrono de honor de dicha fundaci\u00f3n.\",\"sameAs\":[\"https:\/\/clinicavallcorba.com\",\"https:\/\/www.instagram.com\/clinicavallcorba?igsh=cWE4MjljazZnMzVy\",\"https:\/\/www.linkedin.com\/in\/nuria-vallcorba-plana-6434a642\/\"],\"url\":\"https:\/\/clinicavallcorba.com\/ca\/author\/nuria-vallcorba\/\"}]}<\/script>\n<!-- \/ Yoast SEO plugin. -->","yoast_head_json":{"title":"Causes i solucions del mal de queixals | Cl\u00ednica Vallcorba","description":"Li mostrem possibles or\u00edgens del dolor de dents, ja sigui de m\u00e9s o menys intensitat, espor\u00e0dic o continu, dif\u00fas o agut.","robots":{"index":"index","follow":"follow","max-snippet":"max-snippet:-1","max-image-preview":"max-image-preview:large","max-video-preview":"max-video-preview:-1"},"canonical":"https:\/\/clinicavallcorba.com\/ca\/causes-i-solucions-del-mal-de-queixals\/","og_locale":"ca_ES","og_type":"article","og_title":"Causes i solucions del mal de queixals | Cl\u00ednica Vallcorba","og_description":"Li mostrem possibles or\u00edgens del dolor de dents, ja sigui de m\u00e9s o menys intensitat, espor\u00e0dic o continu, dif\u00fas o agut.","og_url":"https:\/\/clinicavallcorba.com\/ca\/causes-i-solucions-del-mal-de-queixals\/","og_site_name":"Cl\u00ednica Vallcorba","article_published_time":"2020-12-03T14:26:09+00:00","article_modified_time":"2024-01-25T14:27:24+00:00","og_image":[{"width":595,"height":463,"url":"https:\/\/clinicavallcorba.com\/wp-content\/uploads\/dolor-muelas.webp","type":"image\/webp"}],"author":"Nuria Vallcorba","twitter_card":"summary_large_image","twitter_misc":{"Escrit per":"Nuria Vallcorba","Temps estimat de lectura":"2 minuts"},"schema":{"@context":"https:\/\/schema.org","@graph":[{"@type":"Article","@id":"https:\/\/clinicavallcorba.com\/ca\/causes-i-solucions-del-mal-de-queixals\/#article","isPartOf":{"@id":"https:\/\/clinicavallcorba.com\/ca\/causes-i-solucions-del-mal-de-queixals\/"},"author":{"name":"Nuria Vallcorba","@id":"https:\/\/clinicavallcorba.com\/ca\/#\/schema\/person\/864eb678a78ccbf1c6c41bbb09940583"},"headline":"Causes i solucions del mal de queixals","datePublished":"2020-12-03T14:26:09+00:00","dateModified":"2024-01-25T14:27:24+00:00","mainEntityOfPage":{"@id":"https:\/\/clinicavallcorba.com\/ca\/causes-i-solucions-del-mal-de-queixals\/"},"wordCount":2386,"image":{"@id":"https:\/\/clinicavallcorba.com\/ca\/causes-i-solucions-del-mal-de-queixals\/#primaryimage"},"thumbnailUrl":"https:\/\/clinicavallcorba.com\/wp-content\/uploads\/dolor-muelas.webp","articleSection":["Informaci\u00f3 i recomanacions"],"inLanguage":"ca"},{"@type":"WebPage","@id":"https:\/\/clinicavallcorba.com\/ca\/causes-i-solucions-del-mal-de-queixals\/","url":"https:\/\/clinicavallcorba.com\/ca\/causes-i-solucions-del-mal-de-queixals\/","name":"Causes i solucions del mal de queixals | Cl\u00ednica Vallcorba","isPartOf":{"@id":"https:\/\/clinicavallcorba.com\/ca\/#website"},"primaryImageOfPage":{"@id":"https:\/\/clinicavallcorba.com\/ca\/causes-i-solucions-del-mal-de-queixals\/#primaryimage"},"image":{"@id":"https:\/\/clinicavallcorba.com\/ca\/causes-i-solucions-del-mal-de-queixals\/#primaryimage"},"thumbnailUrl":"https:\/\/clinicavallcorba.com\/wp-content\/uploads\/dolor-muelas.webp","datePublished":"2020-12-03T14:26:09+00:00","dateModified":"2024-01-25T14:27:24+00:00","author":{"@id":"https:\/\/clinicavallcorba.com\/ca\/#\/schema\/person\/864eb678a78ccbf1c6c41bbb09940583"},"description":"Li mostrem possibles or\u00edgens del dolor de dents, ja sigui de m\u00e9s o menys intensitat, espor\u00e0dic o continu, dif\u00fas o agut.","breadcrumb":{"@id":"https:\/\/clinicavallcorba.com\/ca\/causes-i-solucions-del-mal-de-queixals\/#breadcrumb"},"inLanguage":"ca","potentialAction":[{"@type":"ReadAction","target":["https:\/\/clinicavallcorba.com\/ca\/causes-i-solucions-del-mal-de-queixals\/"]}]},{"@type":"ImageObject","inLanguage":"ca","@id":"https:\/\/clinicavallcorba.com\/ca\/causes-i-solucions-del-mal-de-queixals\/#primaryimage","url":"https:\/\/clinicavallcorba.com\/wp-content\/uploads\/dolor-muelas.webp","contentUrl":"https:\/\/clinicavallcorba.com\/wp-content\/uploads\/dolor-muelas.webp","width":595,"height":463},{"@type":"BreadcrumbList","@id":"https:\/\/clinicavallcorba.com\/ca\/causes-i-solucions-del-mal-de-queixals\/#breadcrumb","itemListElement":[{"@type":"ListItem","position":1,"name":"Inici","item":"https:\/\/clinicavallcorba.com\/ca\/"},{"@type":"ListItem","position":2,"name":"Causes i solucions del mal de queixals"}]},{"@type":"WebSite","@id":"https:\/\/clinicavallcorba.com\/ca\/#website","url":"https:\/\/clinicavallcorba.com\/ca\/","name":"Cl\u00ednica Vallcorba","description":"Cl\u00ednica dental","potentialAction":[{"@type":"SearchAction","target":{"@type":"EntryPoint","urlTemplate":"https:\/\/clinicavallcorba.com\/ca\/?s={search_term_string}"},"query-input":{"@type":"PropertyValueSpecification","valueRequired":true,"valueName":"search_term_string"}}],"inLanguage":"ca"},{"@type":"Person","@id":"https:\/\/clinicavallcorba.com\/ca\/#\/schema\/person\/864eb678a78ccbf1c6c41bbb09940583","name":"Nuria Vallcorba","description":"Nuria Vallcorba realiz\u00f3 sus estudios de medicina y cirug\u00eda en la Universidad aut\u00f3noma de Barcelona con calificaci\u00f3n de sobresaliente. Posteriormente se especializ\u00f3 en estomatolog\u00eda, realiz\u00f3 el master en Periodoncia y el doctorado en Odontolog\u00eda en la Universidad Complutense de Madrid, con calificaci\u00f3n cum laude por unanimidad. Ejerce desde 1990 pr\u00e1ctica cl\u00ednica de periodoncia e implantes en Barcelona. Dentro de la actividad cient\u00edfica cabe destacar, adem\u00e1s del doctorado, la publicaci\u00f3n de art\u00edculos en revistas y cap\u00edtulos en libros a nivel nacional e internacional. Ha sido directora de la revista Periodoncia, de la Sociedad espa\u00f1ola de Periodoncia. Es conferenciante sobre Periodoncia y consultor de diferentes organismos cient\u00edficos. Ha realizado actividad docente de Periodoncia desde 1989, tanto de pregrado como de postgrado, en la Universidad Complutense de Madrid, Universidad de California-Los Angeles, Universidad de Barcelona, Universitat internacional de Catalunya y actualmente imparte docencia en el master de Periodoncia de la Universidad de Valencia. Ha sido Presidente de la Societat Catalana d\u2019odontologia i estomatolog\u00eda de la Acad\u00e8mia de Ci\u00e8ncies M\u00e8diques de Catalunya i Balears y Presidente de la Sociedad Espa\u00f1ola de Periodoncia y osteointegraci\u00f3n y de la Fundaci\u00f3n SEPA. Actualmente es patrono de honor de dicha fundaci\u00f3n.","sameAs":["https:\/\/clinicavallcorba.com","https:\/\/www.instagram.com\/clinicavallcorba?igsh=cWE4MjljazZnMzVy","https:\/\/www.linkedin.com\/in\/nuria-vallcorba-plana-6434a642\/"],"url":"https:\/\/clinicavallcorba.com\/ca\/author\/nuria-vallcorba\/"}]}},"_links":{"self":[{"href":"https:\/\/clinicavallcorba.com\/ca\/wp-json\/wp\/v2\/posts\/3330","targetHints":{"allow":["GET"]}}],"collection":[{"href":"https:\/\/clinicavallcorba.com\/ca\/wp-json\/wp\/v2\/posts"}],"about":[{"href":"https:\/\/clinicavallcorba.com\/ca\/wp-json\/wp\/v2\/types\/post"}],"author":[{"embeddable":true,"href":"https:\/\/clinicavallcorba.com\/ca\/wp-json\/wp\/v2\/users\/1"}],"replies":[{"embeddable":true,"href":"https:\/\/clinicavallcorba.com\/ca\/wp-json\/wp\/v2\/comments?post=3330"}],"version-history":[{"count":0,"href":"https:\/\/clinicavallcorba.com\/ca\/wp-json\/wp\/v2\/posts\/3330\/revisions"}],"wp:featuredmedia":[{"embeddable":true,"href":"https:\/\/clinicavallcorba.com\/ca\/wp-json\/wp\/v2\/media\/2769"}],"wp:attachment":[{"href":"https:\/\/clinicavallcorba.com\/ca\/wp-json\/wp\/v2\/media?parent=3330"}],"wp:term":[{"taxonomy":"category","embeddable":true,"href":"https:\/\/clinicavallcorba.com\/ca\/wp-json\/wp\/v2\/categories?post=3330"},{"taxonomy":"post_tag","embeddable":true,"href":"https:\/\/clinicavallcorba.com\/ca\/wp-json\/wp\/v2\/tags?post=3330"}],"curies":[{"name":"wp","href":"https:\/\/api.w.org\/{rel}","templated":true}]}}