{"id":3399,"date":"2020-02-26T17:42:44","date_gmt":"2020-02-26T16:42:44","guid":{"rendered":"https:\/\/clinicavallcorba.com\/salud-bucal-y-embarazo\/"},"modified":"2024-01-25T16:27:00","modified_gmt":"2024-01-25T15:27:00","slug":"salut-bucal-i-embaras","status":"publish","type":"post","link":"https:\/\/clinicavallcorba.com\/ca\/salut-bucal-i-embaras\/","title":{"rendered":"No cal perdre una dent a cada embar\u00e0s"},"content":{"rendered":"<div class=\"fusion-fullwidth fullwidth-box fusion-builder-row-1 fusion-flex-container has-pattern-background has-mask-background nonhundred-percent-fullwidth non-hundred-percent-height-scrolling\" style=\"--link_hover_color: var(--awb-color6);--link_color: var(--awb-color7);--awb-border-radius-top-left:0px;--awb-border-radius-top-right:0px;--awb-border-radius-bottom-right:0px;--awb-border-radius-bottom-left:0px;--awb-flex-wrap:wrap;\" ><div class=\"fusion-builder-row fusion-row fusion-flex-align-items-flex-start fusion-flex-content-wrap\" style=\"max-width:1300px;margin-left: calc(-4% \/ 2 );margin-right: calc(-4% \/ 2 );\"><div class=\"fusion-layout-column fusion_builder_column fusion-builder-column-0 fusion_builder_column_1_2 1_2 fusion-flex-column\" style=\"--awb-bg-size:cover;--awb-width-large:50%;--awb-margin-top-large:0px;--awb-spacing-right-large:3.84%;--awb-margin-bottom-large:20px;--awb-spacing-left-large:3.84%;--awb-width-medium:50%;--awb-order-medium:0;--awb-spacing-right-medium:3.84%;--awb-spacing-left-medium:3.84%;--awb-width-small:100%;--awb-order-small:0;--awb-spacing-right-small:1.92%;--awb-spacing-left-small:1.92%;\"><div class=\"fusion-column-wrapper fusion-column-has-shadow fusion-flex-justify-content-flex-start fusion-content-layout-column\"><div class=\"fusion-image-element \" style=\"text-align:center;--awb-caption-title-font-family:var(--h2_typography-font-family);--awb-caption-title-font-weight:var(--h2_typography-font-weight);--awb-caption-title-font-style:var(--h2_typography-font-style);--awb-caption-title-size:var(--h2_typography-font-size);--awb-caption-title-transform:var(--h2_typography-text-transform);--awb-caption-title-line-height:var(--h2_typography-line-height);--awb-caption-title-letter-spacing:var(--h2_typography-letter-spacing);\"><span class=\" fusion-imageframe imageframe-none imageframe-1 hover-type-none\"><img decoding=\"async\" width=\"595\" height=\"463\" alt=\"No hay que perder un diente en cada embarazo\" title=\"No hay que perder un diente en cada embarazo\" src=\"https:\/\/clinicavallcorba.com\/wp-content\/uploads\/salud-y-embarazo.webp\" class=\"img-responsive wp-image-2801\" srcset=\"https:\/\/clinicavallcorba.com\/wp-content\/uploads\/salud-y-embarazo-200x156.webp 200w, https:\/\/clinicavallcorba.com\/wp-content\/uploads\/salud-y-embarazo-400x311.webp 400w, https:\/\/clinicavallcorba.com\/wp-content\/uploads\/salud-y-embarazo.webp 595w\" sizes=\"(max-width: 640px) 100vw, 595px\" \/><\/span><\/div><\/div><\/div><div class=\"fusion-layout-column fusion_builder_column fusion-builder-column-1 fusion_builder_column_1_2 1_2 fusion-flex-column\" style=\"--awb-bg-size:cover;--awb-width-large:50%;--awb-margin-top-large:0px;--awb-spacing-right-large:3.84%;--awb-margin-bottom-large:20px;--awb-spacing-left-large:3.84%;--awb-width-medium:50%;--awb-order-medium:0;--awb-spacing-right-medium:3.84%;--awb-spacing-left-medium:3.84%;--awb-width-small:100%;--awb-order-small:0;--awb-spacing-right-small:1.92%;--awb-spacing-left-small:1.92%;\"><div class=\"fusion-column-wrapper fusion-column-has-shadow fusion-flex-justify-content-flex-start fusion-content-layout-column\"><div class=\"fusion-title title fusion-title-1 fusion-sep-none fusion-title-text fusion-title-size-two\"><h2 class=\"fusion-title-heading title-heading-left fusion-responsive-typography-calculated\" style=\"margin:0;--fontSize:34;line-height:var(--awb-typography2-line-height);\">Salut bucal i embar\u00e0s.<\/h2><\/div><div class=\"fusion-text fusion-text-1\" style=\"--awb-content-alignment:justify;\"><p><em>26 de febrer del 2020<\/em><\/p>\n<p>Durant temps s\u2019ha considerat normal patir problemes de genives o perdre dents per c\u00e0ries durant l\u2019embar\u00e0s.<\/p>\n<p>Res m\u00e9s lluny del que ha de ser.<\/p>\n<p><strong>Gingivitis de l\u2019embar\u00e0s<\/strong><\/p>\n<p>Durant l\u2019embar\u00e0s s\u2019incrementen els estr\u00f2gens i progesterona, capa\u00e7os d\u2019augmentar la inflamaci\u00f3 de les genives. \u00c9s l\u2019anomenada<strong>\u00a0gingivitis grav\u00eddica o de l\u2019embar\u00e0s<\/strong>, que es produeix en 1 de cada 3 dones.<\/p>\n<\/div><\/div><\/div><div class=\"fusion-layout-column fusion_builder_column fusion-builder-column-2 fusion_builder_column_1_1 1_1 fusion-flex-column\" style=\"--awb-bg-size:cover;--awb-width-large:100%;--awb-margin-top-large:0px;--awb-spacing-right-large:1.92%;--awb-margin-bottom-large:20px;--awb-spacing-left-large:1.92%;--awb-width-medium:100%;--awb-order-medium:0;--awb-spacing-right-medium:1.92%;--awb-spacing-left-medium:1.92%;--awb-width-small:100%;--awb-order-small:0;--awb-spacing-right-small:1.92%;--awb-spacing-left-small:1.92%;\"><div class=\"fusion-column-wrapper fusion-column-has-shadow fusion-flex-justify-content-flex-start fusion-content-layout-column\"><div class=\"fusion-text fusion-text-2\" style=\"--awb-content-alignment:justify;\"><p>No obstant aix\u00f2, els canvis hormonals per si sols no s\u00f3n capa\u00e7os de produir inflamaci\u00f3, sin\u00f3 que requereixen la pres\u00e8ncia de bacteris (biofilm o placa dental). Podr\u00edem dir que la dona, durant l\u2019embar\u00e0s, \u00e9s m\u00e9s susceptible a la inflamaci\u00f3 que produeix el biofilm o placa bacteriana dental.<br \/>\nSi la dona comen\u00e7a l\u2019embar\u00e0s sense inflamaci\u00f3 i mant\u00e9 un estricte control de placa bacteriana mitjan\u00e7ant una correcta higiene oral no presentar\u00e0 inflamaci\u00f3 gingival.<\/p>\n<p>&nbsp;<\/p>\n<p><strong>Periodontitis i embar\u00e0s<\/strong><\/p>\n<p>Durant l\u2019embar\u00e0s, la inflamaci\u00f3 i la p\u00e8rdua de suport dental associada a la periodontitis pot augmentar pels canvis hormonals, els canvis en la composici\u00f3 dels bacteris del biofilm o placa dental, i a la reducci\u00f3 de la resposta immunit\u00e0ria.<\/p>\n<p>En alguns estudis, la mala higiene bucal de la mare, associada a inflamaci\u00f3, s\u2019ha relacionat amb parts prematurs, nadons de baix pes i preeclamsia. Les pacients amb periodontitis tindrien 5 vegades m\u00e9s risc de preeclamsia, i 4 vegades m\u00e9s risc de part prematur.<\/p>\n<p>Sempre que sigui possible, recomanem una visita amb el dentista o periodontista abans de l\u2019embar\u00e0s.<strong>\u00a0La prevenci\u00f3 \u00e9s la millor eina per mantenir la salut de la mare i del fill.<\/strong>\u00a0I ser\u00e0 fonamental que la mare faci una higiene efica\u00e7 i constant durant tot l\u2019embar\u00e0s.<\/p>\n<p>&nbsp;<\/p>\n<p><strong>C\u00e0ries durant l\u2019embar\u00e0s<\/strong><\/p>\n<p>Les c\u00e0ries que es produeixin durant l\u2019embar\u00e0s no es deuen a la p\u00e8rdua de calci associat a les necessitats del fill. El calci que necessita el nad\u00f3 prov\u00e9 de la dieta. El que es recomana \u00e9s una dieta variada i els suplements de calci que recomani l\u2019obstetra.<\/p>\n<p>En canvi, si l\u2019embar\u00e0s produeix v\u00f2mits o reflux fins a la boca, els seus \u00e0cids poden afavorir la c\u00e0ries. Es recomana esbandir amb aigua i bicarbonat despr\u00e9s del v\u00f2mit o el reflux i aplicaci\u00f3 de fluor t\u00f2pic per evitar-les.<\/p>\n<p>En altres ocasions, les dones embarassades necessiten menjar alguna cosa entre hores per evitar la sensaci\u00f3 de n\u00e0usea. Es recomana que no siguin aliments o begudes dolces o \u00e0cids i que intentin raspallar-se les dents amb pasta fluorada despr\u00e9s de la ingesta.<\/p>\n<p>Tractar les c\u00e0ries de la mare i reduir la quantitat de bacteris causants de c\u00e0ries, ajudar\u00e0 a reduir el pas d\u2019aquests bacteris a la boca del fill despr\u00e9s del naixement. La mare \u00e9s la m\u00e9s gran \u201cdonant\u201d de bacteris productors de c\u00e0ries a al fill, i pot evitar-se millorant les condicions bucals de la mare.<\/p>\n<p>Per evitar c\u00e0ries i problemes de genives durant l\u2019embar\u00e0s cal seguir una correcta higiene dental amb pasta fluorada com a m\u00ednim dues vegades a el dia, i al menys realitzar higiene interdental amb seda dental o raspalls interdentals un cop a el dia. El sagnat de les genives quan es realitza la higiene no ha de impedir-la; cal seguir eliminant els bacteris perqu\u00e8 no augmenti la inflamaci\u00f3, a m\u00e9s d\u2019acudir a l\u2019dentista o periodontista.<\/p>\n<p>&nbsp;<\/p>\n<p><strong>Es pot realitzar tractament de les genives durant l\u2019embar\u00e0s per millorar la gingivitis i periodontitis<\/strong>. El tractament periodontal est\u00e0 encaminat a la reducci\u00f3 de la placa que causa la inflamaci\u00f3. Es realitzen tractaments higi\u00e8nics i es postponen fins despr\u00e9s del part els possibles tractaments quir\u00fargics.<br \/>\nNo s\u2019han de postposar els tractaments de c\u00e0ries associats a dolor, infecci\u00f3 o urg\u00e8ncia. S\u00f3n m\u00e9s elevats els riscos de la infecci\u00f3 que els del tractament.<br \/>\nSempre que sigui possible, es realitzen els tractaments en el segon trimestre de l\u2019embar\u00e0s.<\/p>\n<p>Durant l\u2019embar\u00e0s se sol limitar la presa de radiografies o la presa de medicacions, tret que siguin per una urg\u00e8ncia dental. En aquests casos, es realitzen les m\u00ednimes radiografies, digitals i amb protecci\u00f3, i es coordina amb l\u2019obstetra la medicaci\u00f3 a utilitzar. Per al dolor, sol usar-se paracetamol, i s\u2019evita l\u2019\u00fas d\u2019ibuprof\u00e8n. La clorhexidina, l\u2019antis\u00e8ptic m\u00e9s efica\u00e7 antiplaca i antigingivitis, pot usar-se t\u00f2picament durant l\u2019embar\u00e0s de manera segura tant en col\u00b7lutori com en gel.<\/p>\n<p>&nbsp;<\/p>\n<p><strong>Recomanacions de salut bucal durant l\u2019embar\u00e0s<\/strong><\/p>\n<p>Si est\u00e0 pensant en quedar-se embarassada, acudeixi a una revisi\u00f3 amb el dentista o periodontista per tractar els possibles problemes de c\u00e0ries o de genives que pateixi, i comen\u00e7ar l\u2019embar\u00e0s saludable.<\/p>\n<p>Raspalli les dents amb pasta fluorada com a m\u00ednim dues vegades al dia i netegi entre dents al menys un cop a el dia.<\/p>\n<p>Si menja o beu entre hores, eviti els dol\u00e7os o \u00e0cids. A m\u00e9s intenti raspallar-se les dents despr\u00e9s de la ingesta.<\/p>\n<p>Si presenta problemes durant l\u2019embar\u00e0s, pot realitzar tractament dental, especialment en el segon trimestre del l\u2019embar\u00e0s, seguint unes precaucions b\u00e0siques.<\/p>\n<p>Segueixi una dieta equilibrada i prengui els suplements que li indiqui el seu obstetra.<\/p>\n<p>&nbsp;<\/p>\n<p>(<a href=\"http:\/\/www.sepa.cuidatusencias.es\/\" target=\"_blank\" rel=\"noopener noreferrer\">http:\/\/www.sepa.cuidatusencias.es<\/a>)<\/p>\n<p>(<a href=\"https:\/\/www.consejodentistas.es\/comunicacion\/actualidad-del-consejo\/publicaciones-del-consejo\/libros-del-consejo\/item\/205-guia-embarazo.html\" target=\"_blank\" rel=\"noopener noreferrer\">https:\/\/www.consejodentistas.es\/comunicacion\/actualidad-del-consejo\/publicaciones-del-consejo\/libros-del-consejo\/item\/205-guia-embarazo.html<\/a>)<\/p>\n<\/div><\/div><\/div><\/div><\/div>\n","protected":false},"excerpt":{"rendered":"","protected":false},"author":1,"featured_media":2801,"comment_status":"closed","ping_status":"closed","sticky":false,"template":"","format":"standard","meta":{"footnotes":""},"categories":[1],"tags":[],"class_list":["post-3399","post","type-post","status-publish","format-standard","has-post-thumbnail","hentry","category-informacio-i-recomanacions"],"yoast_head":"<!-- This site is optimized with the Yoast SEO plugin v26.7 - https:\/\/yoast.com\/wordpress\/plugins\/seo\/ -->\n<title>No cal perdre una dent a cada embar\u00e0s | Cl\u00ednica Vallcorba<\/title>\n<meta name=\"description\" content=\"Durant temps s&#039;ha considerat normal patir problemes de genives o perdre dents per c\u00e0ries durant l&#039;embar\u00e0s. Tot sobre salut bucal i...\" \/>\n<meta name=\"robots\" content=\"index, follow, max-snippet:-1, max-image-preview:large, max-video-preview:-1\" \/>\n<link rel=\"canonical\" href=\"https:\/\/clinicavallcorba.com\/ca\/salut-bucal-i-embaras\/\" \/>\n<meta property=\"og:locale\" content=\"ca_ES\" \/>\n<meta property=\"og:type\" content=\"article\" \/>\n<meta property=\"og:title\" content=\"No cal perdre una dent a cada embar\u00e0s | Cl\u00ednica Vallcorba\" \/>\n<meta property=\"og:description\" content=\"Durant temps s&#039;ha considerat normal patir problemes de genives o perdre dents per c\u00e0ries durant l&#039;embar\u00e0s. Tot sobre salut bucal i...\" \/>\n<meta property=\"og:url\" content=\"https:\/\/clinicavallcorba.com\/ca\/salut-bucal-i-embaras\/\" \/>\n<meta property=\"og:site_name\" content=\"Cl\u00ednica Vallcorba\" \/>\n<meta property=\"article:published_time\" content=\"2020-02-26T16:42:44+00:00\" \/>\n<meta property=\"article:modified_time\" content=\"2024-01-25T15:27:00+00:00\" \/>\n<meta property=\"og:image\" content=\"https:\/\/clinicavallcorba.com\/wp-content\/uploads\/salud-y-embarazo.webp\" \/>\n\t<meta property=\"og:image:width\" content=\"595\" \/>\n\t<meta property=\"og:image:height\" content=\"463\" \/>\n\t<meta property=\"og:image:type\" content=\"image\/webp\" \/>\n<meta name=\"author\" content=\"Nuria Vallcorba\" \/>\n<meta name=\"twitter:card\" content=\"summary_large_image\" \/>\n<meta name=\"twitter:label1\" content=\"Escrit per\" \/>\n\t<meta name=\"twitter:data1\" content=\"Nuria Vallcorba\" \/>\n\t<meta name=\"twitter:label2\" content=\"Temps estimat de lectura\" \/>\n\t<meta name=\"twitter:data2\" content=\"5 minuts\" \/>\n<script type=\"application\/ld+json\" class=\"yoast-schema-graph\">{\"@context\":\"https:\/\/schema.org\",\"@graph\":[{\"@type\":\"Article\",\"@id\":\"https:\/\/clinicavallcorba.com\/ca\/salut-bucal-i-embaras\/#article\",\"isPartOf\":{\"@id\":\"https:\/\/clinicavallcorba.com\/ca\/salut-bucal-i-embaras\/\"},\"author\":{\"name\":\"Nuria Vallcorba\",\"@id\":\"https:\/\/clinicavallcorba.com\/ca\/#\/schema\/person\/864eb678a78ccbf1c6c41bbb09940583\"},\"headline\":\"No cal perdre una dent a cada embar\u00e0s\",\"datePublished\":\"2020-02-26T16:42:44+00:00\",\"dateModified\":\"2024-01-25T15:27:00+00:00\",\"mainEntityOfPage\":{\"@id\":\"https:\/\/clinicavallcorba.com\/ca\/salut-bucal-i-embaras\/\"},\"wordCount\":3030,\"image\":{\"@id\":\"https:\/\/clinicavallcorba.com\/ca\/salut-bucal-i-embaras\/#primaryimage\"},\"thumbnailUrl\":\"https:\/\/clinicavallcorba.com\/wp-content\/uploads\/salud-y-embarazo.webp\",\"articleSection\":[\"Informaci\u00f3 i recomanacions\"],\"inLanguage\":\"ca\"},{\"@type\":\"WebPage\",\"@id\":\"https:\/\/clinicavallcorba.com\/ca\/salut-bucal-i-embaras\/\",\"url\":\"https:\/\/clinicavallcorba.com\/ca\/salut-bucal-i-embaras\/\",\"name\":\"No cal perdre una dent a cada embar\u00e0s | Cl\u00ednica Vallcorba\",\"isPartOf\":{\"@id\":\"https:\/\/clinicavallcorba.com\/ca\/#website\"},\"primaryImageOfPage\":{\"@id\":\"https:\/\/clinicavallcorba.com\/ca\/salut-bucal-i-embaras\/#primaryimage\"},\"image\":{\"@id\":\"https:\/\/clinicavallcorba.com\/ca\/salut-bucal-i-embaras\/#primaryimage\"},\"thumbnailUrl\":\"https:\/\/clinicavallcorba.com\/wp-content\/uploads\/salud-y-embarazo.webp\",\"datePublished\":\"2020-02-26T16:42:44+00:00\",\"dateModified\":\"2024-01-25T15:27:00+00:00\",\"author\":{\"@id\":\"https:\/\/clinicavallcorba.com\/ca\/#\/schema\/person\/864eb678a78ccbf1c6c41bbb09940583\"},\"description\":\"Durant temps s'ha considerat normal patir problemes de genives o perdre dents per c\u00e0ries durant l'embar\u00e0s. Tot sobre salut bucal i...\",\"breadcrumb\":{\"@id\":\"https:\/\/clinicavallcorba.com\/ca\/salut-bucal-i-embaras\/#breadcrumb\"},\"inLanguage\":\"ca\",\"potentialAction\":[{\"@type\":\"ReadAction\",\"target\":[\"https:\/\/clinicavallcorba.com\/ca\/salut-bucal-i-embaras\/\"]}]},{\"@type\":\"ImageObject\",\"inLanguage\":\"ca\",\"@id\":\"https:\/\/clinicavallcorba.com\/ca\/salut-bucal-i-embaras\/#primaryimage\",\"url\":\"https:\/\/clinicavallcorba.com\/wp-content\/uploads\/salud-y-embarazo.webp\",\"contentUrl\":\"https:\/\/clinicavallcorba.com\/wp-content\/uploads\/salud-y-embarazo.webp\",\"width\":595,\"height\":463},{\"@type\":\"BreadcrumbList\",\"@id\":\"https:\/\/clinicavallcorba.com\/ca\/salut-bucal-i-embaras\/#breadcrumb\",\"itemListElement\":[{\"@type\":\"ListItem\",\"position\":1,\"name\":\"Inici\",\"item\":\"https:\/\/clinicavallcorba.com\/ca\/\"},{\"@type\":\"ListItem\",\"position\":2,\"name\":\"No cal perdre una dent a cada embar\u00e0s\"}]},{\"@type\":\"WebSite\",\"@id\":\"https:\/\/clinicavallcorba.com\/ca\/#website\",\"url\":\"https:\/\/clinicavallcorba.com\/ca\/\",\"name\":\"Cl\u00ednica Vallcorba\",\"description\":\"Cl\u00ednica dental\",\"potentialAction\":[{\"@type\":\"SearchAction\",\"target\":{\"@type\":\"EntryPoint\",\"urlTemplate\":\"https:\/\/clinicavallcorba.com\/ca\/?s={search_term_string}\"},\"query-input\":{\"@type\":\"PropertyValueSpecification\",\"valueRequired\":true,\"valueName\":\"search_term_string\"}}],\"inLanguage\":\"ca\"},{\"@type\":\"Person\",\"@id\":\"https:\/\/clinicavallcorba.com\/ca\/#\/schema\/person\/864eb678a78ccbf1c6c41bbb09940583\",\"name\":\"Nuria Vallcorba\",\"description\":\"Nuria Vallcorba realiz\u00f3 sus estudios de medicina y cirug\u00eda en la Universidad aut\u00f3noma de Barcelona con calificaci\u00f3n de sobresaliente. Posteriormente se especializ\u00f3 en estomatolog\u00eda, realiz\u00f3 el master en Periodoncia y el doctorado en Odontolog\u00eda en la Universidad Complutense de Madrid, con calificaci\u00f3n cum laude por unanimidad. Ejerce desde 1990 pr\u00e1ctica cl\u00ednica de periodoncia e implantes en Barcelona. Dentro de la actividad cient\u00edfica cabe destacar, adem\u00e1s del doctorado, la publicaci\u00f3n de art\u00edculos en revistas y cap\u00edtulos en libros a nivel nacional e internacional. Ha sido directora de la revista Periodoncia, de la Sociedad espa\u00f1ola de Periodoncia. Es conferenciante sobre Periodoncia y consultor de diferentes organismos cient\u00edficos. Ha realizado actividad docente de Periodoncia desde 1989, tanto de pregrado como de postgrado, en la Universidad Complutense de Madrid, Universidad de California-Los Angeles, Universidad de Barcelona, Universitat internacional de Catalunya y actualmente imparte docencia en el master de Periodoncia de la Universidad de Valencia. Ha sido Presidente de la Societat Catalana d\u2019odontologia i estomatolog\u00eda de la Acad\u00e8mia de Ci\u00e8ncies M\u00e8diques de Catalunya i Balears y Presidente de la Sociedad Espa\u00f1ola de Periodoncia y osteointegraci\u00f3n y de la Fundaci\u00f3n SEPA. Actualmente es patrono de honor de dicha fundaci\u00f3n.\",\"sameAs\":[\"https:\/\/clinicavallcorba.com\",\"https:\/\/www.instagram.com\/clinicavallcorba?igsh=cWE4MjljazZnMzVy\",\"https:\/\/www.linkedin.com\/in\/nuria-vallcorba-plana-6434a642\/\"],\"url\":\"https:\/\/clinicavallcorba.com\/ca\/author\/nuria-vallcorba\/\"}]}<\/script>\n<!-- \/ Yoast SEO plugin. -->","yoast_head_json":{"title":"No cal perdre una dent a cada embar\u00e0s | Cl\u00ednica Vallcorba","description":"Durant temps s'ha considerat normal patir problemes de genives o perdre dents per c\u00e0ries durant l'embar\u00e0s. Tot sobre salut bucal i...","robots":{"index":"index","follow":"follow","max-snippet":"max-snippet:-1","max-image-preview":"max-image-preview:large","max-video-preview":"max-video-preview:-1"},"canonical":"https:\/\/clinicavallcorba.com\/ca\/salut-bucal-i-embaras\/","og_locale":"ca_ES","og_type":"article","og_title":"No cal perdre una dent a cada embar\u00e0s | Cl\u00ednica Vallcorba","og_description":"Durant temps s'ha considerat normal patir problemes de genives o perdre dents per c\u00e0ries durant l'embar\u00e0s. Tot sobre salut bucal i...","og_url":"https:\/\/clinicavallcorba.com\/ca\/salut-bucal-i-embaras\/","og_site_name":"Cl\u00ednica Vallcorba","article_published_time":"2020-02-26T16:42:44+00:00","article_modified_time":"2024-01-25T15:27:00+00:00","og_image":[{"width":595,"height":463,"url":"https:\/\/clinicavallcorba.com\/wp-content\/uploads\/salud-y-embarazo.webp","type":"image\/webp"}],"author":"Nuria Vallcorba","twitter_card":"summary_large_image","twitter_misc":{"Escrit per":"Nuria Vallcorba","Temps estimat de lectura":"5 minuts"},"schema":{"@context":"https:\/\/schema.org","@graph":[{"@type":"Article","@id":"https:\/\/clinicavallcorba.com\/ca\/salut-bucal-i-embaras\/#article","isPartOf":{"@id":"https:\/\/clinicavallcorba.com\/ca\/salut-bucal-i-embaras\/"},"author":{"name":"Nuria Vallcorba","@id":"https:\/\/clinicavallcorba.com\/ca\/#\/schema\/person\/864eb678a78ccbf1c6c41bbb09940583"},"headline":"No cal perdre una dent a cada embar\u00e0s","datePublished":"2020-02-26T16:42:44+00:00","dateModified":"2024-01-25T15:27:00+00:00","mainEntityOfPage":{"@id":"https:\/\/clinicavallcorba.com\/ca\/salut-bucal-i-embaras\/"},"wordCount":3030,"image":{"@id":"https:\/\/clinicavallcorba.com\/ca\/salut-bucal-i-embaras\/#primaryimage"},"thumbnailUrl":"https:\/\/clinicavallcorba.com\/wp-content\/uploads\/salud-y-embarazo.webp","articleSection":["Informaci\u00f3 i recomanacions"],"inLanguage":"ca"},{"@type":"WebPage","@id":"https:\/\/clinicavallcorba.com\/ca\/salut-bucal-i-embaras\/","url":"https:\/\/clinicavallcorba.com\/ca\/salut-bucal-i-embaras\/","name":"No cal perdre una dent a cada embar\u00e0s | Cl\u00ednica Vallcorba","isPartOf":{"@id":"https:\/\/clinicavallcorba.com\/ca\/#website"},"primaryImageOfPage":{"@id":"https:\/\/clinicavallcorba.com\/ca\/salut-bucal-i-embaras\/#primaryimage"},"image":{"@id":"https:\/\/clinicavallcorba.com\/ca\/salut-bucal-i-embaras\/#primaryimage"},"thumbnailUrl":"https:\/\/clinicavallcorba.com\/wp-content\/uploads\/salud-y-embarazo.webp","datePublished":"2020-02-26T16:42:44+00:00","dateModified":"2024-01-25T15:27:00+00:00","author":{"@id":"https:\/\/clinicavallcorba.com\/ca\/#\/schema\/person\/864eb678a78ccbf1c6c41bbb09940583"},"description":"Durant temps s'ha considerat normal patir problemes de genives o perdre dents per c\u00e0ries durant l'embar\u00e0s. Tot sobre salut bucal i...","breadcrumb":{"@id":"https:\/\/clinicavallcorba.com\/ca\/salut-bucal-i-embaras\/#breadcrumb"},"inLanguage":"ca","potentialAction":[{"@type":"ReadAction","target":["https:\/\/clinicavallcorba.com\/ca\/salut-bucal-i-embaras\/"]}]},{"@type":"ImageObject","inLanguage":"ca","@id":"https:\/\/clinicavallcorba.com\/ca\/salut-bucal-i-embaras\/#primaryimage","url":"https:\/\/clinicavallcorba.com\/wp-content\/uploads\/salud-y-embarazo.webp","contentUrl":"https:\/\/clinicavallcorba.com\/wp-content\/uploads\/salud-y-embarazo.webp","width":595,"height":463},{"@type":"BreadcrumbList","@id":"https:\/\/clinicavallcorba.com\/ca\/salut-bucal-i-embaras\/#breadcrumb","itemListElement":[{"@type":"ListItem","position":1,"name":"Inici","item":"https:\/\/clinicavallcorba.com\/ca\/"},{"@type":"ListItem","position":2,"name":"No cal perdre una dent a cada embar\u00e0s"}]},{"@type":"WebSite","@id":"https:\/\/clinicavallcorba.com\/ca\/#website","url":"https:\/\/clinicavallcorba.com\/ca\/","name":"Cl\u00ednica Vallcorba","description":"Cl\u00ednica dental","potentialAction":[{"@type":"SearchAction","target":{"@type":"EntryPoint","urlTemplate":"https:\/\/clinicavallcorba.com\/ca\/?s={search_term_string}"},"query-input":{"@type":"PropertyValueSpecification","valueRequired":true,"valueName":"search_term_string"}}],"inLanguage":"ca"},{"@type":"Person","@id":"https:\/\/clinicavallcorba.com\/ca\/#\/schema\/person\/864eb678a78ccbf1c6c41bbb09940583","name":"Nuria Vallcorba","description":"Nuria Vallcorba realiz\u00f3 sus estudios de medicina y cirug\u00eda en la Universidad aut\u00f3noma de Barcelona con calificaci\u00f3n de sobresaliente. Posteriormente se especializ\u00f3 en estomatolog\u00eda, realiz\u00f3 el master en Periodoncia y el doctorado en Odontolog\u00eda en la Universidad Complutense de Madrid, con calificaci\u00f3n cum laude por unanimidad. Ejerce desde 1990 pr\u00e1ctica cl\u00ednica de periodoncia e implantes en Barcelona. Dentro de la actividad cient\u00edfica cabe destacar, adem\u00e1s del doctorado, la publicaci\u00f3n de art\u00edculos en revistas y cap\u00edtulos en libros a nivel nacional e internacional. Ha sido directora de la revista Periodoncia, de la Sociedad espa\u00f1ola de Periodoncia. Es conferenciante sobre Periodoncia y consultor de diferentes organismos cient\u00edficos. Ha realizado actividad docente de Periodoncia desde 1989, tanto de pregrado como de postgrado, en la Universidad Complutense de Madrid, Universidad de California-Los Angeles, Universidad de Barcelona, Universitat internacional de Catalunya y actualmente imparte docencia en el master de Periodoncia de la Universidad de Valencia. Ha sido Presidente de la Societat Catalana d\u2019odontologia i estomatolog\u00eda de la Acad\u00e8mia de Ci\u00e8ncies M\u00e8diques de Catalunya i Balears y Presidente de la Sociedad Espa\u00f1ola de Periodoncia y osteointegraci\u00f3n y de la Fundaci\u00f3n SEPA. Actualmente es patrono de honor de dicha fundaci\u00f3n.","sameAs":["https:\/\/clinicavallcorba.com","https:\/\/www.instagram.com\/clinicavallcorba?igsh=cWE4MjljazZnMzVy","https:\/\/www.linkedin.com\/in\/nuria-vallcorba-plana-6434a642\/"],"url":"https:\/\/clinicavallcorba.com\/ca\/author\/nuria-vallcorba\/"}]}},"_links":{"self":[{"href":"https:\/\/clinicavallcorba.com\/ca\/wp-json\/wp\/v2\/posts\/3399","targetHints":{"allow":["GET"]}}],"collection":[{"href":"https:\/\/clinicavallcorba.com\/ca\/wp-json\/wp\/v2\/posts"}],"about":[{"href":"https:\/\/clinicavallcorba.com\/ca\/wp-json\/wp\/v2\/types\/post"}],"author":[{"embeddable":true,"href":"https:\/\/clinicavallcorba.com\/ca\/wp-json\/wp\/v2\/users\/1"}],"replies":[{"embeddable":true,"href":"https:\/\/clinicavallcorba.com\/ca\/wp-json\/wp\/v2\/comments?post=3399"}],"version-history":[{"count":0,"href":"https:\/\/clinicavallcorba.com\/ca\/wp-json\/wp\/v2\/posts\/3399\/revisions"}],"wp:featuredmedia":[{"embeddable":true,"href":"https:\/\/clinicavallcorba.com\/ca\/wp-json\/wp\/v2\/media\/2801"}],"wp:attachment":[{"href":"https:\/\/clinicavallcorba.com\/ca\/wp-json\/wp\/v2\/media?parent=3399"}],"wp:term":[{"taxonomy":"category","embeddable":true,"href":"https:\/\/clinicavallcorba.com\/ca\/wp-json\/wp\/v2\/categories?post=3399"},{"taxonomy":"post_tag","embeddable":true,"href":"https:\/\/clinicavallcorba.com\/ca\/wp-json\/wp\/v2\/tags?post=3399"}],"curies":[{"name":"wp","href":"https:\/\/api.w.org\/{rel}","templated":true}]}}