{"id":3418,"date":"2020-01-03T18:00:03","date_gmt":"2020-01-03T17:00:03","guid":{"rendered":"https:\/\/clinicavallcorba.com\/causas-y-soluciones-para-los-dientes-flojos\/"},"modified":"2024-01-25T16:34:11","modified_gmt":"2024-01-25T15:34:11","slug":"causes-i-solucions-per-a-les-dents-fluixes","status":"publish","type":"post","link":"https:\/\/clinicavallcorba.com\/ca\/causes-i-solucions-per-a-les-dents-fluixes\/","title":{"rendered":"Causes i solucions per a les dents fluixes"},"content":{"rendered":"<div class=\"fusion-fullwidth fullwidth-box fusion-builder-row-1 fusion-flex-container has-pattern-background has-mask-background nonhundred-percent-fullwidth non-hundred-percent-height-scrolling\" style=\"--link_hover_color: var(--awb-color6);--link_color: var(--awb-color7);--awb-border-radius-top-left:0px;--awb-border-radius-top-right:0px;--awb-border-radius-bottom-right:0px;--awb-border-radius-bottom-left:0px;--awb-flex-wrap:wrap;\" ><div class=\"fusion-builder-row fusion-row fusion-flex-align-items-flex-start fusion-flex-content-wrap\" style=\"max-width:1300px;margin-left: calc(-4% \/ 2 );margin-right: calc(-4% \/ 2 );\"><div class=\"fusion-layout-column fusion_builder_column fusion-builder-column-0 fusion_builder_column_1_2 1_2 fusion-flex-column\" style=\"--awb-bg-size:cover;--awb-width-large:50%;--awb-margin-top-large:0px;--awb-spacing-right-large:3.84%;--awb-margin-bottom-large:20px;--awb-spacing-left-large:3.84%;--awb-width-medium:50%;--awb-order-medium:0;--awb-spacing-right-medium:3.84%;--awb-spacing-left-medium:3.84%;--awb-width-small:100%;--awb-order-small:0;--awb-spacing-right-small:1.92%;--awb-spacing-left-small:1.92%;\"><div class=\"fusion-column-wrapper fusion-column-has-shadow fusion-flex-justify-content-flex-start fusion-content-layout-column\"><div class=\"fusion-image-element \" style=\"text-align:center;--awb-caption-title-font-family:var(--h2_typography-font-family);--awb-caption-title-font-weight:var(--h2_typography-font-weight);--awb-caption-title-font-style:var(--h2_typography-font-style);--awb-caption-title-size:var(--h2_typography-font-size);--awb-caption-title-transform:var(--h2_typography-text-transform);--awb-caption-title-line-height:var(--h2_typography-line-height);--awb-caption-title-letter-spacing:var(--h2_typography-letter-spacing);\"><span class=\" fusion-imageframe imageframe-none imageframe-1 hover-type-none\"><img decoding=\"async\" width=\"595\" height=\"463\" alt=\"Causas y soluciones para los dientes flojos\" title=\"Causas y soluciones para los dientes flojos\" src=\"https:\/\/clinicavallcorba.com\/wp-content\/uploads\/dientes-flojos.webp\" class=\"img-responsive wp-image-2804\" srcset=\"https:\/\/clinicavallcorba.com\/wp-content\/uploads\/dientes-flojos-200x156.webp 200w, https:\/\/clinicavallcorba.com\/wp-content\/uploads\/dientes-flojos-400x311.webp 400w, https:\/\/clinicavallcorba.com\/wp-content\/uploads\/dientes-flojos.webp 595w\" sizes=\"(max-width: 640px) 100vw, 595px\" \/><\/span><\/div><\/div><\/div><div class=\"fusion-layout-column fusion_builder_column fusion-builder-column-1 fusion_builder_column_1_2 1_2 fusion-flex-column\" style=\"--awb-bg-size:cover;--awb-width-large:50%;--awb-margin-top-large:0px;--awb-spacing-right-large:3.84%;--awb-margin-bottom-large:20px;--awb-spacing-left-large:3.84%;--awb-width-medium:50%;--awb-order-medium:0;--awb-spacing-right-medium:3.84%;--awb-spacing-left-medium:3.84%;--awb-width-small:100%;--awb-order-small:0;--awb-spacing-right-small:1.92%;--awb-spacing-left-small:1.92%;\"><div class=\"fusion-column-wrapper fusion-column-has-shadow fusion-flex-justify-content-flex-start fusion-content-layout-column\"><div class=\"fusion-title title fusion-title-1 fusion-sep-none fusion-title-text fusion-title-size-two\"><h2 class=\"fusion-title-heading title-heading-left fusion-responsive-typography-calculated\" style=\"margin:0;--fontSize:34;line-height:var(--awb-typography2-line-height);\">Causes i solucions per a les dents fluixes<\/h2><\/div><div class=\"fusion-text fusion-text-1\" style=\"--awb-content-alignment:justify;\"><p><em>3 de Gener del 2020<\/em><\/p>\n<p>Des que es movien les dents en la inf\u00e0ncia abans que caiguessin i els pos\u00e9s sota el coix\u00ed, no havia notat abans les dents fluixes.<\/p>\n<p>Les causes d\u2019aquesta sensaci\u00f3 poden ser v\u00e0ries.<\/p>\n<p>En la major part dels casos es deu a\u00a0<strong>periodontitis<\/strong>, la malaltia de les genives en qu\u00e8 la inflamaci\u00f3 causada per l\u2019acumulaci\u00f3 de bacteris al costat i sota la geniva produeix p\u00e8rdua de l\u2019os de subjecci\u00f3 de les dents. Quan es detecta mobilitat dental per periodontitis, sol estar avan\u00e7ada<\/p>\n<\/div><\/div><\/div><div class=\"fusion-layout-column fusion_builder_column fusion-builder-column-2 fusion_builder_column_1_1 1_1 fusion-flex-column\" style=\"--awb-bg-size:cover;--awb-width-large:100%;--awb-margin-top-large:0px;--awb-spacing-right-large:1.92%;--awb-margin-bottom-large:20px;--awb-spacing-left-large:1.92%;--awb-width-medium:100%;--awb-order-medium:0;--awb-spacing-right-medium:1.92%;--awb-spacing-left-medium:1.92%;--awb-width-small:100%;--awb-order-small:0;--awb-spacing-right-small:1.92%;--awb-spacing-left-small:1.92%;\"><div class=\"fusion-column-wrapper fusion-column-has-shadow fusion-flex-justify-content-flex-start fusion-content-layout-column\"><div class=\"fusion-text fusion-text-2\" style=\"--awb-content-alignment:justify;\"><ul>\n<li>Hi pot haver una\u00a0<strong>infecci\u00f3 del nervi<\/strong>\u00a0de la dent o queixal, per exemple, associat a una c\u00e0ries avan\u00e7ada. La infecci\u00f3 a la base de la dent afavoreix el moviment dental.<\/li>\n<li>La\u00a0<strong>dent<\/strong>\u00a0pot estar\u00a0<strong>fracturada<\/strong>.<\/li>\n<li>La\u00a0<strong>malposici\u00f3 dent\u00e0ria i el bruxisme<\/strong>\u00a0o apretament de les dents poden produir una sobrec\u00e0rrega mec\u00e0nica que produeix un eixamplament del lligament que fixa la dent, la qual cosa permet a la dent incrementar el moviment.<\/li>\n<li>Molt menys freq\u00fcentment, la mobilitat dental pot associar-se a\u00a0<strong>malalties generals<\/strong>\u00a0com esclerod\u00e8rmia, mieloma m\u00faltiple o alguns limfomes.<\/li>\n<\/ul>\n<\/div><div class=\"fusion-title title fusion-title-2 fusion-sep-none fusion-title-text fusion-title-size-two\"><h2 class=\"fusion-title-heading title-heading-left fusion-responsive-typography-calculated\" style=\"margin:0;--fontSize:34;line-height:var(--awb-typography2-line-height);\">Com poden tractar-se les dents fluixes?<\/h2><\/div><div class=\"fusion-text fusion-text-3\" style=\"--awb-content-alignment:justify;\"><p>Acudir al dentista el m\u00e9s aviat possible el portar\u00e0 a el diagn\u00f2stic de la causa del moviment dental, per poder-lo tractar adequadament.<\/p>\n<ol>\n<li>Si la causa est\u00e0 en les genives malaltes, el\u00a0<strong>tractament periodontal<\/strong>\u00a0\u00e9s essencial; es basa en l\u2019eliminaci\u00f3 de la inflamaci\u00f3 associada a la malaltia, eliminant els bacteris que hi ha sobre la dent i les que es troben sota les genives, juntament amb l\u2019eliminaci\u00f3 dels possibles factors de risc que presenti, els quals afavoreixen el desenvolupament de la periodontitis, com la diabetis o l\u2019h\u00e0bit tab\u00e0quic, per exemple.<\/li>\n<\/ol>\n<p>En alguns casos, a m\u00e9s de tractar-se la malaltia causant, es poden unir les dents m\u00f2bils als adjacents m\u00e9s fixos (<strong>ferulitzaci\u00f3<\/strong>), millorant la comoditat del pacient, especialment al mastegar.<\/p>\n<p>Una dent fluixa, la major part de les vegades, \u00e9s mantenible. Acudeixi a un\u00a0<strong>periodoncista<\/strong>, \u00e9s a dir, a l\u2019especialista en prevenci\u00f3 i tractament de les genives.<\/p>\n<ol start=\"2\">\n<li>Si la dent t\u00e9 una infecci\u00f3 deguda al nervi, est\u00e0 indicat el tractament del nervi (<strong>tractament de conductes o endod\u00f2ntic<\/strong>)<\/li>\n<li>En cas d\u2019una dent fracturada, cal determinar on es troba la l\u00ednia de fractura. En alguns casos, \u00e9s possible mantenir una part de la dent sobre la qual es reconstrueix la qual no \u00e9s possible retenir. \u00c9s important que la visita al dentista despr\u00e9s del traumatisme sigui immediata.<\/li>\n<li>Si presenta dents en malposici\u00f3 o presenta apretament dental, pot ser recomanable realitzar\u00a0<strong>tractament d\u2019ortod\u00f2ncia o posar una f\u00e8rula de desc\u00e0rrega nocturna.<\/strong><\/li>\n<\/ol>\n<p>En cas de mobilitat dental, no demori la visita a la cl\u00ednica dental. El diagn\u00f2stic preco\u00e7 facilita un tractament reeixit.<\/p>\n<\/div><\/div><\/div><\/div><\/div>\n","protected":false},"excerpt":{"rendered":"","protected":false},"author":1,"featured_media":2804,"comment_status":"closed","ping_status":"closed","sticky":false,"template":"","format":"standard","meta":{"footnotes":""},"categories":[1],"tags":[],"class_list":["post-3418","post","type-post","status-publish","format-standard","has-post-thumbnail","hentry","category-informacio-i-recomanacions"],"yoast_head":"<!-- This site is optimized with the Yoast SEO plugin v26.7 - https:\/\/yoast.com\/wordpress\/plugins\/seo\/ -->\n<title>Causes i solucions per a les dents fluixes | Cl\u00ednica Vallcorba<\/title>\n<meta name=\"description\" content=\"Des que es movien les dents en la inf\u00e0ncia abans que caiguessin i els pos\u00e9s sota el coix\u00ed, no havia notat abans les dents fluixes...\" \/>\n<meta name=\"robots\" content=\"index, follow, max-snippet:-1, max-image-preview:large, max-video-preview:-1\" \/>\n<link rel=\"canonical\" href=\"https:\/\/clinicavallcorba.com\/ca\/causes-i-solucions-per-a-les-dents-fluixes\/\" \/>\n<meta property=\"og:locale\" content=\"ca_ES\" \/>\n<meta property=\"og:type\" content=\"article\" \/>\n<meta property=\"og:title\" content=\"Causes i solucions per a les dents fluixes | Cl\u00ednica Vallcorba\" \/>\n<meta property=\"og:description\" content=\"Des que es movien les dents en la inf\u00e0ncia abans que caiguessin i els pos\u00e9s sota el coix\u00ed, no havia notat abans les dents fluixes...\" \/>\n<meta property=\"og:url\" content=\"https:\/\/clinicavallcorba.com\/ca\/causes-i-solucions-per-a-les-dents-fluixes\/\" \/>\n<meta property=\"og:site_name\" content=\"Cl\u00ednica Vallcorba\" \/>\n<meta property=\"article:published_time\" content=\"2020-01-03T17:00:03+00:00\" \/>\n<meta property=\"article:modified_time\" content=\"2024-01-25T15:34:11+00:00\" \/>\n<meta property=\"og:image\" content=\"https:\/\/clinicavallcorba.com\/wp-content\/uploads\/dientes-flojos.webp\" \/>\n\t<meta property=\"og:image:width\" content=\"595\" \/>\n\t<meta property=\"og:image:height\" content=\"463\" \/>\n\t<meta property=\"og:image:type\" content=\"image\/webp\" \/>\n<meta name=\"author\" content=\"Nuria Vallcorba\" \/>\n<meta name=\"twitter:card\" content=\"summary_large_image\" \/>\n<meta name=\"twitter:label1\" content=\"Escrit per\" \/>\n\t<meta name=\"twitter:data1\" content=\"Nuria Vallcorba\" \/>\n\t<meta name=\"twitter:label2\" content=\"Temps estimat de lectura\" \/>\n\t<meta name=\"twitter:data2\" content=\"3 minuts\" \/>\n<script type=\"application\/ld+json\" class=\"yoast-schema-graph\">{\"@context\":\"https:\/\/schema.org\",\"@graph\":[{\"@type\":\"Article\",\"@id\":\"https:\/\/clinicavallcorba.com\/ca\/causes-i-solucions-per-a-les-dents-fluixes\/#article\",\"isPartOf\":{\"@id\":\"https:\/\/clinicavallcorba.com\/ca\/causes-i-solucions-per-a-les-dents-fluixes\/\"},\"author\":{\"name\":\"Nuria Vallcorba\",\"@id\":\"https:\/\/clinicavallcorba.com\/ca\/#\/schema\/person\/864eb678a78ccbf1c6c41bbb09940583\"},\"headline\":\"Causes i solucions per a les dents fluixes\",\"datePublished\":\"2020-01-03T17:00:03+00:00\",\"dateModified\":\"2024-01-25T15:34:11+00:00\",\"mainEntityOfPage\":{\"@id\":\"https:\/\/clinicavallcorba.com\/ca\/causes-i-solucions-per-a-les-dents-fluixes\/\"},\"wordCount\":2868,\"image\":{\"@id\":\"https:\/\/clinicavallcorba.com\/ca\/causes-i-solucions-per-a-les-dents-fluixes\/#primaryimage\"},\"thumbnailUrl\":\"https:\/\/clinicavallcorba.com\/wp-content\/uploads\/dientes-flojos.webp\",\"articleSection\":[\"Informaci\u00f3 i recomanacions\"],\"inLanguage\":\"ca\"},{\"@type\":\"WebPage\",\"@id\":\"https:\/\/clinicavallcorba.com\/ca\/causes-i-solucions-per-a-les-dents-fluixes\/\",\"url\":\"https:\/\/clinicavallcorba.com\/ca\/causes-i-solucions-per-a-les-dents-fluixes\/\",\"name\":\"Causes i solucions per a les dents fluixes | Cl\u00ednica Vallcorba\",\"isPartOf\":{\"@id\":\"https:\/\/clinicavallcorba.com\/ca\/#website\"},\"primaryImageOfPage\":{\"@id\":\"https:\/\/clinicavallcorba.com\/ca\/causes-i-solucions-per-a-les-dents-fluixes\/#primaryimage\"},\"image\":{\"@id\":\"https:\/\/clinicavallcorba.com\/ca\/causes-i-solucions-per-a-les-dents-fluixes\/#primaryimage\"},\"thumbnailUrl\":\"https:\/\/clinicavallcorba.com\/wp-content\/uploads\/dientes-flojos.webp\",\"datePublished\":\"2020-01-03T17:00:03+00:00\",\"dateModified\":\"2024-01-25T15:34:11+00:00\",\"author\":{\"@id\":\"https:\/\/clinicavallcorba.com\/ca\/#\/schema\/person\/864eb678a78ccbf1c6c41bbb09940583\"},\"description\":\"Des que es movien les dents en la inf\u00e0ncia abans que caiguessin i els pos\u00e9s sota el coix\u00ed, no havia notat abans les dents fluixes...\",\"breadcrumb\":{\"@id\":\"https:\/\/clinicavallcorba.com\/ca\/causes-i-solucions-per-a-les-dents-fluixes\/#breadcrumb\"},\"inLanguage\":\"ca\",\"potentialAction\":[{\"@type\":\"ReadAction\",\"target\":[\"https:\/\/clinicavallcorba.com\/ca\/causes-i-solucions-per-a-les-dents-fluixes\/\"]}]},{\"@type\":\"ImageObject\",\"inLanguage\":\"ca\",\"@id\":\"https:\/\/clinicavallcorba.com\/ca\/causes-i-solucions-per-a-les-dents-fluixes\/#primaryimage\",\"url\":\"https:\/\/clinicavallcorba.com\/wp-content\/uploads\/dientes-flojos.webp\",\"contentUrl\":\"https:\/\/clinicavallcorba.com\/wp-content\/uploads\/dientes-flojos.webp\",\"width\":595,\"height\":463},{\"@type\":\"BreadcrumbList\",\"@id\":\"https:\/\/clinicavallcorba.com\/ca\/causes-i-solucions-per-a-les-dents-fluixes\/#breadcrumb\",\"itemListElement\":[{\"@type\":\"ListItem\",\"position\":1,\"name\":\"Inici\",\"item\":\"https:\/\/clinicavallcorba.com\/ca\/\"},{\"@type\":\"ListItem\",\"position\":2,\"name\":\"Causes i solucions per a les dents fluixes\"}]},{\"@type\":\"WebSite\",\"@id\":\"https:\/\/clinicavallcorba.com\/ca\/#website\",\"url\":\"https:\/\/clinicavallcorba.com\/ca\/\",\"name\":\"Cl\u00ednica Vallcorba\",\"description\":\"Cl\u00ednica dental\",\"potentialAction\":[{\"@type\":\"SearchAction\",\"target\":{\"@type\":\"EntryPoint\",\"urlTemplate\":\"https:\/\/clinicavallcorba.com\/ca\/?s={search_term_string}\"},\"query-input\":{\"@type\":\"PropertyValueSpecification\",\"valueRequired\":true,\"valueName\":\"search_term_string\"}}],\"inLanguage\":\"ca\"},{\"@type\":\"Person\",\"@id\":\"https:\/\/clinicavallcorba.com\/ca\/#\/schema\/person\/864eb678a78ccbf1c6c41bbb09940583\",\"name\":\"Nuria Vallcorba\",\"description\":\"Nuria Vallcorba realiz\u00f3 sus estudios de medicina y cirug\u00eda en la Universidad aut\u00f3noma de Barcelona con calificaci\u00f3n de sobresaliente. Posteriormente se especializ\u00f3 en estomatolog\u00eda, realiz\u00f3 el master en Periodoncia y el doctorado en Odontolog\u00eda en la Universidad Complutense de Madrid, con calificaci\u00f3n cum laude por unanimidad. Ejerce desde 1990 pr\u00e1ctica cl\u00ednica de periodoncia e implantes en Barcelona. Dentro de la actividad cient\u00edfica cabe destacar, adem\u00e1s del doctorado, la publicaci\u00f3n de art\u00edculos en revistas y cap\u00edtulos en libros a nivel nacional e internacional. Ha sido directora de la revista Periodoncia, de la Sociedad espa\u00f1ola de Periodoncia. Es conferenciante sobre Periodoncia y consultor de diferentes organismos cient\u00edficos. Ha realizado actividad docente de Periodoncia desde 1989, tanto de pregrado como de postgrado, en la Universidad Complutense de Madrid, Universidad de California-Los Angeles, Universidad de Barcelona, Universitat internacional de Catalunya y actualmente imparte docencia en el master de Periodoncia de la Universidad de Valencia. Ha sido Presidente de la Societat Catalana d\u2019odontologia i estomatolog\u00eda de la Acad\u00e8mia de Ci\u00e8ncies M\u00e8diques de Catalunya i Balears y Presidente de la Sociedad Espa\u00f1ola de Periodoncia y osteointegraci\u00f3n y de la Fundaci\u00f3n SEPA. Actualmente es patrono de honor de dicha fundaci\u00f3n.\",\"sameAs\":[\"https:\/\/clinicavallcorba.com\",\"https:\/\/www.instagram.com\/clinicavallcorba?igsh=cWE4MjljazZnMzVy\",\"https:\/\/www.linkedin.com\/in\/nuria-vallcorba-plana-6434a642\/\"],\"url\":\"https:\/\/clinicavallcorba.com\/ca\/author\/nuria-vallcorba\/\"}]}<\/script>\n<!-- \/ Yoast SEO plugin. -->","yoast_head_json":{"title":"Causes i solucions per a les dents fluixes | Cl\u00ednica Vallcorba","description":"Des que es movien les dents en la inf\u00e0ncia abans que caiguessin i els pos\u00e9s sota el coix\u00ed, no havia notat abans les dents fluixes...","robots":{"index":"index","follow":"follow","max-snippet":"max-snippet:-1","max-image-preview":"max-image-preview:large","max-video-preview":"max-video-preview:-1"},"canonical":"https:\/\/clinicavallcorba.com\/ca\/causes-i-solucions-per-a-les-dents-fluixes\/","og_locale":"ca_ES","og_type":"article","og_title":"Causes i solucions per a les dents fluixes | Cl\u00ednica Vallcorba","og_description":"Des que es movien les dents en la inf\u00e0ncia abans que caiguessin i els pos\u00e9s sota el coix\u00ed, no havia notat abans les dents fluixes...","og_url":"https:\/\/clinicavallcorba.com\/ca\/causes-i-solucions-per-a-les-dents-fluixes\/","og_site_name":"Cl\u00ednica Vallcorba","article_published_time":"2020-01-03T17:00:03+00:00","article_modified_time":"2024-01-25T15:34:11+00:00","og_image":[{"width":595,"height":463,"url":"https:\/\/clinicavallcorba.com\/wp-content\/uploads\/dientes-flojos.webp","type":"image\/webp"}],"author":"Nuria Vallcorba","twitter_card":"summary_large_image","twitter_misc":{"Escrit per":"Nuria Vallcorba","Temps estimat de lectura":"3 minuts"},"schema":{"@context":"https:\/\/schema.org","@graph":[{"@type":"Article","@id":"https:\/\/clinicavallcorba.com\/ca\/causes-i-solucions-per-a-les-dents-fluixes\/#article","isPartOf":{"@id":"https:\/\/clinicavallcorba.com\/ca\/causes-i-solucions-per-a-les-dents-fluixes\/"},"author":{"name":"Nuria Vallcorba","@id":"https:\/\/clinicavallcorba.com\/ca\/#\/schema\/person\/864eb678a78ccbf1c6c41bbb09940583"},"headline":"Causes i solucions per a les dents fluixes","datePublished":"2020-01-03T17:00:03+00:00","dateModified":"2024-01-25T15:34:11+00:00","mainEntityOfPage":{"@id":"https:\/\/clinicavallcorba.com\/ca\/causes-i-solucions-per-a-les-dents-fluixes\/"},"wordCount":2868,"image":{"@id":"https:\/\/clinicavallcorba.com\/ca\/causes-i-solucions-per-a-les-dents-fluixes\/#primaryimage"},"thumbnailUrl":"https:\/\/clinicavallcorba.com\/wp-content\/uploads\/dientes-flojos.webp","articleSection":["Informaci\u00f3 i recomanacions"],"inLanguage":"ca"},{"@type":"WebPage","@id":"https:\/\/clinicavallcorba.com\/ca\/causes-i-solucions-per-a-les-dents-fluixes\/","url":"https:\/\/clinicavallcorba.com\/ca\/causes-i-solucions-per-a-les-dents-fluixes\/","name":"Causes i solucions per a les dents fluixes | Cl\u00ednica Vallcorba","isPartOf":{"@id":"https:\/\/clinicavallcorba.com\/ca\/#website"},"primaryImageOfPage":{"@id":"https:\/\/clinicavallcorba.com\/ca\/causes-i-solucions-per-a-les-dents-fluixes\/#primaryimage"},"image":{"@id":"https:\/\/clinicavallcorba.com\/ca\/causes-i-solucions-per-a-les-dents-fluixes\/#primaryimage"},"thumbnailUrl":"https:\/\/clinicavallcorba.com\/wp-content\/uploads\/dientes-flojos.webp","datePublished":"2020-01-03T17:00:03+00:00","dateModified":"2024-01-25T15:34:11+00:00","author":{"@id":"https:\/\/clinicavallcorba.com\/ca\/#\/schema\/person\/864eb678a78ccbf1c6c41bbb09940583"},"description":"Des que es movien les dents en la inf\u00e0ncia abans que caiguessin i els pos\u00e9s sota el coix\u00ed, no havia notat abans les dents fluixes...","breadcrumb":{"@id":"https:\/\/clinicavallcorba.com\/ca\/causes-i-solucions-per-a-les-dents-fluixes\/#breadcrumb"},"inLanguage":"ca","potentialAction":[{"@type":"ReadAction","target":["https:\/\/clinicavallcorba.com\/ca\/causes-i-solucions-per-a-les-dents-fluixes\/"]}]},{"@type":"ImageObject","inLanguage":"ca","@id":"https:\/\/clinicavallcorba.com\/ca\/causes-i-solucions-per-a-les-dents-fluixes\/#primaryimage","url":"https:\/\/clinicavallcorba.com\/wp-content\/uploads\/dientes-flojos.webp","contentUrl":"https:\/\/clinicavallcorba.com\/wp-content\/uploads\/dientes-flojos.webp","width":595,"height":463},{"@type":"BreadcrumbList","@id":"https:\/\/clinicavallcorba.com\/ca\/causes-i-solucions-per-a-les-dents-fluixes\/#breadcrumb","itemListElement":[{"@type":"ListItem","position":1,"name":"Inici","item":"https:\/\/clinicavallcorba.com\/ca\/"},{"@type":"ListItem","position":2,"name":"Causes i solucions per a les dents fluixes"}]},{"@type":"WebSite","@id":"https:\/\/clinicavallcorba.com\/ca\/#website","url":"https:\/\/clinicavallcorba.com\/ca\/","name":"Cl\u00ednica Vallcorba","description":"Cl\u00ednica dental","potentialAction":[{"@type":"SearchAction","target":{"@type":"EntryPoint","urlTemplate":"https:\/\/clinicavallcorba.com\/ca\/?s={search_term_string}"},"query-input":{"@type":"PropertyValueSpecification","valueRequired":true,"valueName":"search_term_string"}}],"inLanguage":"ca"},{"@type":"Person","@id":"https:\/\/clinicavallcorba.com\/ca\/#\/schema\/person\/864eb678a78ccbf1c6c41bbb09940583","name":"Nuria Vallcorba","description":"Nuria Vallcorba realiz\u00f3 sus estudios de medicina y cirug\u00eda en la Universidad aut\u00f3noma de Barcelona con calificaci\u00f3n de sobresaliente. Posteriormente se especializ\u00f3 en estomatolog\u00eda, realiz\u00f3 el master en Periodoncia y el doctorado en Odontolog\u00eda en la Universidad Complutense de Madrid, con calificaci\u00f3n cum laude por unanimidad. Ejerce desde 1990 pr\u00e1ctica cl\u00ednica de periodoncia e implantes en Barcelona. Dentro de la actividad cient\u00edfica cabe destacar, adem\u00e1s del doctorado, la publicaci\u00f3n de art\u00edculos en revistas y cap\u00edtulos en libros a nivel nacional e internacional. Ha sido directora de la revista Periodoncia, de la Sociedad espa\u00f1ola de Periodoncia. Es conferenciante sobre Periodoncia y consultor de diferentes organismos cient\u00edficos. Ha realizado actividad docente de Periodoncia desde 1989, tanto de pregrado como de postgrado, en la Universidad Complutense de Madrid, Universidad de California-Los Angeles, Universidad de Barcelona, Universitat internacional de Catalunya y actualmente imparte docencia en el master de Periodoncia de la Universidad de Valencia. Ha sido Presidente de la Societat Catalana d\u2019odontologia i estomatolog\u00eda de la Acad\u00e8mia de Ci\u00e8ncies M\u00e8diques de Catalunya i Balears y Presidente de la Sociedad Espa\u00f1ola de Periodoncia y osteointegraci\u00f3n y de la Fundaci\u00f3n SEPA. Actualmente es patrono de honor de dicha fundaci\u00f3n.","sameAs":["https:\/\/clinicavallcorba.com","https:\/\/www.instagram.com\/clinicavallcorba?igsh=cWE4MjljazZnMzVy","https:\/\/www.linkedin.com\/in\/nuria-vallcorba-plana-6434a642\/"],"url":"https:\/\/clinicavallcorba.com\/ca\/author\/nuria-vallcorba\/"}]}},"_links":{"self":[{"href":"https:\/\/clinicavallcorba.com\/ca\/wp-json\/wp\/v2\/posts\/3418","targetHints":{"allow":["GET"]}}],"collection":[{"href":"https:\/\/clinicavallcorba.com\/ca\/wp-json\/wp\/v2\/posts"}],"about":[{"href":"https:\/\/clinicavallcorba.com\/ca\/wp-json\/wp\/v2\/types\/post"}],"author":[{"embeddable":true,"href":"https:\/\/clinicavallcorba.com\/ca\/wp-json\/wp\/v2\/users\/1"}],"replies":[{"embeddable":true,"href":"https:\/\/clinicavallcorba.com\/ca\/wp-json\/wp\/v2\/comments?post=3418"}],"version-history":[{"count":0,"href":"https:\/\/clinicavallcorba.com\/ca\/wp-json\/wp\/v2\/posts\/3418\/revisions"}],"wp:featuredmedia":[{"embeddable":true,"href":"https:\/\/clinicavallcorba.com\/ca\/wp-json\/wp\/v2\/media\/2804"}],"wp:attachment":[{"href":"https:\/\/clinicavallcorba.com\/ca\/wp-json\/wp\/v2\/media?parent=3418"}],"wp:term":[{"taxonomy":"category","embeddable":true,"href":"https:\/\/clinicavallcorba.com\/ca\/wp-json\/wp\/v2\/categories?post=3418"},{"taxonomy":"post_tag","embeddable":true,"href":"https:\/\/clinicavallcorba.com\/ca\/wp-json\/wp\/v2\/tags?post=3418"}],"curies":[{"name":"wp","href":"https:\/\/api.w.org\/{rel}","templated":true}]}}