{"id":3436,"date":"2019-08-26T18:11:17","date_gmt":"2019-08-26T16:11:17","guid":{"rendered":"https:\/\/clinicavallcorba.com\/los-labios-enmarcan-la-sonrisa\/"},"modified":"2024-01-25T16:44:11","modified_gmt":"2024-01-25T15:44:11","slug":"els-llavis-emmarquen-el-somriure","status":"publish","type":"post","link":"https:\/\/clinicavallcorba.com\/ca\/els-llavis-emmarquen-el-somriure\/","title":{"rendered":"Els llavis emmarquen el somriure"},"content":{"rendered":"<div class=\"fusion-fullwidth fullwidth-box fusion-builder-row-1 fusion-flex-container has-pattern-background has-mask-background nonhundred-percent-fullwidth non-hundred-percent-height-scrolling\" style=\"--link_hover_color: var(--awb-color6);--link_color: var(--awb-color7);--awb-border-radius-top-left:0px;--awb-border-radius-top-right:0px;--awb-border-radius-bottom-right:0px;--awb-border-radius-bottom-left:0px;--awb-flex-wrap:wrap;\" ><div class=\"fusion-builder-row fusion-row fusion-flex-align-items-flex-start fusion-flex-content-wrap\" style=\"max-width:1300px;margin-left: calc(-4% \/ 2 );margin-right: calc(-4% \/ 2 );\"><div class=\"fusion-layout-column fusion_builder_column fusion-builder-column-0 fusion_builder_column_1_2 1_2 fusion-flex-column\" style=\"--awb-bg-size:cover;--awb-width-large:50%;--awb-margin-top-large:0px;--awb-spacing-right-large:3.84%;--awb-margin-bottom-large:20px;--awb-spacing-left-large:3.84%;--awb-width-medium:50%;--awb-order-medium:0;--awb-spacing-right-medium:3.84%;--awb-spacing-left-medium:3.84%;--awb-width-small:100%;--awb-order-small:0;--awb-spacing-right-small:1.92%;--awb-spacing-left-small:1.92%;\"><div class=\"fusion-column-wrapper fusion-column-has-shadow fusion-flex-justify-content-flex-start fusion-content-layout-column\"><div class=\"fusion-image-element \" style=\"text-align:center;--awb-caption-title-font-family:var(--h2_typography-font-family);--awb-caption-title-font-weight:var(--h2_typography-font-weight);--awb-caption-title-font-style:var(--h2_typography-font-style);--awb-caption-title-size:var(--h2_typography-font-size);--awb-caption-title-transform:var(--h2_typography-text-transform);--awb-caption-title-line-height:var(--h2_typography-line-height);--awb-caption-title-letter-spacing:var(--h2_typography-letter-spacing);\"><span class=\" fusion-imageframe imageframe-none imageframe-1 hover-type-none\"><img decoding=\"async\" width=\"595\" height=\"463\" alt=\"Los labios enmarcan la sonrisa\" title=\"Los labios enmarcan la sonrisa\" src=\"https:\/\/clinicavallcorba.com\/wp-content\/uploads\/labios-enmarcados.webp\" class=\"img-responsive wp-image-2807\" srcset=\"https:\/\/clinicavallcorba.com\/wp-content\/uploads\/labios-enmarcados-200x156.webp 200w, https:\/\/clinicavallcorba.com\/wp-content\/uploads\/labios-enmarcados-400x311.webp 400w, https:\/\/clinicavallcorba.com\/wp-content\/uploads\/labios-enmarcados.webp 595w\" sizes=\"(max-width: 640px) 100vw, 595px\" \/><\/span><\/div><\/div><\/div><div class=\"fusion-layout-column fusion_builder_column fusion-builder-column-1 fusion_builder_column_1_2 1_2 fusion-flex-column\" style=\"--awb-bg-size:cover;--awb-width-large:50%;--awb-margin-top-large:0px;--awb-spacing-right-large:3.84%;--awb-margin-bottom-large:20px;--awb-spacing-left-large:3.84%;--awb-width-medium:50%;--awb-order-medium:0;--awb-spacing-right-medium:3.84%;--awb-spacing-left-medium:3.84%;--awb-width-small:100%;--awb-order-small:0;--awb-spacing-right-small:1.92%;--awb-spacing-left-small:1.92%;\"><div class=\"fusion-column-wrapper fusion-column-has-shadow fusion-flex-justify-content-flex-start fusion-content-layout-column\"><div class=\"fusion-title title fusion-title-1 fusion-sep-none fusion-title-text fusion-title-size-two\"><h2 class=\"fusion-title-heading title-heading-left fusion-responsive-typography-calculated\" style=\"margin:0;--fontSize:34;line-height:var(--awb-typography2-line-height);\">Cuidem els llavis<\/h2><\/div><div class=\"fusion-text fusion-text-1\" style=\"--awb-content-alignment:justify;\"><p><em>26 d\u2019agost del 2019<\/em><\/p>\n<p>Solem donar poca import\u00e0ncia a la salut i cures dels llavis, tot i que emmarquen el somriure i s\u00f3n molt importants en l\u2019est\u00e8tica facial. La capa exterior dels llavis est\u00e0 a mig cam\u00ed entre la mucosa de la boca i la pell, \u00e9s una semimucosa. \u00c9s fina i, a difer\u00e8ncia de la pell, no t\u00e9 p\u00e8l, estant desprove\u00efda de gl\u00e0ndules seb\u00e0cies. El color vermell dels llavis es deu a la transpar\u00e8ncia dels vasos sanguinis.<\/p>\n<p><strong>Cal evitar els h\u00e0bits de rosegament o d\u2019humitejar els llavis repetidament. I \u00e9s recomanable l\u2019\u00fas de protectors labials a totes les edats i en qualsevol estaci\u00f3 de l\u2019any, per millorar la hidrataci\u00f3 i per obtenir fotoprotecci\u00f3.<\/strong><\/p>\n<\/div><\/div><\/div><div class=\"fusion-layout-column fusion_builder_column fusion-builder-column-2 fusion_builder_column_1_1 1_1 fusion-flex-column\" style=\"--awb-bg-size:cover;--awb-width-large:100%;--awb-margin-top-large:0px;--awb-spacing-right-large:1.92%;--awb-margin-bottom-large:20px;--awb-spacing-left-large:1.92%;--awb-width-medium:100%;--awb-order-medium:0;--awb-spacing-right-medium:1.92%;--awb-spacing-left-medium:1.92%;--awb-width-small:100%;--awb-order-small:0;--awb-spacing-right-small:1.92%;--awb-spacing-left-small:1.92%;\"><div class=\"fusion-column-wrapper fusion-column-has-shadow fusion-flex-justify-content-flex-start fusion-content-layout-column\"><div class=\"fusion-text fusion-text-2\" style=\"--awb-content-alignment:justify;\"><p>La sensaci\u00f3 de tibantor i sequedat dels llavis, l\u2019aparici\u00f3 d\u2019esquerdes o picor es deuen al fet que no estan ben hidratats.<\/p>\n<p>Per a la\u00a0<strong>hidrataci\u00f3<\/strong>, l\u2019ideal \u00e9s una crema lleugerament grassa, flexible i adherent per formar una pel\u00b7l\u00edcula resistent.<\/p>\n<p>Hem de tenir en compte la composici\u00f3 del producte usat en els llavis. Es calcula que cada vegada que ens apliquem b\u00e0lsam als llavis, aproximadament un 80% ser\u00e0 finalment ingerit totalment, dissolt en la saliva. Si tenim en compte que els solem aplicar repetidament (es recomana cada 3-4 h si estan molt deshidratats), la quantitat de producte ingerit pot no ser menyspreable. Per aix\u00f2, en general, es recomanen les cremes de ceres naturals, ja siguin d\u2019origen animal (abella) com vegetal (per exemple, de mantega de cacau, el karit\u00e9 o l\u2019oli d\u2019oliva). Tamb\u00e9 poden ser \u00fatils els que tenen en la seva composici\u00f3 \u00e0cid hialur\u00f2nic o vitamina E.<\/p>\n<p>L\u2019aplicaci\u00f3 sol realitzar durant el dia, per\u00f2 no oblidem que el seu \u00fas durant la nit ajudar\u00e0 a una hidrataci\u00f3 m\u00e9s intensa. Quan parlem d\u2019hidrataci\u00f3 de manteniment, seria recomanable una sola aplicaci\u00f3 de b\u00e0lsam o crema al mat\u00ed i una altra a la nit.<\/p>\n<p>Moltes vegades pensem en posar-nos protecci\u00f3 solar a la pell i oblidem els llavis. A m\u00e9s de la hidrataci\u00f3, cada vegada es d\u00f3na m\u00e9s import\u00e0ncia a la\u00a0<strong>fotoprotecci\u00f3 de llavis<\/strong>, en qualsevol estaci\u00f3 de l\u2019any. En aquest cas, el factor de protecci\u00f3 solar dependr\u00e0 de l\u2019\u00fas que es requereixi. Es comercialitzen certes presentacions que fins i tot incorporen filtres UVA, indicats per l\u2019exposici\u00f3 al sol a la pr\u00e0ctica d\u2019esports n\u00e0utics, alta muntanya i esqu\u00ed. Recordem que el sol, tabac i alcohol s\u00f3n factors de risc de c\u00e0ncer de llavis.<\/p>\n<\/div><\/div><\/div><\/div><\/div>\n","protected":false},"excerpt":{"rendered":"","protected":false},"author":1,"featured_media":2807,"comment_status":"closed","ping_status":"closed","sticky":false,"template":"","format":"standard","meta":{"footnotes":""},"categories":[1],"tags":[],"class_list":["post-3436","post","type-post","status-publish","format-standard","has-post-thumbnail","hentry","category-informacio-i-recomanacions"],"yoast_head":"<!-- This site is optimized with the Yoast SEO plugin v26.7 - https:\/\/yoast.com\/wordpress\/plugins\/seo\/ -->\n<title>Els llavis emmarquen el somriure | Cl\u00ednica Vallcorba<\/title>\n<meta name=\"description\" content=\"Solem donar poca import\u00e0ncia a la salut i cures dels llavis, tot i que emmarquen el somriure i s\u00f3n molt importants en l&#039;est\u00e8tica facial.\" \/>\n<meta name=\"robots\" content=\"index, follow, max-snippet:-1, max-image-preview:large, max-video-preview:-1\" \/>\n<link rel=\"canonical\" href=\"https:\/\/clinicavallcorba.com\/ca\/els-llavis-emmarquen-el-somriure\/\" \/>\n<meta property=\"og:locale\" content=\"ca_ES\" \/>\n<meta property=\"og:type\" content=\"article\" \/>\n<meta property=\"og:title\" content=\"Els llavis emmarquen el somriure | Cl\u00ednica Vallcorba\" \/>\n<meta property=\"og:description\" content=\"Solem donar poca import\u00e0ncia a la salut i cures dels llavis, tot i que emmarquen el somriure i s\u00f3n molt importants en l&#039;est\u00e8tica facial.\" \/>\n<meta property=\"og:url\" content=\"https:\/\/clinicavallcorba.com\/ca\/els-llavis-emmarquen-el-somriure\/\" \/>\n<meta property=\"og:site_name\" content=\"Cl\u00ednica Vallcorba\" \/>\n<meta property=\"article:published_time\" content=\"2019-08-26T16:11:17+00:00\" \/>\n<meta property=\"article:modified_time\" content=\"2024-01-25T15:44:11+00:00\" \/>\n<meta property=\"og:image\" content=\"https:\/\/clinicavallcorba.com\/wp-content\/uploads\/labios-enmarcados.webp\" \/>\n\t<meta property=\"og:image:width\" content=\"595\" \/>\n\t<meta property=\"og:image:height\" content=\"463\" \/>\n\t<meta property=\"og:image:type\" content=\"image\/webp\" \/>\n<meta name=\"author\" content=\"Nuria Vallcorba\" \/>\n<meta name=\"twitter:card\" content=\"summary_large_image\" \/>\n<meta name=\"twitter:label1\" content=\"Escrit per\" \/>\n\t<meta name=\"twitter:data1\" content=\"Nuria Vallcorba\" \/>\n\t<meta name=\"twitter:label2\" content=\"Temps estimat de lectura\" \/>\n\t<meta name=\"twitter:data2\" content=\"3 minuts\" \/>\n<script type=\"application\/ld+json\" class=\"yoast-schema-graph\">{\"@context\":\"https:\/\/schema.org\",\"@graph\":[{\"@type\":\"Article\",\"@id\":\"https:\/\/clinicavallcorba.com\/ca\/els-llavis-emmarquen-el-somriure\/#article\",\"isPartOf\":{\"@id\":\"https:\/\/clinicavallcorba.com\/ca\/els-llavis-emmarquen-el-somriure\/\"},\"author\":{\"name\":\"Nuria Vallcorba\",\"@id\":\"https:\/\/clinicavallcorba.com\/ca\/#\/schema\/person\/864eb678a78ccbf1c6c41bbb09940583\"},\"headline\":\"Els llavis emmarquen el somriure\",\"datePublished\":\"2019-08-26T16:11:17+00:00\",\"dateModified\":\"2024-01-25T15:44:11+00:00\",\"mainEntityOfPage\":{\"@id\":\"https:\/\/clinicavallcorba.com\/ca\/els-llavis-emmarquen-el-somriure\/\"},\"wordCount\":2524,\"image\":{\"@id\":\"https:\/\/clinicavallcorba.com\/ca\/els-llavis-emmarquen-el-somriure\/#primaryimage\"},\"thumbnailUrl\":\"https:\/\/clinicavallcorba.com\/wp-content\/uploads\/labios-enmarcados.webp\",\"articleSection\":[\"Informaci\u00f3 i recomanacions\"],\"inLanguage\":\"ca\"},{\"@type\":\"WebPage\",\"@id\":\"https:\/\/clinicavallcorba.com\/ca\/els-llavis-emmarquen-el-somriure\/\",\"url\":\"https:\/\/clinicavallcorba.com\/ca\/els-llavis-emmarquen-el-somriure\/\",\"name\":\"Els llavis emmarquen el somriure | Cl\u00ednica Vallcorba\",\"isPartOf\":{\"@id\":\"https:\/\/clinicavallcorba.com\/ca\/#website\"},\"primaryImageOfPage\":{\"@id\":\"https:\/\/clinicavallcorba.com\/ca\/els-llavis-emmarquen-el-somriure\/#primaryimage\"},\"image\":{\"@id\":\"https:\/\/clinicavallcorba.com\/ca\/els-llavis-emmarquen-el-somriure\/#primaryimage\"},\"thumbnailUrl\":\"https:\/\/clinicavallcorba.com\/wp-content\/uploads\/labios-enmarcados.webp\",\"datePublished\":\"2019-08-26T16:11:17+00:00\",\"dateModified\":\"2024-01-25T15:44:11+00:00\",\"author\":{\"@id\":\"https:\/\/clinicavallcorba.com\/ca\/#\/schema\/person\/864eb678a78ccbf1c6c41bbb09940583\"},\"description\":\"Solem donar poca import\u00e0ncia a la salut i cures dels llavis, tot i que emmarquen el somriure i s\u00f3n molt importants en l'est\u00e8tica facial.\",\"breadcrumb\":{\"@id\":\"https:\/\/clinicavallcorba.com\/ca\/els-llavis-emmarquen-el-somriure\/#breadcrumb\"},\"inLanguage\":\"ca\",\"potentialAction\":[{\"@type\":\"ReadAction\",\"target\":[\"https:\/\/clinicavallcorba.com\/ca\/els-llavis-emmarquen-el-somriure\/\"]}]},{\"@type\":\"ImageObject\",\"inLanguage\":\"ca\",\"@id\":\"https:\/\/clinicavallcorba.com\/ca\/els-llavis-emmarquen-el-somriure\/#primaryimage\",\"url\":\"https:\/\/clinicavallcorba.com\/wp-content\/uploads\/labios-enmarcados.webp\",\"contentUrl\":\"https:\/\/clinicavallcorba.com\/wp-content\/uploads\/labios-enmarcados.webp\",\"width\":595,\"height\":463},{\"@type\":\"BreadcrumbList\",\"@id\":\"https:\/\/clinicavallcorba.com\/ca\/els-llavis-emmarquen-el-somriure\/#breadcrumb\",\"itemListElement\":[{\"@type\":\"ListItem\",\"position\":1,\"name\":\"Inici\",\"item\":\"https:\/\/clinicavallcorba.com\/ca\/\"},{\"@type\":\"ListItem\",\"position\":2,\"name\":\"Els llavis emmarquen el somriure\"}]},{\"@type\":\"WebSite\",\"@id\":\"https:\/\/clinicavallcorba.com\/ca\/#website\",\"url\":\"https:\/\/clinicavallcorba.com\/ca\/\",\"name\":\"Cl\u00ednica Vallcorba\",\"description\":\"Cl\u00ednica dental\",\"potentialAction\":[{\"@type\":\"SearchAction\",\"target\":{\"@type\":\"EntryPoint\",\"urlTemplate\":\"https:\/\/clinicavallcorba.com\/ca\/?s={search_term_string}\"},\"query-input\":{\"@type\":\"PropertyValueSpecification\",\"valueRequired\":true,\"valueName\":\"search_term_string\"}}],\"inLanguage\":\"ca\"},{\"@type\":\"Person\",\"@id\":\"https:\/\/clinicavallcorba.com\/ca\/#\/schema\/person\/864eb678a78ccbf1c6c41bbb09940583\",\"name\":\"Nuria Vallcorba\",\"description\":\"Nuria Vallcorba realiz\u00f3 sus estudios de medicina y cirug\u00eda en la Universidad aut\u00f3noma de Barcelona con calificaci\u00f3n de sobresaliente. Posteriormente se especializ\u00f3 en estomatolog\u00eda, realiz\u00f3 el master en Periodoncia y el doctorado en Odontolog\u00eda en la Universidad Complutense de Madrid, con calificaci\u00f3n cum laude por unanimidad. Ejerce desde 1990 pr\u00e1ctica cl\u00ednica de periodoncia e implantes en Barcelona. Dentro de la actividad cient\u00edfica cabe destacar, adem\u00e1s del doctorado, la publicaci\u00f3n de art\u00edculos en revistas y cap\u00edtulos en libros a nivel nacional e internacional. Ha sido directora de la revista Periodoncia, de la Sociedad espa\u00f1ola de Periodoncia. Es conferenciante sobre Periodoncia y consultor de diferentes organismos cient\u00edficos. Ha realizado actividad docente de Periodoncia desde 1989, tanto de pregrado como de postgrado, en la Universidad Complutense de Madrid, Universidad de California-Los Angeles, Universidad de Barcelona, Universitat internacional de Catalunya y actualmente imparte docencia en el master de Periodoncia de la Universidad de Valencia. Ha sido Presidente de la Societat Catalana d\u2019odontologia i estomatolog\u00eda de la Acad\u00e8mia de Ci\u00e8ncies M\u00e8diques de Catalunya i Balears y Presidente de la Sociedad Espa\u00f1ola de Periodoncia y osteointegraci\u00f3n y de la Fundaci\u00f3n SEPA. Actualmente es patrono de honor de dicha fundaci\u00f3n.\",\"sameAs\":[\"https:\/\/clinicavallcorba.com\",\"https:\/\/www.instagram.com\/clinicavallcorba?igsh=cWE4MjljazZnMzVy\",\"https:\/\/www.linkedin.com\/in\/nuria-vallcorba-plana-6434a642\/\"],\"url\":\"https:\/\/clinicavallcorba.com\/ca\/author\/nuria-vallcorba\/\"}]}<\/script>\n<!-- \/ Yoast SEO plugin. -->","yoast_head_json":{"title":"Els llavis emmarquen el somriure | Cl\u00ednica Vallcorba","description":"Solem donar poca import\u00e0ncia a la salut i cures dels llavis, tot i que emmarquen el somriure i s\u00f3n molt importants en l'est\u00e8tica facial.","robots":{"index":"index","follow":"follow","max-snippet":"max-snippet:-1","max-image-preview":"max-image-preview:large","max-video-preview":"max-video-preview:-1"},"canonical":"https:\/\/clinicavallcorba.com\/ca\/els-llavis-emmarquen-el-somriure\/","og_locale":"ca_ES","og_type":"article","og_title":"Els llavis emmarquen el somriure | Cl\u00ednica Vallcorba","og_description":"Solem donar poca import\u00e0ncia a la salut i cures dels llavis, tot i que emmarquen el somriure i s\u00f3n molt importants en l'est\u00e8tica facial.","og_url":"https:\/\/clinicavallcorba.com\/ca\/els-llavis-emmarquen-el-somriure\/","og_site_name":"Cl\u00ednica Vallcorba","article_published_time":"2019-08-26T16:11:17+00:00","article_modified_time":"2024-01-25T15:44:11+00:00","og_image":[{"width":595,"height":463,"url":"https:\/\/clinicavallcorba.com\/wp-content\/uploads\/labios-enmarcados.webp","type":"image\/webp"}],"author":"Nuria Vallcorba","twitter_card":"summary_large_image","twitter_misc":{"Escrit per":"Nuria Vallcorba","Temps estimat de lectura":"3 minuts"},"schema":{"@context":"https:\/\/schema.org","@graph":[{"@type":"Article","@id":"https:\/\/clinicavallcorba.com\/ca\/els-llavis-emmarquen-el-somriure\/#article","isPartOf":{"@id":"https:\/\/clinicavallcorba.com\/ca\/els-llavis-emmarquen-el-somriure\/"},"author":{"name":"Nuria Vallcorba","@id":"https:\/\/clinicavallcorba.com\/ca\/#\/schema\/person\/864eb678a78ccbf1c6c41bbb09940583"},"headline":"Els llavis emmarquen el somriure","datePublished":"2019-08-26T16:11:17+00:00","dateModified":"2024-01-25T15:44:11+00:00","mainEntityOfPage":{"@id":"https:\/\/clinicavallcorba.com\/ca\/els-llavis-emmarquen-el-somriure\/"},"wordCount":2524,"image":{"@id":"https:\/\/clinicavallcorba.com\/ca\/els-llavis-emmarquen-el-somriure\/#primaryimage"},"thumbnailUrl":"https:\/\/clinicavallcorba.com\/wp-content\/uploads\/labios-enmarcados.webp","articleSection":["Informaci\u00f3 i recomanacions"],"inLanguage":"ca"},{"@type":"WebPage","@id":"https:\/\/clinicavallcorba.com\/ca\/els-llavis-emmarquen-el-somriure\/","url":"https:\/\/clinicavallcorba.com\/ca\/els-llavis-emmarquen-el-somriure\/","name":"Els llavis emmarquen el somriure | Cl\u00ednica Vallcorba","isPartOf":{"@id":"https:\/\/clinicavallcorba.com\/ca\/#website"},"primaryImageOfPage":{"@id":"https:\/\/clinicavallcorba.com\/ca\/els-llavis-emmarquen-el-somriure\/#primaryimage"},"image":{"@id":"https:\/\/clinicavallcorba.com\/ca\/els-llavis-emmarquen-el-somriure\/#primaryimage"},"thumbnailUrl":"https:\/\/clinicavallcorba.com\/wp-content\/uploads\/labios-enmarcados.webp","datePublished":"2019-08-26T16:11:17+00:00","dateModified":"2024-01-25T15:44:11+00:00","author":{"@id":"https:\/\/clinicavallcorba.com\/ca\/#\/schema\/person\/864eb678a78ccbf1c6c41bbb09940583"},"description":"Solem donar poca import\u00e0ncia a la salut i cures dels llavis, tot i que emmarquen el somriure i s\u00f3n molt importants en l'est\u00e8tica facial.","breadcrumb":{"@id":"https:\/\/clinicavallcorba.com\/ca\/els-llavis-emmarquen-el-somriure\/#breadcrumb"},"inLanguage":"ca","potentialAction":[{"@type":"ReadAction","target":["https:\/\/clinicavallcorba.com\/ca\/els-llavis-emmarquen-el-somriure\/"]}]},{"@type":"ImageObject","inLanguage":"ca","@id":"https:\/\/clinicavallcorba.com\/ca\/els-llavis-emmarquen-el-somriure\/#primaryimage","url":"https:\/\/clinicavallcorba.com\/wp-content\/uploads\/labios-enmarcados.webp","contentUrl":"https:\/\/clinicavallcorba.com\/wp-content\/uploads\/labios-enmarcados.webp","width":595,"height":463},{"@type":"BreadcrumbList","@id":"https:\/\/clinicavallcorba.com\/ca\/els-llavis-emmarquen-el-somriure\/#breadcrumb","itemListElement":[{"@type":"ListItem","position":1,"name":"Inici","item":"https:\/\/clinicavallcorba.com\/ca\/"},{"@type":"ListItem","position":2,"name":"Els llavis emmarquen el somriure"}]},{"@type":"WebSite","@id":"https:\/\/clinicavallcorba.com\/ca\/#website","url":"https:\/\/clinicavallcorba.com\/ca\/","name":"Cl\u00ednica Vallcorba","description":"Cl\u00ednica dental","potentialAction":[{"@type":"SearchAction","target":{"@type":"EntryPoint","urlTemplate":"https:\/\/clinicavallcorba.com\/ca\/?s={search_term_string}"},"query-input":{"@type":"PropertyValueSpecification","valueRequired":true,"valueName":"search_term_string"}}],"inLanguage":"ca"},{"@type":"Person","@id":"https:\/\/clinicavallcorba.com\/ca\/#\/schema\/person\/864eb678a78ccbf1c6c41bbb09940583","name":"Nuria Vallcorba","description":"Nuria Vallcorba realiz\u00f3 sus estudios de medicina y cirug\u00eda en la Universidad aut\u00f3noma de Barcelona con calificaci\u00f3n de sobresaliente. Posteriormente se especializ\u00f3 en estomatolog\u00eda, realiz\u00f3 el master en Periodoncia y el doctorado en Odontolog\u00eda en la Universidad Complutense de Madrid, con calificaci\u00f3n cum laude por unanimidad. Ejerce desde 1990 pr\u00e1ctica cl\u00ednica de periodoncia e implantes en Barcelona. Dentro de la actividad cient\u00edfica cabe destacar, adem\u00e1s del doctorado, la publicaci\u00f3n de art\u00edculos en revistas y cap\u00edtulos en libros a nivel nacional e internacional. Ha sido directora de la revista Periodoncia, de la Sociedad espa\u00f1ola de Periodoncia. Es conferenciante sobre Periodoncia y consultor de diferentes organismos cient\u00edficos. Ha realizado actividad docente de Periodoncia desde 1989, tanto de pregrado como de postgrado, en la Universidad Complutense de Madrid, Universidad de California-Los Angeles, Universidad de Barcelona, Universitat internacional de Catalunya y actualmente imparte docencia en el master de Periodoncia de la Universidad de Valencia. Ha sido Presidente de la Societat Catalana d\u2019odontologia i estomatolog\u00eda de la Acad\u00e8mia de Ci\u00e8ncies M\u00e8diques de Catalunya i Balears y Presidente de la Sociedad Espa\u00f1ola de Periodoncia y osteointegraci\u00f3n y de la Fundaci\u00f3n SEPA. Actualmente es patrono de honor de dicha fundaci\u00f3n.","sameAs":["https:\/\/clinicavallcorba.com","https:\/\/www.instagram.com\/clinicavallcorba?igsh=cWE4MjljazZnMzVy","https:\/\/www.linkedin.com\/in\/nuria-vallcorba-plana-6434a642\/"],"url":"https:\/\/clinicavallcorba.com\/ca\/author\/nuria-vallcorba\/"}]}},"_links":{"self":[{"href":"https:\/\/clinicavallcorba.com\/ca\/wp-json\/wp\/v2\/posts\/3436","targetHints":{"allow":["GET"]}}],"collection":[{"href":"https:\/\/clinicavallcorba.com\/ca\/wp-json\/wp\/v2\/posts"}],"about":[{"href":"https:\/\/clinicavallcorba.com\/ca\/wp-json\/wp\/v2\/types\/post"}],"author":[{"embeddable":true,"href":"https:\/\/clinicavallcorba.com\/ca\/wp-json\/wp\/v2\/users\/1"}],"replies":[{"embeddable":true,"href":"https:\/\/clinicavallcorba.com\/ca\/wp-json\/wp\/v2\/comments?post=3436"}],"version-history":[{"count":0,"href":"https:\/\/clinicavallcorba.com\/ca\/wp-json\/wp\/v2\/posts\/3436\/revisions"}],"wp:featuredmedia":[{"embeddable":true,"href":"https:\/\/clinicavallcorba.com\/ca\/wp-json\/wp\/v2\/media\/2807"}],"wp:attachment":[{"href":"https:\/\/clinicavallcorba.com\/ca\/wp-json\/wp\/v2\/media?parent=3436"}],"wp:term":[{"taxonomy":"category","embeddable":true,"href":"https:\/\/clinicavallcorba.com\/ca\/wp-json\/wp\/v2\/categories?post=3436"},{"taxonomy":"post_tag","embeddable":true,"href":"https:\/\/clinicavallcorba.com\/ca\/wp-json\/wp\/v2\/tags?post=3436"}],"curies":[{"name":"wp","href":"https:\/\/api.w.org\/{rel}","templated":true}]}}