{"id":3437,"date":"2019-08-07T18:24:58","date_gmt":"2019-08-07T16:24:58","guid":{"rendered":"https:\/\/clinicavallcorba.com\/por-que-debemos-usar-seda-dental-y-como-hacerlo\/"},"modified":"2024-01-25T16:45:40","modified_gmt":"2024-01-25T15:45:40","slug":"per-que-hem-de-fer-servir-seda-dental-i-com-fer-ho","status":"publish","type":"post","link":"https:\/\/clinicavallcorba.com\/ca\/per-que-hem-de-fer-servir-seda-dental-i-com-fer-ho\/","title":{"rendered":"Per qu\u00e8 hem de fer servir seda dental i com fer-ho"},"content":{"rendered":"<div class=\"fusion-fullwidth fullwidth-box fusion-builder-row-1 fusion-flex-container has-pattern-background has-mask-background nonhundred-percent-fullwidth non-hundred-percent-height-scrolling\" style=\"--link_hover_color: var(--awb-color6);--link_color: var(--awb-color7);--awb-border-radius-top-left:0px;--awb-border-radius-top-right:0px;--awb-border-radius-bottom-right:0px;--awb-border-radius-bottom-left:0px;--awb-flex-wrap:wrap;\" ><div class=\"fusion-builder-row fusion-row fusion-flex-align-items-flex-start fusion-flex-content-wrap\" style=\"max-width:1300px;margin-left: calc(-4% \/ 2 );margin-right: calc(-4% \/ 2 );\"><div class=\"fusion-layout-column fusion_builder_column fusion-builder-column-0 fusion_builder_column_1_1 1_1 fusion-flex-column\" style=\"--awb-bg-size:cover;--awb-width-large:100%;--awb-margin-top-large:0px;--awb-spacing-right-large:1.92%;--awb-margin-bottom-large:20px;--awb-spacing-left-large:1.92%;--awb-width-medium:100%;--awb-order-medium:0;--awb-spacing-right-medium:1.92%;--awb-spacing-left-medium:1.92%;--awb-width-small:100%;--awb-order-small:0;--awb-spacing-right-small:1.92%;--awb-spacing-left-small:1.92%;\"><div class=\"fusion-column-wrapper fusion-column-has-shadow fusion-flex-justify-content-flex-start fusion-content-layout-column\"><div class=\"fusion-title title fusion-title-1 fusion-sep-none fusion-title-text fusion-title-size-two\"><h2 class=\"fusion-title-heading title-heading-left fusion-responsive-typography-calculated\" style=\"margin:0;--fontSize:34;line-height:var(--awb-typography2-line-height);\">Utilitzar seda dental \u00e9s fonamental per a una bona salut bucodental<\/h2><\/div><div class=\"fusion-text fusion-text-1\" style=\"--awb-content-alignment:justify;\"><p><em>7 d\u2019agost del 2019<\/em><\/p>\n<p>Quan raspallem les dents molt b\u00e9, aconseguim eliminar el 60% de la placa o biofilm dental. No obstant aix\u00f2, el raspall no aconsegueix entrar entre les dents, i per aix\u00f2 \u00e9s necessari utilitzar un instrument d\u2019higiene interdental. Quan la geniva est\u00e0 mantinguda, \u00e9s a dir, ocupa l\u2019espai entre les dents en forma d\u2019arc, es fa servir la seda o cinta dental amb o sense cera. Pret\u00e9n eliminar els bacteris causants de c\u00e0ries i malalties de les genives entre dent i dent.<\/p>\n<p>A continuaci\u00f3 li exposarem les nostres recomanacions per a l\u2019\u00fas de la seda dental. Recordeu passar-la almenys un cop al dia.<\/p>\n<\/div><\/div><\/div><div class=\"fusion-layout-column fusion_builder_column fusion-builder-column-1 fusion_builder_column_1_2 1_2 fusion-flex-column\" style=\"--awb-bg-size:cover;--awb-width-large:50%;--awb-margin-top-large:0px;--awb-spacing-right-large:3.84%;--awb-margin-bottom-large:20px;--awb-spacing-left-large:3.84%;--awb-width-medium:50%;--awb-order-medium:0;--awb-spacing-right-medium:3.84%;--awb-spacing-left-medium:3.84%;--awb-width-small:100%;--awb-order-small:0;--awb-spacing-right-small:1.92%;--awb-spacing-left-small:1.92%;\"><div class=\"fusion-column-wrapper fusion-column-has-shadow fusion-flex-justify-content-flex-start fusion-content-layout-column\"><div class=\"fusion-image-element \" style=\"text-align:center;--awb-caption-title-font-family:var(--h2_typography-font-family);--awb-caption-title-font-weight:var(--h2_typography-font-weight);--awb-caption-title-font-style:var(--h2_typography-font-style);--awb-caption-title-size:var(--h2_typography-font-size);--awb-caption-title-transform:var(--h2_typography-text-transform);--awb-caption-title-line-height:var(--h2_typography-line-height);--awb-caption-title-letter-spacing:var(--h2_typography-letter-spacing);\"><span class=\" fusion-imageframe imageframe-none imageframe-1 hover-type-none\"><img decoding=\"async\" width=\"752\" height=\"562\" alt=\"Usar seda dental es fundamental para una buena salud bucodental\" title=\"Usar seda dental es fundamental para una buena salud bucodental\" src=\"https:\/\/clinicavallcorba.com\/wp-content\/uploads\/Seda-dental-1.webp\" class=\"img-responsive wp-image-2808\" srcset=\"https:\/\/clinicavallcorba.com\/wp-content\/uploads\/Seda-dental-1-200x149.webp 200w, https:\/\/clinicavallcorba.com\/wp-content\/uploads\/Seda-dental-1-400x299.webp 400w, https:\/\/clinicavallcorba.com\/wp-content\/uploads\/Seda-dental-1-600x448.webp 600w, https:\/\/clinicavallcorba.com\/wp-content\/uploads\/Seda-dental-1.webp 752w\" sizes=\"(max-width: 640px) 100vw, 600px\" \/><\/span><\/div><\/div><\/div><div class=\"fusion-layout-column fusion_builder_column fusion-builder-column-2 fusion_builder_column_1_2 1_2 fusion-flex-column\" style=\"--awb-bg-size:cover;--awb-width-large:50%;--awb-margin-top-large:0px;--awb-spacing-right-large:3.84%;--awb-margin-bottom-large:20px;--awb-spacing-left-large:3.84%;--awb-width-medium:50%;--awb-order-medium:0;--awb-spacing-right-medium:3.84%;--awb-spacing-left-medium:3.84%;--awb-width-small:100%;--awb-order-small:0;--awb-spacing-right-small:1.92%;--awb-spacing-left-small:1.92%;\"><div class=\"fusion-column-wrapper fusion-column-has-shadow fusion-flex-justify-content-flex-start fusion-content-layout-column\"><div class=\"fusion-image-element \" style=\"text-align:center;--awb-caption-title-font-family:var(--h2_typography-font-family);--awb-caption-title-font-weight:var(--h2_typography-font-weight);--awb-caption-title-font-style:var(--h2_typography-font-style);--awb-caption-title-size:var(--h2_typography-font-size);--awb-caption-title-transform:var(--h2_typography-text-transform);--awb-caption-title-line-height:var(--h2_typography-line-height);--awb-caption-title-letter-spacing:var(--h2_typography-letter-spacing);\"><span class=\" fusion-imageframe imageframe-none imageframe-2 hover-type-none\"><img decoding=\"async\" width=\"793\" height=\"622\" alt=\"Usar seda dental es fundamental para una buena salud bucodental\" title=\"Usar seda dental es fundamental para una buena salud bucodental\" src=\"https:\/\/clinicavallcorba.com\/wp-content\/uploads\/Seda-dental-2.webp\" class=\"img-responsive wp-image-2809\" srcset=\"https:\/\/clinicavallcorba.com\/wp-content\/uploads\/Seda-dental-2-200x157.webp 200w, https:\/\/clinicavallcorba.com\/wp-content\/uploads\/Seda-dental-2-400x314.webp 400w, https:\/\/clinicavallcorba.com\/wp-content\/uploads\/Seda-dental-2-600x471.webp 600w, https:\/\/clinicavallcorba.com\/wp-content\/uploads\/Seda-dental-2.webp 793w\" sizes=\"(max-width: 640px) 100vw, 600px\" \/><\/span><\/div><\/div><\/div><div class=\"fusion-layout-column fusion_builder_column fusion-builder-column-3 fusion_builder_column_1_2 1_2 fusion-flex-column\" style=\"--awb-bg-size:cover;--awb-width-large:50%;--awb-margin-top-large:0px;--awb-spacing-right-large:3.84%;--awb-margin-bottom-large:20px;--awb-spacing-left-large:3.84%;--awb-width-medium:50%;--awb-order-medium:0;--awb-spacing-right-medium:3.84%;--awb-spacing-left-medium:3.84%;--awb-width-small:100%;--awb-order-small:0;--awb-spacing-right-small:1.92%;--awb-spacing-left-small:1.92%;\"><div class=\"fusion-column-wrapper fusion-column-has-shadow fusion-flex-justify-content-flex-start fusion-content-layout-column\"><div class=\"fusion-image-element \" style=\"text-align:center;--awb-caption-title-font-family:var(--h2_typography-font-family);--awb-caption-title-font-weight:var(--h2_typography-font-weight);--awb-caption-title-font-style:var(--h2_typography-font-style);--awb-caption-title-size:var(--h2_typography-font-size);--awb-caption-title-transform:var(--h2_typography-text-transform);--awb-caption-title-line-height:var(--h2_typography-line-height);--awb-caption-title-letter-spacing:var(--h2_typography-letter-spacing);\"><span class=\" fusion-imageframe imageframe-none imageframe-3 hover-type-none\"><img decoding=\"async\" width=\"869\" height=\"675\" alt=\"Usar seda dental es fundamental para una buena salud bucodental\" title=\"Usar seda dental es fundamental para una buena salud bucodental\" src=\"https:\/\/clinicavallcorba.com\/wp-content\/uploads\/Seda-dental-3.webp\" class=\"img-responsive wp-image-2810\" srcset=\"https:\/\/clinicavallcorba.com\/wp-content\/uploads\/Seda-dental-3-200x155.webp 200w, https:\/\/clinicavallcorba.com\/wp-content\/uploads\/Seda-dental-3-400x311.webp 400w, https:\/\/clinicavallcorba.com\/wp-content\/uploads\/Seda-dental-3-600x466.webp 600w, https:\/\/clinicavallcorba.com\/wp-content\/uploads\/Seda-dental-3-800x621.webp 800w, https:\/\/clinicavallcorba.com\/wp-content\/uploads\/Seda-dental-3.webp 869w\" sizes=\"(max-width: 640px) 100vw, 600px\" \/><\/span><\/div><\/div><\/div><div class=\"fusion-layout-column fusion_builder_column fusion-builder-column-4 fusion_builder_column_1_2 1_2 fusion-flex-column\" style=\"--awb-bg-size:cover;--awb-width-large:50%;--awb-margin-top-large:0px;--awb-spacing-right-large:3.84%;--awb-margin-bottom-large:20px;--awb-spacing-left-large:3.84%;--awb-width-medium:50%;--awb-order-medium:0;--awb-spacing-right-medium:3.84%;--awb-spacing-left-medium:3.84%;--awb-width-small:100%;--awb-order-small:0;--awb-spacing-right-small:1.92%;--awb-spacing-left-small:1.92%;\"><div class=\"fusion-column-wrapper fusion-column-has-shadow fusion-flex-justify-content-flex-start fusion-content-layout-column\"><div class=\"fusion-image-element \" style=\"text-align:center;--awb-caption-title-font-family:var(--h2_typography-font-family);--awb-caption-title-font-weight:var(--h2_typography-font-weight);--awb-caption-title-font-style:var(--h2_typography-font-style);--awb-caption-title-size:var(--h2_typography-font-size);--awb-caption-title-transform:var(--h2_typography-text-transform);--awb-caption-title-line-height:var(--h2_typography-line-height);--awb-caption-title-letter-spacing:var(--h2_typography-letter-spacing);\"><span class=\" fusion-imageframe imageframe-none imageframe-4 hover-type-none\"><img decoding=\"async\" width=\"602\" height=\"647\" alt=\"Usar seda dental es fundamental para una buena salud bucodental\" title=\"Usar seda dental es fundamental para una buena salud bucodental\" src=\"https:\/\/clinicavallcorba.com\/wp-content\/uploads\/Seda-dental-4-1.webp\" class=\"img-responsive wp-image-2811\" srcset=\"https:\/\/clinicavallcorba.com\/wp-content\/uploads\/Seda-dental-4-1-200x215.webp 200w, https:\/\/clinicavallcorba.com\/wp-content\/uploads\/Seda-dental-4-1-400x430.webp 400w, https:\/\/clinicavallcorba.com\/wp-content\/uploads\/Seda-dental-4-1-600x645.webp 600w, https:\/\/clinicavallcorba.com\/wp-content\/uploads\/Seda-dental-4-1.webp 602w\" sizes=\"(max-width: 640px) 100vw, 600px\" \/><\/span><\/div><\/div><\/div><div class=\"fusion-layout-column fusion_builder_column fusion-builder-column-5 fusion_builder_column_1_2 1_2 fusion-flex-column\" style=\"--awb-bg-size:cover;--awb-width-large:50%;--awb-margin-top-large:0px;--awb-spacing-right-large:3.84%;--awb-margin-bottom-large:20px;--awb-spacing-left-large:3.84%;--awb-width-medium:50%;--awb-order-medium:0;--awb-spacing-right-medium:3.84%;--awb-spacing-left-medium:3.84%;--awb-width-small:100%;--awb-order-small:0;--awb-spacing-right-small:1.92%;--awb-spacing-left-small:1.92%;\"><div class=\"fusion-column-wrapper fusion-column-has-shadow fusion-flex-justify-content-flex-start fusion-content-layout-column\"><div class=\"fusion-image-element \" style=\"text-align:center;--awb-caption-title-font-family:var(--h2_typography-font-family);--awb-caption-title-font-weight:var(--h2_typography-font-weight);--awb-caption-title-font-style:var(--h2_typography-font-style);--awb-caption-title-size:var(--h2_typography-font-size);--awb-caption-title-transform:var(--h2_typography-text-transform);--awb-caption-title-line-height:var(--h2_typography-line-height);--awb-caption-title-letter-spacing:var(--h2_typography-letter-spacing);\"><span class=\" fusion-imageframe imageframe-none imageframe-5 hover-type-none\"><img decoding=\"async\" width=\"591\" height=\"534\" alt=\"Usar seda dental es fundamental para una buena salud bucodental\" title=\"Usar seda dental es fundamental para una buena salud bucodental\" src=\"https:\/\/clinicavallcorba.com\/wp-content\/uploads\/Seda-dental-5.webp\" class=\"img-responsive wp-image-2812\" srcset=\"https:\/\/clinicavallcorba.com\/wp-content\/uploads\/Seda-dental-5-200x181.webp 200w, https:\/\/clinicavallcorba.com\/wp-content\/uploads\/Seda-dental-5-400x361.webp 400w, https:\/\/clinicavallcorba.com\/wp-content\/uploads\/Seda-dental-5.webp 591w\" sizes=\"(max-width: 640px) 100vw, 591px\" \/><\/span><\/div><\/div><\/div><div class=\"fusion-layout-column fusion_builder_column fusion-builder-column-6 fusion_builder_column_1_2 1_2 fusion-flex-column\" style=\"--awb-bg-size:cover;--awb-width-large:50%;--awb-margin-top-large:0px;--awb-spacing-right-large:3.84%;--awb-margin-bottom-large:20px;--awb-spacing-left-large:3.84%;--awb-width-medium:50%;--awb-order-medium:0;--awb-spacing-right-medium:3.84%;--awb-spacing-left-medium:3.84%;--awb-width-small:100%;--awb-order-small:0;--awb-spacing-right-small:1.92%;--awb-spacing-left-small:1.92%;\"><div class=\"fusion-column-wrapper fusion-column-has-shadow fusion-flex-justify-content-flex-start fusion-content-layout-column\"><div class=\"fusion-image-element \" style=\"text-align:center;--awb-caption-title-font-family:var(--h2_typography-font-family);--awb-caption-title-font-weight:var(--h2_typography-font-weight);--awb-caption-title-font-style:var(--h2_typography-font-style);--awb-caption-title-size:var(--h2_typography-font-size);--awb-caption-title-transform:var(--h2_typography-text-transform);--awb-caption-title-line-height:var(--h2_typography-line-height);--awb-caption-title-letter-spacing:var(--h2_typography-letter-spacing);\"><span class=\" fusion-imageframe imageframe-none imageframe-6 hover-type-none\"><img decoding=\"async\" width=\"599\" height=\"522\" alt=\"Usar seda dental es fundamental para una buena salud bucodental\" title=\"Usar seda dental es fundamental para una buena salud bucodental\" src=\"https:\/\/clinicavallcorba.com\/wp-content\/uploads\/Seda-dental-6.webp\" class=\"img-responsive wp-image-2813\" srcset=\"https:\/\/clinicavallcorba.com\/wp-content\/uploads\/Seda-dental-6-200x174.webp 200w, https:\/\/clinicavallcorba.com\/wp-content\/uploads\/Seda-dental-6-400x349.webp 400w, https:\/\/clinicavallcorba.com\/wp-content\/uploads\/Seda-dental-6.webp 599w\" sizes=\"(max-width: 640px) 100vw, 599px\" \/><\/span><\/div><\/div><\/div><div class=\"fusion-layout-column fusion_builder_column fusion-builder-column-7 fusion_builder_column_1_2 1_2 fusion-flex-column\" style=\"--awb-bg-size:cover;--awb-width-large:50%;--awb-margin-top-large:0px;--awb-spacing-right-large:3.84%;--awb-margin-bottom-large:20px;--awb-spacing-left-large:3.84%;--awb-width-medium:50%;--awb-order-medium:0;--awb-spacing-right-medium:3.84%;--awb-spacing-left-medium:3.84%;--awb-width-small:100%;--awb-order-small:0;--awb-spacing-right-small:1.92%;--awb-spacing-left-small:1.92%;\"><div class=\"fusion-column-wrapper fusion-column-has-shadow fusion-flex-justify-content-flex-start fusion-content-layout-column\"><div class=\"fusion-image-element \" style=\"text-align:center;--awb-caption-title-font-family:var(--h2_typography-font-family);--awb-caption-title-font-weight:var(--h2_typography-font-weight);--awb-caption-title-font-style:var(--h2_typography-font-style);--awb-caption-title-size:var(--h2_typography-font-size);--awb-caption-title-transform:var(--h2_typography-text-transform);--awb-caption-title-line-height:var(--h2_typography-line-height);--awb-caption-title-letter-spacing:var(--h2_typography-letter-spacing);\"><span class=\" fusion-imageframe imageframe-none imageframe-7 hover-type-none\"><img decoding=\"async\" width=\"758\" height=\"470\" alt=\"Usar seda dental es fundamental para una buena salud bucodental\" title=\"Usar seda dental es fundamental para una buena salud bucodental\" src=\"https:\/\/clinicavallcorba.com\/wp-content\/uploads\/Seda-dental-7.webp\" class=\"img-responsive wp-image-2814\" srcset=\"https:\/\/clinicavallcorba.com\/wp-content\/uploads\/Seda-dental-7-200x124.webp 200w, https:\/\/clinicavallcorba.com\/wp-content\/uploads\/Seda-dental-7-400x248.webp 400w, https:\/\/clinicavallcorba.com\/wp-content\/uploads\/Seda-dental-7-600x372.webp 600w, https:\/\/clinicavallcorba.com\/wp-content\/uploads\/Seda-dental-7.webp 758w\" sizes=\"(max-width: 640px) 100vw, 600px\" \/><\/span><\/div><\/div><\/div><div class=\"fusion-layout-column fusion_builder_column fusion-builder-column-8 fusion_builder_column_1_2 1_2 fusion-flex-column\" style=\"--awb-bg-size:cover;--awb-width-large:50%;--awb-margin-top-large:0px;--awb-spacing-right-large:3.84%;--awb-margin-bottom-large:20px;--awb-spacing-left-large:3.84%;--awb-width-medium:50%;--awb-order-medium:0;--awb-spacing-right-medium:3.84%;--awb-spacing-left-medium:3.84%;--awb-width-small:100%;--awb-order-small:0;--awb-spacing-right-small:1.92%;--awb-spacing-left-small:1.92%;\"><div class=\"fusion-column-wrapper fusion-column-has-shadow fusion-flex-justify-content-flex-start fusion-content-layout-column\"><div class=\"fusion-image-element \" style=\"text-align:center;--awb-caption-title-font-family:var(--h2_typography-font-family);--awb-caption-title-font-weight:var(--h2_typography-font-weight);--awb-caption-title-font-style:var(--h2_typography-font-style);--awb-caption-title-size:var(--h2_typography-font-size);--awb-caption-title-transform:var(--h2_typography-text-transform);--awb-caption-title-line-height:var(--h2_typography-line-height);--awb-caption-title-letter-spacing:var(--h2_typography-letter-spacing);\"><span class=\" fusion-imageframe imageframe-none imageframe-8 hover-type-none\"><img decoding=\"async\" width=\"720\" height=\"727\" alt=\"Usar seda dental es fundamental para una buena salud bucodental\" title=\"Usar seda dental es fundamental para una buena salud bucodental\" src=\"https:\/\/clinicavallcorba.com\/wp-content\/uploads\/Seda-dental-8.webp\" class=\"img-responsive wp-image-2815\" srcset=\"https:\/\/clinicavallcorba.com\/wp-content\/uploads\/Seda-dental-8-200x202.webp 200w, https:\/\/clinicavallcorba.com\/wp-content\/uploads\/Seda-dental-8-400x404.webp 400w, https:\/\/clinicavallcorba.com\/wp-content\/uploads\/Seda-dental-8-600x606.webp 600w, https:\/\/clinicavallcorba.com\/wp-content\/uploads\/Seda-dental-8.webp 720w\" sizes=\"(max-width: 640px) 100vw, 600px\" \/><\/span><\/div><\/div><\/div><\/div><\/div>\n","protected":false},"excerpt":{"rendered":"","protected":false},"author":1,"featured_media":2816,"comment_status":"closed","ping_status":"closed","sticky":false,"template":"","format":"standard","meta":{"footnotes":""},"categories":[1],"tags":[],"class_list":["post-3437","post","type-post","status-publish","format-standard","has-post-thumbnail","hentry","category-informacio-i-recomanacions"],"yoast_head":"<!-- This site is optimized with the Yoast SEO plugin v26.7 - https:\/\/yoast.com\/wordpress\/plugins\/seo\/ -->\n<title>Per qu\u00e8 hem de fer servir seda dental i com fer-ho | Cl\u00ednica Vallcorba<\/title>\n<meta name=\"description\" content=\"A continuaci\u00f3 li exposarem les nostres recomanacions per a l&#039;\u00fas de la seda dental. Recordeu passar-la almenys un cop al dia.\" \/>\n<meta name=\"robots\" content=\"index, follow, max-snippet:-1, max-image-preview:large, max-video-preview:-1\" \/>\n<link rel=\"canonical\" href=\"https:\/\/clinicavallcorba.com\/ca\/per-que-hem-de-fer-servir-seda-dental-i-com-fer-ho\/\" \/>\n<meta property=\"og:locale\" content=\"ca_ES\" \/>\n<meta property=\"og:type\" content=\"article\" \/>\n<meta property=\"og:title\" content=\"Per qu\u00e8 hem de fer servir seda dental i com fer-ho | Cl\u00ednica Vallcorba\" \/>\n<meta property=\"og:description\" content=\"A continuaci\u00f3 li exposarem les nostres recomanacions per a l&#039;\u00fas de la seda dental. Recordeu passar-la almenys un cop al dia.\" \/>\n<meta property=\"og:url\" content=\"https:\/\/clinicavallcorba.com\/ca\/per-que-hem-de-fer-servir-seda-dental-i-com-fer-ho\/\" \/>\n<meta property=\"og:site_name\" content=\"Cl\u00ednica Vallcorba\" \/>\n<meta property=\"article:published_time\" content=\"2019-08-07T16:24:58+00:00\" \/>\n<meta property=\"article:modified_time\" content=\"2024-01-25T15:45:40+00:00\" \/>\n<meta property=\"og:image\" content=\"https:\/\/clinicavallcorba.com\/wp-content\/uploads\/seda-dental.webp\" \/>\n\t<meta property=\"og:image:width\" content=\"595\" \/>\n\t<meta property=\"og:image:height\" content=\"463\" \/>\n\t<meta property=\"og:image:type\" content=\"image\/webp\" \/>\n<meta name=\"author\" content=\"Nuria Vallcorba\" \/>\n<meta name=\"twitter:card\" content=\"summary_large_image\" \/>\n<meta name=\"twitter:label1\" content=\"Escrit per\" \/>\n\t<meta name=\"twitter:data1\" content=\"Nuria Vallcorba\" \/>\n\t<meta name=\"twitter:label2\" content=\"Temps estimat de lectura\" \/>\n\t<meta name=\"twitter:data2\" content=\"3 minuts\" \/>\n<script type=\"application\/ld+json\" class=\"yoast-schema-graph\">{\"@context\":\"https:\/\/schema.org\",\"@graph\":[{\"@type\":\"Article\",\"@id\":\"https:\/\/clinicavallcorba.com\/ca\/per-que-hem-de-fer-servir-seda-dental-i-com-fer-ho\/#article\",\"isPartOf\":{\"@id\":\"https:\/\/clinicavallcorba.com\/ca\/per-que-hem-de-fer-servir-seda-dental-i-com-fer-ho\/\"},\"author\":{\"name\":\"Nuria Vallcorba\",\"@id\":\"https:\/\/clinicavallcorba.com\/ca\/#\/schema\/person\/864eb678a78ccbf1c6c41bbb09940583\"},\"headline\":\"Per qu\u00e8 hem de fer servir seda dental i com fer-ho\",\"datePublished\":\"2019-08-07T16:24:58+00:00\",\"dateModified\":\"2024-01-25T15:45:40+00:00\",\"mainEntityOfPage\":{\"@id\":\"https:\/\/clinicavallcorba.com\/ca\/per-que-hem-de-fer-servir-seda-dental-i-com-fer-ho\/\"},\"wordCount\":6884,\"image\":{\"@id\":\"https:\/\/clinicavallcorba.com\/ca\/per-que-hem-de-fer-servir-seda-dental-i-com-fer-ho\/#primaryimage\"},\"thumbnailUrl\":\"https:\/\/clinicavallcorba.com\/wp-content\/uploads\/seda-dental.webp\",\"articleSection\":[\"Informaci\u00f3 i recomanacions\"],\"inLanguage\":\"ca\"},{\"@type\":\"WebPage\",\"@id\":\"https:\/\/clinicavallcorba.com\/ca\/per-que-hem-de-fer-servir-seda-dental-i-com-fer-ho\/\",\"url\":\"https:\/\/clinicavallcorba.com\/ca\/per-que-hem-de-fer-servir-seda-dental-i-com-fer-ho\/\",\"name\":\"Per qu\u00e8 hem de fer servir seda dental i com fer-ho | Cl\u00ednica Vallcorba\",\"isPartOf\":{\"@id\":\"https:\/\/clinicavallcorba.com\/ca\/#website\"},\"primaryImageOfPage\":{\"@id\":\"https:\/\/clinicavallcorba.com\/ca\/per-que-hem-de-fer-servir-seda-dental-i-com-fer-ho\/#primaryimage\"},\"image\":{\"@id\":\"https:\/\/clinicavallcorba.com\/ca\/per-que-hem-de-fer-servir-seda-dental-i-com-fer-ho\/#primaryimage\"},\"thumbnailUrl\":\"https:\/\/clinicavallcorba.com\/wp-content\/uploads\/seda-dental.webp\",\"datePublished\":\"2019-08-07T16:24:58+00:00\",\"dateModified\":\"2024-01-25T15:45:40+00:00\",\"author\":{\"@id\":\"https:\/\/clinicavallcorba.com\/ca\/#\/schema\/person\/864eb678a78ccbf1c6c41bbb09940583\"},\"description\":\"A continuaci\u00f3 li exposarem les nostres recomanacions per a l'\u00fas de la seda dental. Recordeu passar-la almenys un cop al dia.\",\"breadcrumb\":{\"@id\":\"https:\/\/clinicavallcorba.com\/ca\/per-que-hem-de-fer-servir-seda-dental-i-com-fer-ho\/#breadcrumb\"},\"inLanguage\":\"ca\",\"potentialAction\":[{\"@type\":\"ReadAction\",\"target\":[\"https:\/\/clinicavallcorba.com\/ca\/per-que-hem-de-fer-servir-seda-dental-i-com-fer-ho\/\"]}]},{\"@type\":\"ImageObject\",\"inLanguage\":\"ca\",\"@id\":\"https:\/\/clinicavallcorba.com\/ca\/per-que-hem-de-fer-servir-seda-dental-i-com-fer-ho\/#primaryimage\",\"url\":\"https:\/\/clinicavallcorba.com\/wp-content\/uploads\/seda-dental.webp\",\"contentUrl\":\"https:\/\/clinicavallcorba.com\/wp-content\/uploads\/seda-dental.webp\",\"width\":595,\"height\":463},{\"@type\":\"BreadcrumbList\",\"@id\":\"https:\/\/clinicavallcorba.com\/ca\/per-que-hem-de-fer-servir-seda-dental-i-com-fer-ho\/#breadcrumb\",\"itemListElement\":[{\"@type\":\"ListItem\",\"position\":1,\"name\":\"Inici\",\"item\":\"https:\/\/clinicavallcorba.com\/ca\/\"},{\"@type\":\"ListItem\",\"position\":2,\"name\":\"Per qu\u00e8 hem de fer servir seda dental i com fer-ho\"}]},{\"@type\":\"WebSite\",\"@id\":\"https:\/\/clinicavallcorba.com\/ca\/#website\",\"url\":\"https:\/\/clinicavallcorba.com\/ca\/\",\"name\":\"Cl\u00ednica Vallcorba\",\"description\":\"Cl\u00ednica dental\",\"potentialAction\":[{\"@type\":\"SearchAction\",\"target\":{\"@type\":\"EntryPoint\",\"urlTemplate\":\"https:\/\/clinicavallcorba.com\/ca\/?s={search_term_string}\"},\"query-input\":{\"@type\":\"PropertyValueSpecification\",\"valueRequired\":true,\"valueName\":\"search_term_string\"}}],\"inLanguage\":\"ca\"},{\"@type\":\"Person\",\"@id\":\"https:\/\/clinicavallcorba.com\/ca\/#\/schema\/person\/864eb678a78ccbf1c6c41bbb09940583\",\"name\":\"Nuria Vallcorba\",\"description\":\"Nuria Vallcorba realiz\u00f3 sus estudios de medicina y cirug\u00eda en la Universidad aut\u00f3noma de Barcelona con calificaci\u00f3n de sobresaliente. Posteriormente se especializ\u00f3 en estomatolog\u00eda, realiz\u00f3 el master en Periodoncia y el doctorado en Odontolog\u00eda en la Universidad Complutense de Madrid, con calificaci\u00f3n cum laude por unanimidad. Ejerce desde 1990 pr\u00e1ctica cl\u00ednica de periodoncia e implantes en Barcelona. Dentro de la actividad cient\u00edfica cabe destacar, adem\u00e1s del doctorado, la publicaci\u00f3n de art\u00edculos en revistas y cap\u00edtulos en libros a nivel nacional e internacional. Ha sido directora de la revista Periodoncia, de la Sociedad espa\u00f1ola de Periodoncia. Es conferenciante sobre Periodoncia y consultor de diferentes organismos cient\u00edficos. Ha realizado actividad docente de Periodoncia desde 1989, tanto de pregrado como de postgrado, en la Universidad Complutense de Madrid, Universidad de California-Los Angeles, Universidad de Barcelona, Universitat internacional de Catalunya y actualmente imparte docencia en el master de Periodoncia de la Universidad de Valencia. Ha sido Presidente de la Societat Catalana d\u2019odontologia i estomatolog\u00eda de la Acad\u00e8mia de Ci\u00e8ncies M\u00e8diques de Catalunya i Balears y Presidente de la Sociedad Espa\u00f1ola de Periodoncia y osteointegraci\u00f3n y de la Fundaci\u00f3n SEPA. Actualmente es patrono de honor de dicha fundaci\u00f3n.\",\"sameAs\":[\"https:\/\/clinicavallcorba.com\",\"https:\/\/www.instagram.com\/clinicavallcorba?igsh=cWE4MjljazZnMzVy\",\"https:\/\/www.linkedin.com\/in\/nuria-vallcorba-plana-6434a642\/\"],\"url\":\"https:\/\/clinicavallcorba.com\/ca\/author\/nuria-vallcorba\/\"}]}<\/script>\n<!-- \/ Yoast SEO plugin. -->","yoast_head_json":{"title":"Per qu\u00e8 hem de fer servir seda dental i com fer-ho | Cl\u00ednica Vallcorba","description":"A continuaci\u00f3 li exposarem les nostres recomanacions per a l'\u00fas de la seda dental. Recordeu passar-la almenys un cop al dia.","robots":{"index":"index","follow":"follow","max-snippet":"max-snippet:-1","max-image-preview":"max-image-preview:large","max-video-preview":"max-video-preview:-1"},"canonical":"https:\/\/clinicavallcorba.com\/ca\/per-que-hem-de-fer-servir-seda-dental-i-com-fer-ho\/","og_locale":"ca_ES","og_type":"article","og_title":"Per qu\u00e8 hem de fer servir seda dental i com fer-ho | Cl\u00ednica Vallcorba","og_description":"A continuaci\u00f3 li exposarem les nostres recomanacions per a l'\u00fas de la seda dental. Recordeu passar-la almenys un cop al dia.","og_url":"https:\/\/clinicavallcorba.com\/ca\/per-que-hem-de-fer-servir-seda-dental-i-com-fer-ho\/","og_site_name":"Cl\u00ednica Vallcorba","article_published_time":"2019-08-07T16:24:58+00:00","article_modified_time":"2024-01-25T15:45:40+00:00","og_image":[{"width":595,"height":463,"url":"https:\/\/clinicavallcorba.com\/wp-content\/uploads\/seda-dental.webp","type":"image\/webp"}],"author":"Nuria Vallcorba","twitter_card":"summary_large_image","twitter_misc":{"Escrit per":"Nuria Vallcorba","Temps estimat de lectura":"3 minuts"},"schema":{"@context":"https:\/\/schema.org","@graph":[{"@type":"Article","@id":"https:\/\/clinicavallcorba.com\/ca\/per-que-hem-de-fer-servir-seda-dental-i-com-fer-ho\/#article","isPartOf":{"@id":"https:\/\/clinicavallcorba.com\/ca\/per-que-hem-de-fer-servir-seda-dental-i-com-fer-ho\/"},"author":{"name":"Nuria Vallcorba","@id":"https:\/\/clinicavallcorba.com\/ca\/#\/schema\/person\/864eb678a78ccbf1c6c41bbb09940583"},"headline":"Per qu\u00e8 hem de fer servir seda dental i com fer-ho","datePublished":"2019-08-07T16:24:58+00:00","dateModified":"2024-01-25T15:45:40+00:00","mainEntityOfPage":{"@id":"https:\/\/clinicavallcorba.com\/ca\/per-que-hem-de-fer-servir-seda-dental-i-com-fer-ho\/"},"wordCount":6884,"image":{"@id":"https:\/\/clinicavallcorba.com\/ca\/per-que-hem-de-fer-servir-seda-dental-i-com-fer-ho\/#primaryimage"},"thumbnailUrl":"https:\/\/clinicavallcorba.com\/wp-content\/uploads\/seda-dental.webp","articleSection":["Informaci\u00f3 i recomanacions"],"inLanguage":"ca"},{"@type":"WebPage","@id":"https:\/\/clinicavallcorba.com\/ca\/per-que-hem-de-fer-servir-seda-dental-i-com-fer-ho\/","url":"https:\/\/clinicavallcorba.com\/ca\/per-que-hem-de-fer-servir-seda-dental-i-com-fer-ho\/","name":"Per qu\u00e8 hem de fer servir seda dental i com fer-ho | Cl\u00ednica Vallcorba","isPartOf":{"@id":"https:\/\/clinicavallcorba.com\/ca\/#website"},"primaryImageOfPage":{"@id":"https:\/\/clinicavallcorba.com\/ca\/per-que-hem-de-fer-servir-seda-dental-i-com-fer-ho\/#primaryimage"},"image":{"@id":"https:\/\/clinicavallcorba.com\/ca\/per-que-hem-de-fer-servir-seda-dental-i-com-fer-ho\/#primaryimage"},"thumbnailUrl":"https:\/\/clinicavallcorba.com\/wp-content\/uploads\/seda-dental.webp","datePublished":"2019-08-07T16:24:58+00:00","dateModified":"2024-01-25T15:45:40+00:00","author":{"@id":"https:\/\/clinicavallcorba.com\/ca\/#\/schema\/person\/864eb678a78ccbf1c6c41bbb09940583"},"description":"A continuaci\u00f3 li exposarem les nostres recomanacions per a l'\u00fas de la seda dental. Recordeu passar-la almenys un cop al dia.","breadcrumb":{"@id":"https:\/\/clinicavallcorba.com\/ca\/per-que-hem-de-fer-servir-seda-dental-i-com-fer-ho\/#breadcrumb"},"inLanguage":"ca","potentialAction":[{"@type":"ReadAction","target":["https:\/\/clinicavallcorba.com\/ca\/per-que-hem-de-fer-servir-seda-dental-i-com-fer-ho\/"]}]},{"@type":"ImageObject","inLanguage":"ca","@id":"https:\/\/clinicavallcorba.com\/ca\/per-que-hem-de-fer-servir-seda-dental-i-com-fer-ho\/#primaryimage","url":"https:\/\/clinicavallcorba.com\/wp-content\/uploads\/seda-dental.webp","contentUrl":"https:\/\/clinicavallcorba.com\/wp-content\/uploads\/seda-dental.webp","width":595,"height":463},{"@type":"BreadcrumbList","@id":"https:\/\/clinicavallcorba.com\/ca\/per-que-hem-de-fer-servir-seda-dental-i-com-fer-ho\/#breadcrumb","itemListElement":[{"@type":"ListItem","position":1,"name":"Inici","item":"https:\/\/clinicavallcorba.com\/ca\/"},{"@type":"ListItem","position":2,"name":"Per qu\u00e8 hem de fer servir seda dental i com fer-ho"}]},{"@type":"WebSite","@id":"https:\/\/clinicavallcorba.com\/ca\/#website","url":"https:\/\/clinicavallcorba.com\/ca\/","name":"Cl\u00ednica Vallcorba","description":"Cl\u00ednica dental","potentialAction":[{"@type":"SearchAction","target":{"@type":"EntryPoint","urlTemplate":"https:\/\/clinicavallcorba.com\/ca\/?s={search_term_string}"},"query-input":{"@type":"PropertyValueSpecification","valueRequired":true,"valueName":"search_term_string"}}],"inLanguage":"ca"},{"@type":"Person","@id":"https:\/\/clinicavallcorba.com\/ca\/#\/schema\/person\/864eb678a78ccbf1c6c41bbb09940583","name":"Nuria Vallcorba","description":"Nuria Vallcorba realiz\u00f3 sus estudios de medicina y cirug\u00eda en la Universidad aut\u00f3noma de Barcelona con calificaci\u00f3n de sobresaliente. Posteriormente se especializ\u00f3 en estomatolog\u00eda, realiz\u00f3 el master en Periodoncia y el doctorado en Odontolog\u00eda en la Universidad Complutense de Madrid, con calificaci\u00f3n cum laude por unanimidad. Ejerce desde 1990 pr\u00e1ctica cl\u00ednica de periodoncia e implantes en Barcelona. Dentro de la actividad cient\u00edfica cabe destacar, adem\u00e1s del doctorado, la publicaci\u00f3n de art\u00edculos en revistas y cap\u00edtulos en libros a nivel nacional e internacional. Ha sido directora de la revista Periodoncia, de la Sociedad espa\u00f1ola de Periodoncia. Es conferenciante sobre Periodoncia y consultor de diferentes organismos cient\u00edficos. Ha realizado actividad docente de Periodoncia desde 1989, tanto de pregrado como de postgrado, en la Universidad Complutense de Madrid, Universidad de California-Los Angeles, Universidad de Barcelona, Universitat internacional de Catalunya y actualmente imparte docencia en el master de Periodoncia de la Universidad de Valencia. Ha sido Presidente de la Societat Catalana d\u2019odontologia i estomatolog\u00eda de la Acad\u00e8mia de Ci\u00e8ncies M\u00e8diques de Catalunya i Balears y Presidente de la Sociedad Espa\u00f1ola de Periodoncia y osteointegraci\u00f3n y de la Fundaci\u00f3n SEPA. Actualmente es patrono de honor de dicha fundaci\u00f3n.","sameAs":["https:\/\/clinicavallcorba.com","https:\/\/www.instagram.com\/clinicavallcorba?igsh=cWE4MjljazZnMzVy","https:\/\/www.linkedin.com\/in\/nuria-vallcorba-plana-6434a642\/"],"url":"https:\/\/clinicavallcorba.com\/ca\/author\/nuria-vallcorba\/"}]}},"_links":{"self":[{"href":"https:\/\/clinicavallcorba.com\/ca\/wp-json\/wp\/v2\/posts\/3437","targetHints":{"allow":["GET"]}}],"collection":[{"href":"https:\/\/clinicavallcorba.com\/ca\/wp-json\/wp\/v2\/posts"}],"about":[{"href":"https:\/\/clinicavallcorba.com\/ca\/wp-json\/wp\/v2\/types\/post"}],"author":[{"embeddable":true,"href":"https:\/\/clinicavallcorba.com\/ca\/wp-json\/wp\/v2\/users\/1"}],"replies":[{"embeddable":true,"href":"https:\/\/clinicavallcorba.com\/ca\/wp-json\/wp\/v2\/comments?post=3437"}],"version-history":[{"count":0,"href":"https:\/\/clinicavallcorba.com\/ca\/wp-json\/wp\/v2\/posts\/3437\/revisions"}],"wp:featuredmedia":[{"embeddable":true,"href":"https:\/\/clinicavallcorba.com\/ca\/wp-json\/wp\/v2\/media\/2816"}],"wp:attachment":[{"href":"https:\/\/clinicavallcorba.com\/ca\/wp-json\/wp\/v2\/media?parent=3437"}],"wp:term":[{"taxonomy":"category","embeddable":true,"href":"https:\/\/clinicavallcorba.com\/ca\/wp-json\/wp\/v2\/categories?post=3437"},{"taxonomy":"post_tag","embeddable":true,"href":"https:\/\/clinicavallcorba.com\/ca\/wp-json\/wp\/v2\/tags?post=3437"}],"curies":[{"name":"wp","href":"https:\/\/api.w.org\/{rel}","templated":true}]}}