{"id":3470,"date":"2019-06-12T12:04:19","date_gmt":"2019-06-12T10:04:19","guid":{"rendered":"https:\/\/clinicavallcorba.com\/contra-el-cancer-oral\/"},"modified":"2024-01-25T17:00:03","modified_gmt":"2024-01-25T16:00:03","slug":"contra-el-cancer-oral","status":"publish","type":"post","link":"https:\/\/clinicavallcorba.com\/ca\/contra-el-cancer-oral\/","title":{"rendered":"Contra el c\u00e0ncer oral"},"content":{"rendered":"<div class=\"fusion-fullwidth fullwidth-box fusion-builder-row-1 fusion-flex-container has-pattern-background has-mask-background nonhundred-percent-fullwidth non-hundred-percent-height-scrolling\" style=\"--link_hover_color: var(--awb-color6);--link_color: var(--awb-color7);--awb-border-radius-top-left:0px;--awb-border-radius-top-right:0px;--awb-border-radius-bottom-right:0px;--awb-border-radius-bottom-left:0px;--awb-flex-wrap:wrap;\" ><div class=\"fusion-builder-row fusion-row fusion-flex-align-items-flex-start fusion-flex-content-wrap\" style=\"max-width:1300px;margin-left: calc(-4% \/ 2 );margin-right: calc(-4% \/ 2 );\"><div class=\"fusion-layout-column fusion_builder_column fusion-builder-column-0 fusion_builder_column_1_2 1_2 fusion-flex-column\" style=\"--awb-bg-size:cover;--awb-width-large:50%;--awb-margin-top-large:0px;--awb-spacing-right-large:3.84%;--awb-margin-bottom-large:20px;--awb-spacing-left-large:3.84%;--awb-width-medium:50%;--awb-order-medium:0;--awb-spacing-right-medium:3.84%;--awb-spacing-left-medium:3.84%;--awb-width-small:100%;--awb-order-small:0;--awb-spacing-right-small:1.92%;--awb-spacing-left-small:1.92%;\"><div class=\"fusion-column-wrapper fusion-column-has-shadow fusion-flex-justify-content-flex-start fusion-content-layout-column\"><div class=\"fusion-image-element \" style=\"text-align:center;--awb-caption-title-font-family:var(--h2_typography-font-family);--awb-caption-title-font-weight:var(--h2_typography-font-weight);--awb-caption-title-font-style:var(--h2_typography-font-style);--awb-caption-title-size:var(--h2_typography-font-size);--awb-caption-title-transform:var(--h2_typography-text-transform);--awb-caption-title-line-height:var(--h2_typography-line-height);--awb-caption-title-letter-spacing:var(--h2_typography-letter-spacing);\"><span class=\" fusion-imageframe imageframe-none imageframe-1 hover-type-none\"><img decoding=\"async\" width=\"731\" height=\"1024\" alt=\"Contra el c\u00e1ncer oral\" title=\"Contra el c\u00e1ncer oral\" src=\"https:\/\/clinicavallcorba.com\/wp-content\/uploads\/contra-el-cancer-oral-coec-731x1024-1.webp\" class=\"img-responsive wp-image-2820\" srcset=\"https:\/\/clinicavallcorba.com\/wp-content\/uploads\/contra-el-cancer-oral-coec-731x1024-1-200x280.webp 200w, https:\/\/clinicavallcorba.com\/wp-content\/uploads\/contra-el-cancer-oral-coec-731x1024-1-400x560.webp 400w, https:\/\/clinicavallcorba.com\/wp-content\/uploads\/contra-el-cancer-oral-coec-731x1024-1-600x840.webp 600w, https:\/\/clinicavallcorba.com\/wp-content\/uploads\/contra-el-cancer-oral-coec-731x1024-1.webp 731w\" sizes=\"(max-width: 640px) 100vw, 600px\" \/><\/span><\/div><\/div><\/div><div class=\"fusion-layout-column fusion_builder_column fusion-builder-column-1 fusion_builder_column_1_2 1_2 fusion-flex-column\" style=\"--awb-bg-size:cover;--awb-width-large:50%;--awb-margin-top-large:0px;--awb-spacing-right-large:3.84%;--awb-margin-bottom-large:20px;--awb-spacing-left-large:3.84%;--awb-width-medium:50%;--awb-order-medium:0;--awb-spacing-right-medium:3.84%;--awb-spacing-left-medium:3.84%;--awb-width-small:100%;--awb-order-small:0;--awb-spacing-right-small:1.92%;--awb-spacing-left-small:1.92%;\"><div class=\"fusion-column-wrapper fusion-column-has-shadow fusion-flex-justify-content-flex-start fusion-content-layout-column\"><div class=\"fusion-title title fusion-title-1 fusion-sep-none fusion-title-text fusion-title-size-two\"><h2 class=\"fusion-title-heading title-heading-left fusion-responsive-typography-calculated\" style=\"margin:0;--fontSize:34;line-height:var(--awb-typography2-line-height);\">El seu dentista li pot salvar la vida<\/h2><\/div><div class=\"fusion-text fusion-text-1\" style=\"--awb-content-alignment:justify;\"><p><em>12 de juny del 2019<\/em><\/p>\n<p>A Catalunya, entre un 3 i un 5% dels c\u00e0ncers que es diagnostiquen es troben a la cavitat bucal. En el 85% dels casos, el diagn\u00f2stic \u00e9s tard\u00e0, per la qual cosa el seu pron\u00f2stic empitjora significativament, fent que una de cada quatre persones diagnosticades de c\u00e0ncer oral morin per aquesta causa.\u00a0<strong>El 90% dels c\u00e0ncers orals podrien curar-se amb un diagn\u00f2stic preco\u00e7.<\/strong><\/p>\n<p>Per a un diagn\u00f2stic preco\u00e7 \u00e9s recomanable realitzar\u00a0<strong>almenys un cop l\u2019any una visita al dentista<\/strong>, que explorar\u00e0 visualment i far\u00e0 la palpaci\u00f3 a la seva boca, i en cas de trobar una lesi\u00f3 bucal realitzar\u00e0 una bi\u00f2psia.<\/p>\n<p>A m\u00e9s, a manera de complement, a partir dels 40 anys \u00e9s recomanable fer\u00a0<strong>autoexploracions<\/strong>, almenys cada 6 mesos; els canvis d\u2019aspecte, petites ferides, \u00falceres, plaques blanques o vermelles o bonys que no es modifiquin en dues setmanes cal que s\u2019avalu\u00efn per part del dentista.<\/p>\n<p>Hi ha\u00a0<strong>factors de risc de c\u00e0ncer oral<\/strong>\u00a0com el tabac, l\u2019alcohol o alguns virus com el del papil\u00b7loma hum\u00e0 (VPH), la mala higiene bucal o pr\u00f2tesis bucals desajustades.<\/p>\n<\/div><\/div><\/div><div class=\"fusion-layout-column fusion_builder_column fusion-builder-column-2 fusion_builder_column_1_1 1_1 fusion-flex-column\" style=\"--awb-bg-size:cover;--awb-width-large:100%;--awb-margin-top-large:0px;--awb-spacing-right-large:1.92%;--awb-margin-bottom-large:20px;--awb-spacing-left-large:1.92%;--awb-width-medium:100%;--awb-order-medium:0;--awb-spacing-right-medium:1.92%;--awb-spacing-left-medium:1.92%;--awb-width-small:100%;--awb-order-small:0;--awb-spacing-right-small:1.92%;--awb-spacing-left-small:1.92%;\"><div class=\"fusion-column-wrapper fusion-column-has-shadow fusion-flex-justify-content-flex-start fusion-content-layout-column\"><div class=\"fusion-text fusion-text-2\" style=\"--awb-content-alignment:justify;\"><p>A nivell\u00a0<strong>preventiu<\/strong>\u00a0\u00e9s important evitar fumar, seguir una dieta equilibrada, evitar l\u2019alcohol, seguir una higiene adequada, vacunar-se contra VPH i portar pr\u00f2tesis ajustades que evitin els frecs.\u00a0<strong>La visita anual al dentista pot salvar-li la vida.<\/strong><\/p>\n<p><strong>El dia 12 de juny \u00e9s el dia europeu contra el c\u00e0ncer oral i Cl\u00ednica Vallcorba s\u2019adhereix als programes preventius i de diagn\u00f2stic preco\u00e7.<\/strong><\/p>\n<p>Font: COEC 2019<\/p>\n<\/div><\/div><\/div><\/div><\/div>\n","protected":false},"excerpt":{"rendered":"","protected":false},"author":1,"featured_media":2821,"comment_status":"closed","ping_status":"closed","sticky":false,"template":"","format":"standard","meta":{"footnotes":""},"categories":[1],"tags":[],"class_list":["post-3470","post","type-post","status-publish","format-standard","has-post-thumbnail","hentry","category-informacio-i-recomanacions"],"yoast_head":"<!-- This site is optimized with the Yoast SEO plugin v26.7 - https:\/\/yoast.com\/wordpress\/plugins\/seo\/ -->\n<title>Contra el c\u00e0ncer oral | Cl\u00ednica Vallcorba<\/title>\n<meta name=\"description\" content=\"El dia 12 de juny \u00e9s el dia europeu contra el c\u00e0ncer oral i Cl\u00ednica Vallcorba s&#039;adhereix als programes preventius i de diagn\u00f2stic preco\u00e7.\" \/>\n<meta name=\"robots\" content=\"index, follow, max-snippet:-1, max-image-preview:large, max-video-preview:-1\" \/>\n<link rel=\"canonical\" href=\"https:\/\/clinicavallcorba.com\/ca\/contra-el-cancer-oral\/\" \/>\n<meta property=\"og:locale\" content=\"ca_ES\" \/>\n<meta property=\"og:type\" content=\"article\" \/>\n<meta property=\"og:title\" content=\"Contra el c\u00e0ncer oral | Cl\u00ednica Vallcorba\" \/>\n<meta property=\"og:description\" content=\"El dia 12 de juny \u00e9s el dia europeu contra el c\u00e0ncer oral i Cl\u00ednica Vallcorba s&#039;adhereix als programes preventius i de diagn\u00f2stic preco\u00e7.\" \/>\n<meta property=\"og:url\" content=\"https:\/\/clinicavallcorba.com\/ca\/contra-el-cancer-oral\/\" \/>\n<meta property=\"og:site_name\" content=\"Cl\u00ednica Vallcorba\" \/>\n<meta property=\"article:published_time\" content=\"2019-06-12T10:04:19+00:00\" \/>\n<meta property=\"article:modified_time\" content=\"2024-01-25T16:00:03+00:00\" \/>\n<meta property=\"og:image\" content=\"https:\/\/clinicavallcorba.com\/wp-content\/uploads\/cancer-oral-vallcorba.webp\" \/>\n\t<meta property=\"og:image:width\" content=\"595\" \/>\n\t<meta property=\"og:image:height\" content=\"463\" \/>\n\t<meta property=\"og:image:type\" content=\"image\/webp\" \/>\n<meta name=\"author\" content=\"Nuria Vallcorba\" \/>\n<meta name=\"twitter:card\" content=\"summary_large_image\" \/>\n<meta name=\"twitter:label1\" content=\"Escrit per\" \/>\n\t<meta name=\"twitter:data1\" content=\"Nuria Vallcorba\" \/>\n\t<meta name=\"twitter:label2\" content=\"Temps estimat de lectura\" \/>\n\t<meta name=\"twitter:data2\" content=\"2 minuts\" \/>\n<script type=\"application\/ld+json\" class=\"yoast-schema-graph\">{\"@context\":\"https:\/\/schema.org\",\"@graph\":[{\"@type\":\"Article\",\"@id\":\"https:\/\/clinicavallcorba.com\/ca\/contra-el-cancer-oral\/#article\",\"isPartOf\":{\"@id\":\"https:\/\/clinicavallcorba.com\/ca\/contra-el-cancer-oral\/\"},\"author\":{\"name\":\"Nuria Vallcorba\",\"@id\":\"https:\/\/clinicavallcorba.com\/ca\/#\/schema\/person\/864eb678a78ccbf1c6c41bbb09940583\"},\"headline\":\"Contra el c\u00e0ncer oral\",\"datePublished\":\"2019-06-12T10:04:19+00:00\",\"dateModified\":\"2024-01-25T16:00:03+00:00\",\"mainEntityOfPage\":{\"@id\":\"https:\/\/clinicavallcorba.com\/ca\/contra-el-cancer-oral\/\"},\"wordCount\":2357,\"image\":{\"@id\":\"https:\/\/clinicavallcorba.com\/ca\/contra-el-cancer-oral\/#primaryimage\"},\"thumbnailUrl\":\"https:\/\/clinicavallcorba.com\/wp-content\/uploads\/cancer-oral-vallcorba.webp\",\"articleSection\":[\"Informaci\u00f3 i recomanacions\"],\"inLanguage\":\"ca\"},{\"@type\":\"WebPage\",\"@id\":\"https:\/\/clinicavallcorba.com\/ca\/contra-el-cancer-oral\/\",\"url\":\"https:\/\/clinicavallcorba.com\/ca\/contra-el-cancer-oral\/\",\"name\":\"Contra el c\u00e0ncer oral | Cl\u00ednica Vallcorba\",\"isPartOf\":{\"@id\":\"https:\/\/clinicavallcorba.com\/ca\/#website\"},\"primaryImageOfPage\":{\"@id\":\"https:\/\/clinicavallcorba.com\/ca\/contra-el-cancer-oral\/#primaryimage\"},\"image\":{\"@id\":\"https:\/\/clinicavallcorba.com\/ca\/contra-el-cancer-oral\/#primaryimage\"},\"thumbnailUrl\":\"https:\/\/clinicavallcorba.com\/wp-content\/uploads\/cancer-oral-vallcorba.webp\",\"datePublished\":\"2019-06-12T10:04:19+00:00\",\"dateModified\":\"2024-01-25T16:00:03+00:00\",\"author\":{\"@id\":\"https:\/\/clinicavallcorba.com\/ca\/#\/schema\/person\/864eb678a78ccbf1c6c41bbb09940583\"},\"description\":\"El dia 12 de juny \u00e9s el dia europeu contra el c\u00e0ncer oral i Cl\u00ednica Vallcorba s'adhereix als programes preventius i de diagn\u00f2stic preco\u00e7.\",\"breadcrumb\":{\"@id\":\"https:\/\/clinicavallcorba.com\/ca\/contra-el-cancer-oral\/#breadcrumb\"},\"inLanguage\":\"ca\",\"potentialAction\":[{\"@type\":\"ReadAction\",\"target\":[\"https:\/\/clinicavallcorba.com\/ca\/contra-el-cancer-oral\/\"]}]},{\"@type\":\"ImageObject\",\"inLanguage\":\"ca\",\"@id\":\"https:\/\/clinicavallcorba.com\/ca\/contra-el-cancer-oral\/#primaryimage\",\"url\":\"https:\/\/clinicavallcorba.com\/wp-content\/uploads\/cancer-oral-vallcorba.webp\",\"contentUrl\":\"https:\/\/clinicavallcorba.com\/wp-content\/uploads\/cancer-oral-vallcorba.webp\",\"width\":595,\"height\":463},{\"@type\":\"BreadcrumbList\",\"@id\":\"https:\/\/clinicavallcorba.com\/ca\/contra-el-cancer-oral\/#breadcrumb\",\"itemListElement\":[{\"@type\":\"ListItem\",\"position\":1,\"name\":\"Inici\",\"item\":\"https:\/\/clinicavallcorba.com\/ca\/\"},{\"@type\":\"ListItem\",\"position\":2,\"name\":\"Contra el c\u00e0ncer oral\"}]},{\"@type\":\"WebSite\",\"@id\":\"https:\/\/clinicavallcorba.com\/ca\/#website\",\"url\":\"https:\/\/clinicavallcorba.com\/ca\/\",\"name\":\"Cl\u00ednica Vallcorba\",\"description\":\"Cl\u00ednica dental\",\"potentialAction\":[{\"@type\":\"SearchAction\",\"target\":{\"@type\":\"EntryPoint\",\"urlTemplate\":\"https:\/\/clinicavallcorba.com\/ca\/?s={search_term_string}\"},\"query-input\":{\"@type\":\"PropertyValueSpecification\",\"valueRequired\":true,\"valueName\":\"search_term_string\"}}],\"inLanguage\":\"ca\"},{\"@type\":\"Person\",\"@id\":\"https:\/\/clinicavallcorba.com\/ca\/#\/schema\/person\/864eb678a78ccbf1c6c41bbb09940583\",\"name\":\"Nuria Vallcorba\",\"description\":\"Nuria Vallcorba realiz\u00f3 sus estudios de medicina y cirug\u00eda en la Universidad aut\u00f3noma de Barcelona con calificaci\u00f3n de sobresaliente. Posteriormente se especializ\u00f3 en estomatolog\u00eda, realiz\u00f3 el master en Periodoncia y el doctorado en Odontolog\u00eda en la Universidad Complutense de Madrid, con calificaci\u00f3n cum laude por unanimidad. Ejerce desde 1990 pr\u00e1ctica cl\u00ednica de periodoncia e implantes en Barcelona. Dentro de la actividad cient\u00edfica cabe destacar, adem\u00e1s del doctorado, la publicaci\u00f3n de art\u00edculos en revistas y cap\u00edtulos en libros a nivel nacional e internacional. Ha sido directora de la revista Periodoncia, de la Sociedad espa\u00f1ola de Periodoncia. Es conferenciante sobre Periodoncia y consultor de diferentes organismos cient\u00edficos. Ha realizado actividad docente de Periodoncia desde 1989, tanto de pregrado como de postgrado, en la Universidad Complutense de Madrid, Universidad de California-Los Angeles, Universidad de Barcelona, Universitat internacional de Catalunya y actualmente imparte docencia en el master de Periodoncia de la Universidad de Valencia. Ha sido Presidente de la Societat Catalana d\u2019odontologia i estomatolog\u00eda de la Acad\u00e8mia de Ci\u00e8ncies M\u00e8diques de Catalunya i Balears y Presidente de la Sociedad Espa\u00f1ola de Periodoncia y osteointegraci\u00f3n y de la Fundaci\u00f3n SEPA. Actualmente es patrono de honor de dicha fundaci\u00f3n.\",\"sameAs\":[\"https:\/\/clinicavallcorba.com\",\"https:\/\/www.instagram.com\/clinicavallcorba?igsh=cWE4MjljazZnMzVy\",\"https:\/\/www.linkedin.com\/in\/nuria-vallcorba-plana-6434a642\/\"],\"url\":\"https:\/\/clinicavallcorba.com\/ca\/author\/nuria-vallcorba\/\"}]}<\/script>\n<!-- \/ Yoast SEO plugin. -->","yoast_head_json":{"title":"Contra el c\u00e0ncer oral | Cl\u00ednica Vallcorba","description":"El dia 12 de juny \u00e9s el dia europeu contra el c\u00e0ncer oral i Cl\u00ednica Vallcorba s'adhereix als programes preventius i de diagn\u00f2stic preco\u00e7.","robots":{"index":"index","follow":"follow","max-snippet":"max-snippet:-1","max-image-preview":"max-image-preview:large","max-video-preview":"max-video-preview:-1"},"canonical":"https:\/\/clinicavallcorba.com\/ca\/contra-el-cancer-oral\/","og_locale":"ca_ES","og_type":"article","og_title":"Contra el c\u00e0ncer oral | Cl\u00ednica Vallcorba","og_description":"El dia 12 de juny \u00e9s el dia europeu contra el c\u00e0ncer oral i Cl\u00ednica Vallcorba s'adhereix als programes preventius i de diagn\u00f2stic preco\u00e7.","og_url":"https:\/\/clinicavallcorba.com\/ca\/contra-el-cancer-oral\/","og_site_name":"Cl\u00ednica Vallcorba","article_published_time":"2019-06-12T10:04:19+00:00","article_modified_time":"2024-01-25T16:00:03+00:00","og_image":[{"width":595,"height":463,"url":"https:\/\/clinicavallcorba.com\/wp-content\/uploads\/cancer-oral-vallcorba.webp","type":"image\/webp"}],"author":"Nuria Vallcorba","twitter_card":"summary_large_image","twitter_misc":{"Escrit per":"Nuria Vallcorba","Temps estimat de lectura":"2 minuts"},"schema":{"@context":"https:\/\/schema.org","@graph":[{"@type":"Article","@id":"https:\/\/clinicavallcorba.com\/ca\/contra-el-cancer-oral\/#article","isPartOf":{"@id":"https:\/\/clinicavallcorba.com\/ca\/contra-el-cancer-oral\/"},"author":{"name":"Nuria Vallcorba","@id":"https:\/\/clinicavallcorba.com\/ca\/#\/schema\/person\/864eb678a78ccbf1c6c41bbb09940583"},"headline":"Contra el c\u00e0ncer oral","datePublished":"2019-06-12T10:04:19+00:00","dateModified":"2024-01-25T16:00:03+00:00","mainEntityOfPage":{"@id":"https:\/\/clinicavallcorba.com\/ca\/contra-el-cancer-oral\/"},"wordCount":2357,"image":{"@id":"https:\/\/clinicavallcorba.com\/ca\/contra-el-cancer-oral\/#primaryimage"},"thumbnailUrl":"https:\/\/clinicavallcorba.com\/wp-content\/uploads\/cancer-oral-vallcorba.webp","articleSection":["Informaci\u00f3 i recomanacions"],"inLanguage":"ca"},{"@type":"WebPage","@id":"https:\/\/clinicavallcorba.com\/ca\/contra-el-cancer-oral\/","url":"https:\/\/clinicavallcorba.com\/ca\/contra-el-cancer-oral\/","name":"Contra el c\u00e0ncer oral | Cl\u00ednica Vallcorba","isPartOf":{"@id":"https:\/\/clinicavallcorba.com\/ca\/#website"},"primaryImageOfPage":{"@id":"https:\/\/clinicavallcorba.com\/ca\/contra-el-cancer-oral\/#primaryimage"},"image":{"@id":"https:\/\/clinicavallcorba.com\/ca\/contra-el-cancer-oral\/#primaryimage"},"thumbnailUrl":"https:\/\/clinicavallcorba.com\/wp-content\/uploads\/cancer-oral-vallcorba.webp","datePublished":"2019-06-12T10:04:19+00:00","dateModified":"2024-01-25T16:00:03+00:00","author":{"@id":"https:\/\/clinicavallcorba.com\/ca\/#\/schema\/person\/864eb678a78ccbf1c6c41bbb09940583"},"description":"El dia 12 de juny \u00e9s el dia europeu contra el c\u00e0ncer oral i Cl\u00ednica Vallcorba s'adhereix als programes preventius i de diagn\u00f2stic preco\u00e7.","breadcrumb":{"@id":"https:\/\/clinicavallcorba.com\/ca\/contra-el-cancer-oral\/#breadcrumb"},"inLanguage":"ca","potentialAction":[{"@type":"ReadAction","target":["https:\/\/clinicavallcorba.com\/ca\/contra-el-cancer-oral\/"]}]},{"@type":"ImageObject","inLanguage":"ca","@id":"https:\/\/clinicavallcorba.com\/ca\/contra-el-cancer-oral\/#primaryimage","url":"https:\/\/clinicavallcorba.com\/wp-content\/uploads\/cancer-oral-vallcorba.webp","contentUrl":"https:\/\/clinicavallcorba.com\/wp-content\/uploads\/cancer-oral-vallcorba.webp","width":595,"height":463},{"@type":"BreadcrumbList","@id":"https:\/\/clinicavallcorba.com\/ca\/contra-el-cancer-oral\/#breadcrumb","itemListElement":[{"@type":"ListItem","position":1,"name":"Inici","item":"https:\/\/clinicavallcorba.com\/ca\/"},{"@type":"ListItem","position":2,"name":"Contra el c\u00e0ncer oral"}]},{"@type":"WebSite","@id":"https:\/\/clinicavallcorba.com\/ca\/#website","url":"https:\/\/clinicavallcorba.com\/ca\/","name":"Cl\u00ednica Vallcorba","description":"Cl\u00ednica dental","potentialAction":[{"@type":"SearchAction","target":{"@type":"EntryPoint","urlTemplate":"https:\/\/clinicavallcorba.com\/ca\/?s={search_term_string}"},"query-input":{"@type":"PropertyValueSpecification","valueRequired":true,"valueName":"search_term_string"}}],"inLanguage":"ca"},{"@type":"Person","@id":"https:\/\/clinicavallcorba.com\/ca\/#\/schema\/person\/864eb678a78ccbf1c6c41bbb09940583","name":"Nuria Vallcorba","description":"Nuria Vallcorba realiz\u00f3 sus estudios de medicina y cirug\u00eda en la Universidad aut\u00f3noma de Barcelona con calificaci\u00f3n de sobresaliente. Posteriormente se especializ\u00f3 en estomatolog\u00eda, realiz\u00f3 el master en Periodoncia y el doctorado en Odontolog\u00eda en la Universidad Complutense de Madrid, con calificaci\u00f3n cum laude por unanimidad. Ejerce desde 1990 pr\u00e1ctica cl\u00ednica de periodoncia e implantes en Barcelona. Dentro de la actividad cient\u00edfica cabe destacar, adem\u00e1s del doctorado, la publicaci\u00f3n de art\u00edculos en revistas y cap\u00edtulos en libros a nivel nacional e internacional. Ha sido directora de la revista Periodoncia, de la Sociedad espa\u00f1ola de Periodoncia. Es conferenciante sobre Periodoncia y consultor de diferentes organismos cient\u00edficos. Ha realizado actividad docente de Periodoncia desde 1989, tanto de pregrado como de postgrado, en la Universidad Complutense de Madrid, Universidad de California-Los Angeles, Universidad de Barcelona, Universitat internacional de Catalunya y actualmente imparte docencia en el master de Periodoncia de la Universidad de Valencia. Ha sido Presidente de la Societat Catalana d\u2019odontologia i estomatolog\u00eda de la Acad\u00e8mia de Ci\u00e8ncies M\u00e8diques de Catalunya i Balears y Presidente de la Sociedad Espa\u00f1ola de Periodoncia y osteointegraci\u00f3n y de la Fundaci\u00f3n SEPA. Actualmente es patrono de honor de dicha fundaci\u00f3n.","sameAs":["https:\/\/clinicavallcorba.com","https:\/\/www.instagram.com\/clinicavallcorba?igsh=cWE4MjljazZnMzVy","https:\/\/www.linkedin.com\/in\/nuria-vallcorba-plana-6434a642\/"],"url":"https:\/\/clinicavallcorba.com\/ca\/author\/nuria-vallcorba\/"}]}},"_links":{"self":[{"href":"https:\/\/clinicavallcorba.com\/ca\/wp-json\/wp\/v2\/posts\/3470","targetHints":{"allow":["GET"]}}],"collection":[{"href":"https:\/\/clinicavallcorba.com\/ca\/wp-json\/wp\/v2\/posts"}],"about":[{"href":"https:\/\/clinicavallcorba.com\/ca\/wp-json\/wp\/v2\/types\/post"}],"author":[{"embeddable":true,"href":"https:\/\/clinicavallcorba.com\/ca\/wp-json\/wp\/v2\/users\/1"}],"replies":[{"embeddable":true,"href":"https:\/\/clinicavallcorba.com\/ca\/wp-json\/wp\/v2\/comments?post=3470"}],"version-history":[{"count":0,"href":"https:\/\/clinicavallcorba.com\/ca\/wp-json\/wp\/v2\/posts\/3470\/revisions"}],"wp:featuredmedia":[{"embeddable":true,"href":"https:\/\/clinicavallcorba.com\/ca\/wp-json\/wp\/v2\/media\/2821"}],"wp:attachment":[{"href":"https:\/\/clinicavallcorba.com\/ca\/wp-json\/wp\/v2\/media?parent=3470"}],"wp:term":[{"taxonomy":"category","embeddable":true,"href":"https:\/\/clinicavallcorba.com\/ca\/wp-json\/wp\/v2\/categories?post=3470"},{"taxonomy":"post_tag","embeddable":true,"href":"https:\/\/clinicavallcorba.com\/ca\/wp-json\/wp\/v2\/tags?post=3470"}],"curies":[{"name":"wp","href":"https:\/\/api.w.org\/{rel}","templated":true}]}}