{"id":3531,"date":"2018-09-03T13:04:13","date_gmt":"2018-09-03T11:04:13","guid":{"rendered":"https:\/\/clinicavallcorba.com\/consejos-para-prevenir-la-caries\/"},"modified":"2024-01-25T17:29:19","modified_gmt":"2024-01-25T16:29:19","slug":"consells-per-prevenir-la-caries","status":"publish","type":"post","link":"https:\/\/clinicavallcorba.com\/ca\/consells-per-prevenir-la-caries\/","title":{"rendered":"Consells per prevenir la c\u00e0ries"},"content":{"rendered":"<div class=\"fusion-fullwidth fullwidth-box fusion-builder-row-1 fusion-flex-container has-pattern-background has-mask-background nonhundred-percent-fullwidth non-hundred-percent-height-scrolling\" style=\"--link_hover_color: var(--awb-color6);--link_color: var(--awb-color7);--awb-border-radius-top-left:0px;--awb-border-radius-top-right:0px;--awb-border-radius-bottom-right:0px;--awb-border-radius-bottom-left:0px;--awb-flex-wrap:wrap;\" ><div class=\"fusion-builder-row fusion-row fusion-flex-align-items-flex-start fusion-flex-content-wrap\" style=\"max-width:1300px;margin-left: calc(-4% \/ 2 );margin-right: calc(-4% \/ 2 );\"><div class=\"fusion-layout-column fusion_builder_column fusion-builder-column-0 fusion_builder_column_1_2 1_2 fusion-flex-column\" style=\"--awb-bg-size:cover;--awb-width-large:50%;--awb-margin-top-large:0px;--awb-spacing-right-large:3.84%;--awb-margin-bottom-large:20px;--awb-spacing-left-large:3.84%;--awb-width-medium:50%;--awb-order-medium:0;--awb-spacing-right-medium:3.84%;--awb-spacing-left-medium:3.84%;--awb-width-small:100%;--awb-order-small:0;--awb-spacing-right-small:1.92%;--awb-spacing-left-small:1.92%;\"><div class=\"fusion-column-wrapper fusion-column-has-shadow fusion-flex-justify-content-flex-start fusion-content-layout-column\"><div class=\"fusion-image-element \" style=\"text-align:center;--awb-caption-title-font-family:var(--h2_typography-font-family);--awb-caption-title-font-weight:var(--h2_typography-font-weight);--awb-caption-title-font-style:var(--h2_typography-font-style);--awb-caption-title-size:var(--h2_typography-font-size);--awb-caption-title-transform:var(--h2_typography-text-transform);--awb-caption-title-line-height:var(--h2_typography-line-height);--awb-caption-title-letter-spacing:var(--h2_typography-letter-spacing);\"><span class=\" fusion-imageframe imageframe-none imageframe-1 hover-type-none\"><img decoding=\"async\" width=\"595\" height=\"463\" alt=\"Consejos para prevenir la caries\" title=\"Consejos para prevenir la caries\" src=\"https:\/\/clinicavallcorba.com\/wp-content\/uploads\/Prevenir-la-caries-ok.webp\" class=\"img-responsive wp-image-2839\" srcset=\"https:\/\/clinicavallcorba.com\/wp-content\/uploads\/Prevenir-la-caries-ok-200x156.webp 200w, https:\/\/clinicavallcorba.com\/wp-content\/uploads\/Prevenir-la-caries-ok-400x311.webp 400w, https:\/\/clinicavallcorba.com\/wp-content\/uploads\/Prevenir-la-caries-ok.webp 595w\" sizes=\"(max-width: 640px) 100vw, 595px\" \/><\/span><\/div><\/div><\/div><div class=\"fusion-layout-column fusion_builder_column fusion-builder-column-1 fusion_builder_column_1_2 1_2 fusion-flex-column\" style=\"--awb-bg-size:cover;--awb-width-large:50%;--awb-margin-top-large:0px;--awb-spacing-right-large:3.84%;--awb-margin-bottom-large:20px;--awb-spacing-left-large:3.84%;--awb-width-medium:50%;--awb-order-medium:0;--awb-spacing-right-medium:3.84%;--awb-spacing-left-medium:3.84%;--awb-width-small:100%;--awb-order-small:0;--awb-spacing-right-small:1.92%;--awb-spacing-left-small:1.92%;\"><div class=\"fusion-column-wrapper fusion-column-has-shadow fusion-flex-justify-content-flex-start fusion-content-layout-column\"><div class=\"fusion-title title fusion-title-1 fusion-sep-none fusion-title-text fusion-title-size-two\"><h2 class=\"fusion-title-heading title-heading-left fusion-responsive-typography-calculated\" style=\"margin:0;--fontSize:34;line-height:var(--awb-typography2-line-height);\">Les c\u00e0ries s\u00f3n una de les malalties m\u00e9s freq\u00fcents i, tot i aix\u00ed, poden prevenir-se.<\/h2><\/div><div class=\"fusion-text fusion-text-1\" style=\"--awb-content-alignment:justify;\"><p><em>3 de setembre del 2018<\/em><\/p>\n<p><strong>Les c\u00e0ries<\/strong>\u00a0es produeixen quan els sucres dels aliments i les begudes reaccionen amb determinades bact\u00e8ries de la placa dental, formant \u00e0cids. Els \u00e0cids s\u00f3n capa\u00e7os d\u2019atacar les dents. L\u2019eliminaci\u00f3 de les bact\u00e8ries de la superf\u00edcie de les dents amb t\u00e8cniques adequades d\u2019higiene i una dieta baixa en hidrats de carboni i \u00e0cid ajudaran a evitar que es pateixi de c\u00e0ries.<\/p>\n<\/div><\/div><\/div><div class=\"fusion-layout-column fusion_builder_column fusion-builder-column-2 fusion_builder_column_1_1 1_1 fusion-flex-column\" style=\"--awb-bg-size:cover;--awb-width-large:100%;--awb-margin-top-large:0px;--awb-spacing-right-large:1.92%;--awb-margin-bottom-large:20px;--awb-spacing-left-large:1.92%;--awb-width-medium:100%;--awb-order-medium:0;--awb-spacing-right-medium:1.92%;--awb-spacing-left-medium:1.92%;--awb-width-small:100%;--awb-order-small:0;--awb-spacing-right-small:1.92%;--awb-spacing-left-small:1.92%;\"><div class=\"fusion-column-wrapper fusion-column-has-shadow fusion-flex-justify-content-flex-start fusion-content-layout-column\"><div class=\"fusion-title title fusion-title-2 fusion-sep-none fusion-title-center fusion-title-text fusion-title-size-two\"><h2 class=\"fusion-title-heading title-heading-center fusion-responsive-typography-calculated\" style=\"margin:0;--fontSize:34;line-height:var(--awb-typography2-line-height);\">Com reduir el risc de patir c\u00e0ries<\/h2><\/div><div class=\"fusion-text fusion-text-2\" style=\"--awb-content-alignment:justify;\"><p>Sumem alguns consells per reduir el risc de patir c\u00e0ries:<\/p>\n<ul>\n<li><strong>Utilitzi dentifricis amb fluor en raspallar-se les dents<\/strong>; per obtenir el m\u00e0xim efecte del fluor, en acabar no s\u2019esbandeixi amb aigua, sin\u00f3 que nom\u00e9s escupi l\u2019exc\u00e9s.<\/li>\n<li><strong>Deixi el seu raspall de dents ben lluny de la tassa del WC<\/strong>; l\u2019esprai de l\u2019aigua de la cisterna podria arribar fins al raspall.<\/li>\n<li><strong>No comparteixi el seu raspall<\/strong>\u00a0ni el tingui a prop dels altres del lavabo. Aix\u00ed evitar\u00e0 el trasp\u00e0s de g\u00e8rmens.<\/li>\n<li><strong>\u00c9s convenient raspallar les dents<\/strong>\u00a0per evitar que les bact\u00e8ries quedin sobre la seva superf\u00edcie; per\u00f2 no ho faci amb massa for\u00e7a; l\u2019esmalt \u00e9s molt dur, per\u00f2 no indestructible, i nosaltres volem nom\u00e9s eliminar les bact\u00e8ries. Per la mateixa ra\u00f3 \u00e9s recomanable utilitzar un raspall de duresa suau o mitjana.<\/li>\n<\/ul>\n<\/div><\/div><\/div><\/div><\/div>\n","protected":false},"excerpt":{"rendered":"","protected":false},"author":1,"featured_media":2839,"comment_status":"closed","ping_status":"closed","sticky":false,"template":"","format":"standard","meta":{"footnotes":""},"categories":[1],"tags":[],"class_list":["post-3531","post","type-post","status-publish","format-standard","has-post-thumbnail","hentry","category-informacio-i-recomanacions"],"yoast_head":"<!-- This site is optimized with the Yoast SEO plugin v26.7 - https:\/\/yoast.com\/wordpress\/plugins\/seo\/ -->\n<title>Consells per prevenir la c\u00e0ries | Cl\u00ednica Vallcorba<\/title>\n<meta name=\"description\" content=\"Les c\u00e0ries s\u00f3n una de les malalties m\u00e9s freq\u00fcents i, tot i aix\u00ed, poden prevenir-se.\" \/>\n<meta name=\"robots\" content=\"index, follow, max-snippet:-1, max-image-preview:large, max-video-preview:-1\" \/>\n<link rel=\"canonical\" href=\"https:\/\/clinicavallcorba.com\/ca\/consells-per-prevenir-la-caries\/\" \/>\n<meta property=\"og:locale\" content=\"ca_ES\" \/>\n<meta property=\"og:type\" content=\"article\" \/>\n<meta property=\"og:title\" content=\"Consells per prevenir la c\u00e0ries | Cl\u00ednica Vallcorba\" \/>\n<meta property=\"og:description\" content=\"Les c\u00e0ries s\u00f3n una de les malalties m\u00e9s freq\u00fcents i, tot i aix\u00ed, poden prevenir-se.\" \/>\n<meta property=\"og:url\" content=\"https:\/\/clinicavallcorba.com\/ca\/consells-per-prevenir-la-caries\/\" \/>\n<meta property=\"og:site_name\" content=\"Cl\u00ednica Vallcorba\" \/>\n<meta property=\"article:published_time\" content=\"2018-09-03T11:04:13+00:00\" \/>\n<meta property=\"article:modified_time\" content=\"2024-01-25T16:29:19+00:00\" \/>\n<meta property=\"og:image\" content=\"https:\/\/clinicavallcorba.com\/wp-content\/uploads\/Prevenir-la-caries-ok.webp\" \/>\n\t<meta property=\"og:image:width\" content=\"595\" \/>\n\t<meta property=\"og:image:height\" content=\"463\" \/>\n\t<meta property=\"og:image:type\" content=\"image\/webp\" \/>\n<meta name=\"author\" content=\"Nuria Vallcorba\" \/>\n<meta name=\"twitter:card\" content=\"summary_large_image\" \/>\n<meta name=\"twitter:label1\" content=\"Escrit per\" \/>\n\t<meta name=\"twitter:data1\" content=\"Nuria Vallcorba\" \/>\n\t<meta name=\"twitter:label2\" content=\"Temps estimat de lectura\" \/>\n\t<meta name=\"twitter:data2\" content=\"2 minuts\" \/>\n<script type=\"application\/ld+json\" class=\"yoast-schema-graph\">{\"@context\":\"https:\/\/schema.org\",\"@graph\":[{\"@type\":\"Article\",\"@id\":\"https:\/\/clinicavallcorba.com\/ca\/consells-per-prevenir-la-caries\/#article\",\"isPartOf\":{\"@id\":\"https:\/\/clinicavallcorba.com\/ca\/consells-per-prevenir-la-caries\/\"},\"author\":{\"name\":\"Nuria Vallcorba\",\"@id\":\"https:\/\/clinicavallcorba.com\/ca\/#\/schema\/person\/864eb678a78ccbf1c6c41bbb09940583\"},\"headline\":\"Consells per prevenir la c\u00e0ries\",\"datePublished\":\"2018-09-03T11:04:13+00:00\",\"dateModified\":\"2024-01-25T16:29:19+00:00\",\"mainEntityOfPage\":{\"@id\":\"https:\/\/clinicavallcorba.com\/ca\/consells-per-prevenir-la-caries\/\"},\"wordCount\":2549,\"image\":{\"@id\":\"https:\/\/clinicavallcorba.com\/ca\/consells-per-prevenir-la-caries\/#primaryimage\"},\"thumbnailUrl\":\"https:\/\/clinicavallcorba.com\/wp-content\/uploads\/Prevenir-la-caries-ok.webp\",\"articleSection\":[\"Informaci\u00f3 i recomanacions\"],\"inLanguage\":\"ca\"},{\"@type\":\"WebPage\",\"@id\":\"https:\/\/clinicavallcorba.com\/ca\/consells-per-prevenir-la-caries\/\",\"url\":\"https:\/\/clinicavallcorba.com\/ca\/consells-per-prevenir-la-caries\/\",\"name\":\"Consells per prevenir la c\u00e0ries | Cl\u00ednica Vallcorba\",\"isPartOf\":{\"@id\":\"https:\/\/clinicavallcorba.com\/ca\/#website\"},\"primaryImageOfPage\":{\"@id\":\"https:\/\/clinicavallcorba.com\/ca\/consells-per-prevenir-la-caries\/#primaryimage\"},\"image\":{\"@id\":\"https:\/\/clinicavallcorba.com\/ca\/consells-per-prevenir-la-caries\/#primaryimage\"},\"thumbnailUrl\":\"https:\/\/clinicavallcorba.com\/wp-content\/uploads\/Prevenir-la-caries-ok.webp\",\"datePublished\":\"2018-09-03T11:04:13+00:00\",\"dateModified\":\"2024-01-25T16:29:19+00:00\",\"author\":{\"@id\":\"https:\/\/clinicavallcorba.com\/ca\/#\/schema\/person\/864eb678a78ccbf1c6c41bbb09940583\"},\"description\":\"Les c\u00e0ries s\u00f3n una de les malalties m\u00e9s freq\u00fcents i, tot i aix\u00ed, poden prevenir-se.\",\"breadcrumb\":{\"@id\":\"https:\/\/clinicavallcorba.com\/ca\/consells-per-prevenir-la-caries\/#breadcrumb\"},\"inLanguage\":\"ca\",\"potentialAction\":[{\"@type\":\"ReadAction\",\"target\":[\"https:\/\/clinicavallcorba.com\/ca\/consells-per-prevenir-la-caries\/\"]}]},{\"@type\":\"ImageObject\",\"inLanguage\":\"ca\",\"@id\":\"https:\/\/clinicavallcorba.com\/ca\/consells-per-prevenir-la-caries\/#primaryimage\",\"url\":\"https:\/\/clinicavallcorba.com\/wp-content\/uploads\/Prevenir-la-caries-ok.webp\",\"contentUrl\":\"https:\/\/clinicavallcorba.com\/wp-content\/uploads\/Prevenir-la-caries-ok.webp\",\"width\":595,\"height\":463},{\"@type\":\"BreadcrumbList\",\"@id\":\"https:\/\/clinicavallcorba.com\/ca\/consells-per-prevenir-la-caries\/#breadcrumb\",\"itemListElement\":[{\"@type\":\"ListItem\",\"position\":1,\"name\":\"Inici\",\"item\":\"https:\/\/clinicavallcorba.com\/ca\/\"},{\"@type\":\"ListItem\",\"position\":2,\"name\":\"Consells per prevenir la c\u00e0ries\"}]},{\"@type\":\"WebSite\",\"@id\":\"https:\/\/clinicavallcorba.com\/ca\/#website\",\"url\":\"https:\/\/clinicavallcorba.com\/ca\/\",\"name\":\"Cl\u00ednica Vallcorba\",\"description\":\"Cl\u00ednica dental\",\"potentialAction\":[{\"@type\":\"SearchAction\",\"target\":{\"@type\":\"EntryPoint\",\"urlTemplate\":\"https:\/\/clinicavallcorba.com\/ca\/?s={search_term_string}\"},\"query-input\":{\"@type\":\"PropertyValueSpecification\",\"valueRequired\":true,\"valueName\":\"search_term_string\"}}],\"inLanguage\":\"ca\"},{\"@type\":\"Person\",\"@id\":\"https:\/\/clinicavallcorba.com\/ca\/#\/schema\/person\/864eb678a78ccbf1c6c41bbb09940583\",\"name\":\"Nuria Vallcorba\",\"description\":\"Nuria Vallcorba realiz\u00f3 sus estudios de medicina y cirug\u00eda en la Universidad aut\u00f3noma de Barcelona con calificaci\u00f3n de sobresaliente. Posteriormente se especializ\u00f3 en estomatolog\u00eda, realiz\u00f3 el master en Periodoncia y el doctorado en Odontolog\u00eda en la Universidad Complutense de Madrid, con calificaci\u00f3n cum laude por unanimidad. Ejerce desde 1990 pr\u00e1ctica cl\u00ednica de periodoncia e implantes en Barcelona. Dentro de la actividad cient\u00edfica cabe destacar, adem\u00e1s del doctorado, la publicaci\u00f3n de art\u00edculos en revistas y cap\u00edtulos en libros a nivel nacional e internacional. Ha sido directora de la revista Periodoncia, de la Sociedad espa\u00f1ola de Periodoncia. Es conferenciante sobre Periodoncia y consultor de diferentes organismos cient\u00edficos. Ha realizado actividad docente de Periodoncia desde 1989, tanto de pregrado como de postgrado, en la Universidad Complutense de Madrid, Universidad de California-Los Angeles, Universidad de Barcelona, Universitat internacional de Catalunya y actualmente imparte docencia en el master de Periodoncia de la Universidad de Valencia. Ha sido Presidente de la Societat Catalana d\u2019odontologia i estomatolog\u00eda de la Acad\u00e8mia de Ci\u00e8ncies M\u00e8diques de Catalunya i Balears y Presidente de la Sociedad Espa\u00f1ola de Periodoncia y osteointegraci\u00f3n y de la Fundaci\u00f3n SEPA. Actualmente es patrono de honor de dicha fundaci\u00f3n.\",\"sameAs\":[\"https:\/\/clinicavallcorba.com\",\"https:\/\/www.instagram.com\/clinicavallcorba?igsh=cWE4MjljazZnMzVy\",\"https:\/\/www.linkedin.com\/in\/nuria-vallcorba-plana-6434a642\/\"],\"url\":\"https:\/\/clinicavallcorba.com\/ca\/author\/nuria-vallcorba\/\"}]}<\/script>\n<!-- \/ Yoast SEO plugin. -->","yoast_head_json":{"title":"Consells per prevenir la c\u00e0ries | Cl\u00ednica Vallcorba","description":"Les c\u00e0ries s\u00f3n una de les malalties m\u00e9s freq\u00fcents i, tot i aix\u00ed, poden prevenir-se.","robots":{"index":"index","follow":"follow","max-snippet":"max-snippet:-1","max-image-preview":"max-image-preview:large","max-video-preview":"max-video-preview:-1"},"canonical":"https:\/\/clinicavallcorba.com\/ca\/consells-per-prevenir-la-caries\/","og_locale":"ca_ES","og_type":"article","og_title":"Consells per prevenir la c\u00e0ries | Cl\u00ednica Vallcorba","og_description":"Les c\u00e0ries s\u00f3n una de les malalties m\u00e9s freq\u00fcents i, tot i aix\u00ed, poden prevenir-se.","og_url":"https:\/\/clinicavallcorba.com\/ca\/consells-per-prevenir-la-caries\/","og_site_name":"Cl\u00ednica Vallcorba","article_published_time":"2018-09-03T11:04:13+00:00","article_modified_time":"2024-01-25T16:29:19+00:00","og_image":[{"width":595,"height":463,"url":"https:\/\/clinicavallcorba.com\/wp-content\/uploads\/Prevenir-la-caries-ok.webp","type":"image\/webp"}],"author":"Nuria Vallcorba","twitter_card":"summary_large_image","twitter_misc":{"Escrit per":"Nuria Vallcorba","Temps estimat de lectura":"2 minuts"},"schema":{"@context":"https:\/\/schema.org","@graph":[{"@type":"Article","@id":"https:\/\/clinicavallcorba.com\/ca\/consells-per-prevenir-la-caries\/#article","isPartOf":{"@id":"https:\/\/clinicavallcorba.com\/ca\/consells-per-prevenir-la-caries\/"},"author":{"name":"Nuria Vallcorba","@id":"https:\/\/clinicavallcorba.com\/ca\/#\/schema\/person\/864eb678a78ccbf1c6c41bbb09940583"},"headline":"Consells per prevenir la c\u00e0ries","datePublished":"2018-09-03T11:04:13+00:00","dateModified":"2024-01-25T16:29:19+00:00","mainEntityOfPage":{"@id":"https:\/\/clinicavallcorba.com\/ca\/consells-per-prevenir-la-caries\/"},"wordCount":2549,"image":{"@id":"https:\/\/clinicavallcorba.com\/ca\/consells-per-prevenir-la-caries\/#primaryimage"},"thumbnailUrl":"https:\/\/clinicavallcorba.com\/wp-content\/uploads\/Prevenir-la-caries-ok.webp","articleSection":["Informaci\u00f3 i recomanacions"],"inLanguage":"ca"},{"@type":"WebPage","@id":"https:\/\/clinicavallcorba.com\/ca\/consells-per-prevenir-la-caries\/","url":"https:\/\/clinicavallcorba.com\/ca\/consells-per-prevenir-la-caries\/","name":"Consells per prevenir la c\u00e0ries | Cl\u00ednica Vallcorba","isPartOf":{"@id":"https:\/\/clinicavallcorba.com\/ca\/#website"},"primaryImageOfPage":{"@id":"https:\/\/clinicavallcorba.com\/ca\/consells-per-prevenir-la-caries\/#primaryimage"},"image":{"@id":"https:\/\/clinicavallcorba.com\/ca\/consells-per-prevenir-la-caries\/#primaryimage"},"thumbnailUrl":"https:\/\/clinicavallcorba.com\/wp-content\/uploads\/Prevenir-la-caries-ok.webp","datePublished":"2018-09-03T11:04:13+00:00","dateModified":"2024-01-25T16:29:19+00:00","author":{"@id":"https:\/\/clinicavallcorba.com\/ca\/#\/schema\/person\/864eb678a78ccbf1c6c41bbb09940583"},"description":"Les c\u00e0ries s\u00f3n una de les malalties m\u00e9s freq\u00fcents i, tot i aix\u00ed, poden prevenir-se.","breadcrumb":{"@id":"https:\/\/clinicavallcorba.com\/ca\/consells-per-prevenir-la-caries\/#breadcrumb"},"inLanguage":"ca","potentialAction":[{"@type":"ReadAction","target":["https:\/\/clinicavallcorba.com\/ca\/consells-per-prevenir-la-caries\/"]}]},{"@type":"ImageObject","inLanguage":"ca","@id":"https:\/\/clinicavallcorba.com\/ca\/consells-per-prevenir-la-caries\/#primaryimage","url":"https:\/\/clinicavallcorba.com\/wp-content\/uploads\/Prevenir-la-caries-ok.webp","contentUrl":"https:\/\/clinicavallcorba.com\/wp-content\/uploads\/Prevenir-la-caries-ok.webp","width":595,"height":463},{"@type":"BreadcrumbList","@id":"https:\/\/clinicavallcorba.com\/ca\/consells-per-prevenir-la-caries\/#breadcrumb","itemListElement":[{"@type":"ListItem","position":1,"name":"Inici","item":"https:\/\/clinicavallcorba.com\/ca\/"},{"@type":"ListItem","position":2,"name":"Consells per prevenir la c\u00e0ries"}]},{"@type":"WebSite","@id":"https:\/\/clinicavallcorba.com\/ca\/#website","url":"https:\/\/clinicavallcorba.com\/ca\/","name":"Cl\u00ednica Vallcorba","description":"Cl\u00ednica dental","potentialAction":[{"@type":"SearchAction","target":{"@type":"EntryPoint","urlTemplate":"https:\/\/clinicavallcorba.com\/ca\/?s={search_term_string}"},"query-input":{"@type":"PropertyValueSpecification","valueRequired":true,"valueName":"search_term_string"}}],"inLanguage":"ca"},{"@type":"Person","@id":"https:\/\/clinicavallcorba.com\/ca\/#\/schema\/person\/864eb678a78ccbf1c6c41bbb09940583","name":"Nuria Vallcorba","description":"Nuria Vallcorba realiz\u00f3 sus estudios de medicina y cirug\u00eda en la Universidad aut\u00f3noma de Barcelona con calificaci\u00f3n de sobresaliente. Posteriormente se especializ\u00f3 en estomatolog\u00eda, realiz\u00f3 el master en Periodoncia y el doctorado en Odontolog\u00eda en la Universidad Complutense de Madrid, con calificaci\u00f3n cum laude por unanimidad. Ejerce desde 1990 pr\u00e1ctica cl\u00ednica de periodoncia e implantes en Barcelona. Dentro de la actividad cient\u00edfica cabe destacar, adem\u00e1s del doctorado, la publicaci\u00f3n de art\u00edculos en revistas y cap\u00edtulos en libros a nivel nacional e internacional. Ha sido directora de la revista Periodoncia, de la Sociedad espa\u00f1ola de Periodoncia. Es conferenciante sobre Periodoncia y consultor de diferentes organismos cient\u00edficos. Ha realizado actividad docente de Periodoncia desde 1989, tanto de pregrado como de postgrado, en la Universidad Complutense de Madrid, Universidad de California-Los Angeles, Universidad de Barcelona, Universitat internacional de Catalunya y actualmente imparte docencia en el master de Periodoncia de la Universidad de Valencia. Ha sido Presidente de la Societat Catalana d\u2019odontologia i estomatolog\u00eda de la Acad\u00e8mia de Ci\u00e8ncies M\u00e8diques de Catalunya i Balears y Presidente de la Sociedad Espa\u00f1ola de Periodoncia y osteointegraci\u00f3n y de la Fundaci\u00f3n SEPA. Actualmente es patrono de honor de dicha fundaci\u00f3n.","sameAs":["https:\/\/clinicavallcorba.com","https:\/\/www.instagram.com\/clinicavallcorba?igsh=cWE4MjljazZnMzVy","https:\/\/www.linkedin.com\/in\/nuria-vallcorba-plana-6434a642\/"],"url":"https:\/\/clinicavallcorba.com\/ca\/author\/nuria-vallcorba\/"}]}},"_links":{"self":[{"href":"https:\/\/clinicavallcorba.com\/ca\/wp-json\/wp\/v2\/posts\/3531","targetHints":{"allow":["GET"]}}],"collection":[{"href":"https:\/\/clinicavallcorba.com\/ca\/wp-json\/wp\/v2\/posts"}],"about":[{"href":"https:\/\/clinicavallcorba.com\/ca\/wp-json\/wp\/v2\/types\/post"}],"author":[{"embeddable":true,"href":"https:\/\/clinicavallcorba.com\/ca\/wp-json\/wp\/v2\/users\/1"}],"replies":[{"embeddable":true,"href":"https:\/\/clinicavallcorba.com\/ca\/wp-json\/wp\/v2\/comments?post=3531"}],"version-history":[{"count":0,"href":"https:\/\/clinicavallcorba.com\/ca\/wp-json\/wp\/v2\/posts\/3531\/revisions"}],"wp:featuredmedia":[{"embeddable":true,"href":"https:\/\/clinicavallcorba.com\/ca\/wp-json\/wp\/v2\/media\/2839"}],"wp:attachment":[{"href":"https:\/\/clinicavallcorba.com\/ca\/wp-json\/wp\/v2\/media?parent=3531"}],"wp:term":[{"taxonomy":"category","embeddable":true,"href":"https:\/\/clinicavallcorba.com\/ca\/wp-json\/wp\/v2\/categories?post=3531"},{"taxonomy":"post_tag","embeddable":true,"href":"https:\/\/clinicavallcorba.com\/ca\/wp-json\/wp\/v2\/tags?post=3531"}],"curies":[{"name":"wp","href":"https:\/\/api.w.org\/{rel}","templated":true}]}}