{"id":3533,"date":"2018-08-02T13:26:32","date_gmt":"2018-08-02T11:26:32","guid":{"rendered":"https:\/\/clinicavallcorba.com\/cuida-tu-boca-tambien-en-verano-tips-de-viaje\/"},"modified":"2024-01-25T17:32:48","modified_gmt":"2024-01-25T16:32:48","slug":"tingues-cura-de-la-teva-boca-tambe-a-lestiu-tips-de-viatge","status":"publish","type":"post","link":"https:\/\/clinicavallcorba.com\/ca\/tingues-cura-de-la-teva-boca-tambe-a-lestiu-tips-de-viatge\/","title":{"rendered":"Tingues cura de la teva boca tamb\u00e9 a l&#8217;estiu\u2026 Tips de viatge"},"content":{"rendered":"<div class=\"fusion-fullwidth fullwidth-box fusion-builder-row-1 fusion-flex-container has-pattern-background has-mask-background nonhundred-percent-fullwidth non-hundred-percent-height-scrolling\" style=\"--link_hover_color: var(--awb-color6);--link_color: var(--awb-color7);--awb-border-radius-top-left:0px;--awb-border-radius-top-right:0px;--awb-border-radius-bottom-right:0px;--awb-border-radius-bottom-left:0px;--awb-flex-wrap:wrap;\" ><div class=\"fusion-builder-row fusion-row fusion-flex-align-items-flex-start fusion-flex-content-wrap\" style=\"max-width:1300px;margin-left: calc(-4% \/ 2 );margin-right: calc(-4% \/ 2 );\"><div class=\"fusion-layout-column fusion_builder_column fusion-builder-column-0 fusion_builder_column_1_2 1_2 fusion-flex-column\" style=\"--awb-bg-size:cover;--awb-width-large:50%;--awb-margin-top-large:0px;--awb-spacing-right-large:3.84%;--awb-margin-bottom-large:20px;--awb-spacing-left-large:3.84%;--awb-width-medium:50%;--awb-order-medium:0;--awb-spacing-right-medium:3.84%;--awb-spacing-left-medium:3.84%;--awb-width-small:100%;--awb-order-small:0;--awb-spacing-right-small:1.92%;--awb-spacing-left-small:1.92%;\"><div class=\"fusion-column-wrapper fusion-column-has-shadow fusion-flex-justify-content-flex-start fusion-content-layout-column\"><div class=\"fusion-image-element \" style=\"text-align:center;--awb-caption-title-font-family:var(--h2_typography-font-family);--awb-caption-title-font-weight:var(--h2_typography-font-weight);--awb-caption-title-font-style:var(--h2_typography-font-style);--awb-caption-title-size:var(--h2_typography-font-size);--awb-caption-title-transform:var(--h2_typography-text-transform);--awb-caption-title-line-height:var(--h2_typography-line-height);--awb-caption-title-letter-spacing:var(--h2_typography-letter-spacing);\"><span class=\" fusion-imageframe imageframe-none imageframe-1 hover-type-none\"><img decoding=\"async\" width=\"595\" height=\"463\" alt=\"Cuida tu boca tambi\u00e9n en verano\u2026 Tips de viaje\" title=\"Cuida tu boca tambi\u00e9n en verano\u2026 Tips de viaje\" src=\"https:\/\/clinicavallcorba.com\/wp-content\/uploads\/tips-dentales-de-viaje.webp\" class=\"img-responsive wp-image-2841\" srcset=\"https:\/\/clinicavallcorba.com\/wp-content\/uploads\/tips-dentales-de-viaje-200x156.webp 200w, https:\/\/clinicavallcorba.com\/wp-content\/uploads\/tips-dentales-de-viaje-400x311.webp 400w, https:\/\/clinicavallcorba.com\/wp-content\/uploads\/tips-dentales-de-viaje.webp 595w\" sizes=\"(max-width: 640px) 100vw, 595px\" \/><\/span><\/div><\/div><\/div><div class=\"fusion-layout-column fusion_builder_column fusion-builder-column-1 fusion_builder_column_1_2 1_2 fusion-flex-column\" style=\"--awb-bg-size:cover;--awb-width-large:50%;--awb-margin-top-large:0px;--awb-spacing-right-large:3.84%;--awb-margin-bottom-large:20px;--awb-spacing-left-large:3.84%;--awb-width-medium:50%;--awb-order-medium:0;--awb-spacing-right-medium:3.84%;--awb-spacing-left-medium:3.84%;--awb-width-small:100%;--awb-order-small:0;--awb-spacing-right-small:1.92%;--awb-spacing-left-small:1.92%;\"><div class=\"fusion-column-wrapper fusion-column-has-shadow fusion-flex-justify-content-flex-start fusion-content-layout-column\"><div class=\"fusion-title title fusion-title-1 fusion-sep-none fusion-title-text fusion-title-size-two\"><h2 class=\"fusion-title-heading title-heading-left fusion-responsive-typography-calculated\" style=\"margin:0;--fontSize:34;line-height:var(--awb-typography2-line-height);\">Mai hem de descuidar la nostra higiene dental<\/h2><\/div><div class=\"fusion-text fusion-text-1\" style=\"--awb-content-alignment:justify;\"><p><em>2 d\u2019agost del 2018<\/em><\/p>\n<p>L\u2019estiu \u00e9s el millor moment per gaudir de la platja, la piscina, la tranquil\u00b7litat de les vacances, visitar llocs nous, altres pa\u00efsos. \u00c9s possible que en les properes setmanes et prenguis uns dies de descans\u2026\u00a0<strong>Per\u00f2 aix\u00f2 no ha d\u2019afectar mai en la cura de la teva boca<\/strong>.<\/p>\n<p>\u00c9s molt com\u00fa que amb el canvi de rutina deixem de banda alguns dels nostres h\u00e0bits m\u00e9s comuns en quant a higiene bucodental. No obstant, a\u00a0<strong>Cl\u00ednica Vallcorba<\/strong>\u00a0et donem alguns consells perqu\u00e8 segueixis tenint cura de les teves dents i el teu somriure segueixi igual de brillant a l\u2019estiu.<\/p>\n<\/div><\/div><\/div><div class=\"fusion-layout-column fusion_builder_column fusion-builder-column-2 fusion_builder_column_1_1 1_1 fusion-flex-column\" style=\"--awb-bg-size:cover;--awb-width-large:100%;--awb-margin-top-large:0px;--awb-spacing-right-large:1.92%;--awb-margin-bottom-large:20px;--awb-spacing-left-large:1.92%;--awb-width-medium:100%;--awb-order-medium:0;--awb-spacing-right-medium:1.92%;--awb-spacing-left-medium:1.92%;--awb-width-small:100%;--awb-order-small:0;--awb-spacing-right-small:1.92%;--awb-spacing-left-small:1.92%;\"><div class=\"fusion-column-wrapper fusion-column-has-shadow fusion-flex-justify-content-flex-start fusion-content-layout-column\"><div class=\"fusion-title title fusion-title-2 fusion-sep-none fusion-title-text fusion-title-size-two\"><h2 class=\"fusion-title-heading title-heading-left fusion-responsive-typography-calculated\" style=\"margin:0;--fontSize:34;line-height:var(--awb-typography2-line-height);\">Consells per tenir cura de la teva boca a l&#8217;estiu<\/h2><\/div><div class=\"fusion-text fusion-text-2\" style=\"--awb-content-alignment:justify;\"><ol>\n<li><strong>Prepara un necesser amb tot all\u00f2 que necessites<\/strong>. \u00c9s una cosa fonamental preparar-se un kit de superviv\u00e8ncia en el qual hi hagi un raspall de dents, pasta dent\u00edfrica i seda dental, i tingues-ho a prop sempre. Aix\u00ed, mai t\u2019oblidar\u00e0s de raspallar-te les dents durant les vacances.<\/li>\n<li>En cas que no disposis d\u2019un kit d\u2019aquestes caracter\u00edstiques, potser perqu\u00e8 has dinat molt lluny del teu hotel, intenta esbandir-te la boca molt b\u00e9 amb aigua i mastega durant uns minuts un xiclet sense sucre.<\/li>\n<li><strong>Hidrata\u2019t molt b\u00e9<\/strong>. Durant l\u2019estiu \u00e9s normal que necessitem de m\u00e9s l\u00edquids per poder fer front a la calor. Per aix\u00f2, recomanem beure aigua per evitar la sequedat bucal i la deshidrataci\u00f3.<\/li>\n<li><strong>Evita el sucre tant en begudes com en aliments<\/strong>. Ja hem comentat en altres ocasiones que el sucre en exc\u00e9s \u00e9s perjudicial per les nostres dents, per la qual cosa intenta substituir els refrescos per fruites naturals del temps, com la s\u00edndria.<\/li>\n<li><strong>Ves amb compte amb el clor<\/strong>. L\u2019exc\u00e9s de clor que s\u2019utilitza en algunes ocasions per tractar les aig\u00fces de les piscines pot modificar el pH de la nostra boca i provocar que ens surtin taques a les dents. Per compensar-ho, la millor prevenci\u00f3 \u00e9s fer una esbandida amb fl\u00faor tot just despr\u00e9s d\u2019haver fet la visita a la piscina.<\/li>\n<\/ol>\n<p>Amb aquests consells estem segurs de que la teva boca continuar\u00e0 brillant fins i tot durant les vacances d\u2019estiu. Ho agrair\u00e0s tu i tamb\u00e9 les teves dents i les teves genives.<\/p>\n<p>Quan tornis de vacances, recorda concertar una cita de revisi\u00f3 amb el teu professional odont\u00f2leg. \u00c9s la millor forma de con\u00e8ixer l\u2019estat general de la salut de la teva boca.<\/p>\n<\/div><\/div><\/div><\/div><\/div>\n","protected":false},"excerpt":{"rendered":"","protected":false},"author":1,"featured_media":2841,"comment_status":"closed","ping_status":"closed","sticky":false,"template":"","format":"standard","meta":{"footnotes":""},"categories":[1],"tags":[],"class_list":["post-3533","post","type-post","status-publish","format-standard","has-post-thumbnail","hentry","category-informacio-i-recomanacions"],"yoast_head":"<!-- This site is optimized with the Yoast SEO plugin v26.7 - https:\/\/yoast.com\/wordpress\/plugins\/seo\/ -->\n<title>Tingues cura de la teva boca tamb\u00e9 a l&#039;estiu\u2026 Tips de viatge | Cl\u00ednica Vallcorba<\/title>\n<meta name=\"description\" content=\"A\u00a0Cl\u00ednica Vallcorba\u00a0et donem alguns consells perqu\u00e8 segueixis tenint cura de les teves dents i el teu somriure segueixi igual de brillant a l&#039;estiu.\" \/>\n<meta name=\"robots\" content=\"index, follow, max-snippet:-1, max-image-preview:large, max-video-preview:-1\" \/>\n<link rel=\"canonical\" href=\"https:\/\/clinicavallcorba.com\/ca\/tingues-cura-de-la-teva-boca-tambe-a-lestiu-tips-de-viatge\/\" \/>\n<meta property=\"og:locale\" content=\"ca_ES\" \/>\n<meta property=\"og:type\" content=\"article\" \/>\n<meta property=\"og:title\" content=\"Tingues cura de la teva boca tamb\u00e9 a l&#039;estiu\u2026 Tips de viatge | Cl\u00ednica Vallcorba\" \/>\n<meta property=\"og:description\" content=\"A\u00a0Cl\u00ednica Vallcorba\u00a0et donem alguns consells perqu\u00e8 segueixis tenint cura de les teves dents i el teu somriure segueixi igual de brillant a l&#039;estiu.\" \/>\n<meta property=\"og:url\" content=\"https:\/\/clinicavallcorba.com\/ca\/tingues-cura-de-la-teva-boca-tambe-a-lestiu-tips-de-viatge\/\" \/>\n<meta property=\"og:site_name\" content=\"Cl\u00ednica Vallcorba\" \/>\n<meta property=\"article:published_time\" content=\"2018-08-02T11:26:32+00:00\" \/>\n<meta property=\"article:modified_time\" content=\"2024-01-25T16:32:48+00:00\" \/>\n<meta property=\"og:image\" content=\"https:\/\/clinicavallcorba.com\/wp-content\/uploads\/tips-dentales-de-viaje.webp\" \/>\n\t<meta property=\"og:image:width\" content=\"595\" \/>\n\t<meta property=\"og:image:height\" content=\"463\" \/>\n\t<meta property=\"og:image:type\" content=\"image\/webp\" \/>\n<meta name=\"author\" content=\"Nuria Vallcorba\" \/>\n<meta name=\"twitter:card\" content=\"summary_large_image\" \/>\n<meta name=\"twitter:label1\" content=\"Escrit per\" \/>\n\t<meta name=\"twitter:data1\" content=\"Nuria Vallcorba\" \/>\n\t<meta name=\"twitter:label2\" content=\"Temps estimat de lectura\" \/>\n\t<meta name=\"twitter:data2\" content=\"3 minuts\" \/>\n<script type=\"application\/ld+json\" class=\"yoast-schema-graph\">{\"@context\":\"https:\/\/schema.org\",\"@graph\":[{\"@type\":\"Article\",\"@id\":\"https:\/\/clinicavallcorba.com\/ca\/tingues-cura-de-la-teva-boca-tambe-a-lestiu-tips-de-viatge\/#article\",\"isPartOf\":{\"@id\":\"https:\/\/clinicavallcorba.com\/ca\/tingues-cura-de-la-teva-boca-tambe-a-lestiu-tips-de-viatge\/\"},\"author\":{\"name\":\"Nuria Vallcorba\",\"@id\":\"https:\/\/clinicavallcorba.com\/ca\/#\/schema\/person\/864eb678a78ccbf1c6c41bbb09940583\"},\"headline\":\"Tingues cura de la teva boca tamb\u00e9 a l&#8217;estiu\u2026 Tips de viatge\",\"datePublished\":\"2018-08-02T11:26:32+00:00\",\"dateModified\":\"2024-01-25T16:32:48+00:00\",\"mainEntityOfPage\":{\"@id\":\"https:\/\/clinicavallcorba.com\/ca\/tingues-cura-de-la-teva-boca-tambe-a-lestiu-tips-de-viatge\/\"},\"wordCount\":2741,\"image\":{\"@id\":\"https:\/\/clinicavallcorba.com\/ca\/tingues-cura-de-la-teva-boca-tambe-a-lestiu-tips-de-viatge\/#primaryimage\"},\"thumbnailUrl\":\"https:\/\/clinicavallcorba.com\/wp-content\/uploads\/tips-dentales-de-viaje.webp\",\"articleSection\":[\"Informaci\u00f3 i recomanacions\"],\"inLanguage\":\"ca\"},{\"@type\":\"WebPage\",\"@id\":\"https:\/\/clinicavallcorba.com\/ca\/tingues-cura-de-la-teva-boca-tambe-a-lestiu-tips-de-viatge\/\",\"url\":\"https:\/\/clinicavallcorba.com\/ca\/tingues-cura-de-la-teva-boca-tambe-a-lestiu-tips-de-viatge\/\",\"name\":\"Tingues cura de la teva boca tamb\u00e9 a l'estiu\u2026 Tips de viatge | Cl\u00ednica Vallcorba\",\"isPartOf\":{\"@id\":\"https:\/\/clinicavallcorba.com\/ca\/#website\"},\"primaryImageOfPage\":{\"@id\":\"https:\/\/clinicavallcorba.com\/ca\/tingues-cura-de-la-teva-boca-tambe-a-lestiu-tips-de-viatge\/#primaryimage\"},\"image\":{\"@id\":\"https:\/\/clinicavallcorba.com\/ca\/tingues-cura-de-la-teva-boca-tambe-a-lestiu-tips-de-viatge\/#primaryimage\"},\"thumbnailUrl\":\"https:\/\/clinicavallcorba.com\/wp-content\/uploads\/tips-dentales-de-viaje.webp\",\"datePublished\":\"2018-08-02T11:26:32+00:00\",\"dateModified\":\"2024-01-25T16:32:48+00:00\",\"author\":{\"@id\":\"https:\/\/clinicavallcorba.com\/ca\/#\/schema\/person\/864eb678a78ccbf1c6c41bbb09940583\"},\"description\":\"A\u00a0Cl\u00ednica Vallcorba\u00a0et donem alguns consells perqu\u00e8 segueixis tenint cura de les teves dents i el teu somriure segueixi igual de brillant a l'estiu.\",\"breadcrumb\":{\"@id\":\"https:\/\/clinicavallcorba.com\/ca\/tingues-cura-de-la-teva-boca-tambe-a-lestiu-tips-de-viatge\/#breadcrumb\"},\"inLanguage\":\"ca\",\"potentialAction\":[{\"@type\":\"ReadAction\",\"target\":[\"https:\/\/clinicavallcorba.com\/ca\/tingues-cura-de-la-teva-boca-tambe-a-lestiu-tips-de-viatge\/\"]}]},{\"@type\":\"ImageObject\",\"inLanguage\":\"ca\",\"@id\":\"https:\/\/clinicavallcorba.com\/ca\/tingues-cura-de-la-teva-boca-tambe-a-lestiu-tips-de-viatge\/#primaryimage\",\"url\":\"https:\/\/clinicavallcorba.com\/wp-content\/uploads\/tips-dentales-de-viaje.webp\",\"contentUrl\":\"https:\/\/clinicavallcorba.com\/wp-content\/uploads\/tips-dentales-de-viaje.webp\",\"width\":595,\"height\":463},{\"@type\":\"BreadcrumbList\",\"@id\":\"https:\/\/clinicavallcorba.com\/ca\/tingues-cura-de-la-teva-boca-tambe-a-lestiu-tips-de-viatge\/#breadcrumb\",\"itemListElement\":[{\"@type\":\"ListItem\",\"position\":1,\"name\":\"Inici\",\"item\":\"https:\/\/clinicavallcorba.com\/ca\/\"},{\"@type\":\"ListItem\",\"position\":2,\"name\":\"Tingues cura de la teva boca tamb\u00e9 a l&#8217;estiu\u2026 Tips de viatge\"}]},{\"@type\":\"WebSite\",\"@id\":\"https:\/\/clinicavallcorba.com\/ca\/#website\",\"url\":\"https:\/\/clinicavallcorba.com\/ca\/\",\"name\":\"Cl\u00ednica Vallcorba\",\"description\":\"Cl\u00ednica dental\",\"potentialAction\":[{\"@type\":\"SearchAction\",\"target\":{\"@type\":\"EntryPoint\",\"urlTemplate\":\"https:\/\/clinicavallcorba.com\/ca\/?s={search_term_string}\"},\"query-input\":{\"@type\":\"PropertyValueSpecification\",\"valueRequired\":true,\"valueName\":\"search_term_string\"}}],\"inLanguage\":\"ca\"},{\"@type\":\"Person\",\"@id\":\"https:\/\/clinicavallcorba.com\/ca\/#\/schema\/person\/864eb678a78ccbf1c6c41bbb09940583\",\"name\":\"Nuria Vallcorba\",\"description\":\"Nuria Vallcorba realiz\u00f3 sus estudios de medicina y cirug\u00eda en la Universidad aut\u00f3noma de Barcelona con calificaci\u00f3n de sobresaliente. Posteriormente se especializ\u00f3 en estomatolog\u00eda, realiz\u00f3 el master en Periodoncia y el doctorado en Odontolog\u00eda en la Universidad Complutense de Madrid, con calificaci\u00f3n cum laude por unanimidad. Ejerce desde 1990 pr\u00e1ctica cl\u00ednica de periodoncia e implantes en Barcelona. Dentro de la actividad cient\u00edfica cabe destacar, adem\u00e1s del doctorado, la publicaci\u00f3n de art\u00edculos en revistas y cap\u00edtulos en libros a nivel nacional e internacional. Ha sido directora de la revista Periodoncia, de la Sociedad espa\u00f1ola de Periodoncia. Es conferenciante sobre Periodoncia y consultor de diferentes organismos cient\u00edficos. Ha realizado actividad docente de Periodoncia desde 1989, tanto de pregrado como de postgrado, en la Universidad Complutense de Madrid, Universidad de California-Los Angeles, Universidad de Barcelona, Universitat internacional de Catalunya y actualmente imparte docencia en el master de Periodoncia de la Universidad de Valencia. Ha sido Presidente de la Societat Catalana d\u2019odontologia i estomatolog\u00eda de la Acad\u00e8mia de Ci\u00e8ncies M\u00e8diques de Catalunya i Balears y Presidente de la Sociedad Espa\u00f1ola de Periodoncia y osteointegraci\u00f3n y de la Fundaci\u00f3n SEPA. Actualmente es patrono de honor de dicha fundaci\u00f3n.\",\"sameAs\":[\"https:\/\/clinicavallcorba.com\",\"https:\/\/www.instagram.com\/clinicavallcorba?igsh=cWE4MjljazZnMzVy\",\"https:\/\/www.linkedin.com\/in\/nuria-vallcorba-plana-6434a642\/\"],\"url\":\"https:\/\/clinicavallcorba.com\/ca\/author\/nuria-vallcorba\/\"}]}<\/script>\n<!-- \/ Yoast SEO plugin. -->","yoast_head_json":{"title":"Tingues cura de la teva boca tamb\u00e9 a l'estiu\u2026 Tips de viatge | Cl\u00ednica Vallcorba","description":"A\u00a0Cl\u00ednica Vallcorba\u00a0et donem alguns consells perqu\u00e8 segueixis tenint cura de les teves dents i el teu somriure segueixi igual de brillant a l'estiu.","robots":{"index":"index","follow":"follow","max-snippet":"max-snippet:-1","max-image-preview":"max-image-preview:large","max-video-preview":"max-video-preview:-1"},"canonical":"https:\/\/clinicavallcorba.com\/ca\/tingues-cura-de-la-teva-boca-tambe-a-lestiu-tips-de-viatge\/","og_locale":"ca_ES","og_type":"article","og_title":"Tingues cura de la teva boca tamb\u00e9 a l'estiu\u2026 Tips de viatge | Cl\u00ednica Vallcorba","og_description":"A\u00a0Cl\u00ednica Vallcorba\u00a0et donem alguns consells perqu\u00e8 segueixis tenint cura de les teves dents i el teu somriure segueixi igual de brillant a l'estiu.","og_url":"https:\/\/clinicavallcorba.com\/ca\/tingues-cura-de-la-teva-boca-tambe-a-lestiu-tips-de-viatge\/","og_site_name":"Cl\u00ednica Vallcorba","article_published_time":"2018-08-02T11:26:32+00:00","article_modified_time":"2024-01-25T16:32:48+00:00","og_image":[{"width":595,"height":463,"url":"https:\/\/clinicavallcorba.com\/wp-content\/uploads\/tips-dentales-de-viaje.webp","type":"image\/webp"}],"author":"Nuria Vallcorba","twitter_card":"summary_large_image","twitter_misc":{"Escrit per":"Nuria Vallcorba","Temps estimat de lectura":"3 minuts"},"schema":{"@context":"https:\/\/schema.org","@graph":[{"@type":"Article","@id":"https:\/\/clinicavallcorba.com\/ca\/tingues-cura-de-la-teva-boca-tambe-a-lestiu-tips-de-viatge\/#article","isPartOf":{"@id":"https:\/\/clinicavallcorba.com\/ca\/tingues-cura-de-la-teva-boca-tambe-a-lestiu-tips-de-viatge\/"},"author":{"name":"Nuria Vallcorba","@id":"https:\/\/clinicavallcorba.com\/ca\/#\/schema\/person\/864eb678a78ccbf1c6c41bbb09940583"},"headline":"Tingues cura de la teva boca tamb\u00e9 a l&#8217;estiu\u2026 Tips de viatge","datePublished":"2018-08-02T11:26:32+00:00","dateModified":"2024-01-25T16:32:48+00:00","mainEntityOfPage":{"@id":"https:\/\/clinicavallcorba.com\/ca\/tingues-cura-de-la-teva-boca-tambe-a-lestiu-tips-de-viatge\/"},"wordCount":2741,"image":{"@id":"https:\/\/clinicavallcorba.com\/ca\/tingues-cura-de-la-teva-boca-tambe-a-lestiu-tips-de-viatge\/#primaryimage"},"thumbnailUrl":"https:\/\/clinicavallcorba.com\/wp-content\/uploads\/tips-dentales-de-viaje.webp","articleSection":["Informaci\u00f3 i recomanacions"],"inLanguage":"ca"},{"@type":"WebPage","@id":"https:\/\/clinicavallcorba.com\/ca\/tingues-cura-de-la-teva-boca-tambe-a-lestiu-tips-de-viatge\/","url":"https:\/\/clinicavallcorba.com\/ca\/tingues-cura-de-la-teva-boca-tambe-a-lestiu-tips-de-viatge\/","name":"Tingues cura de la teva boca tamb\u00e9 a l'estiu\u2026 Tips de viatge | Cl\u00ednica Vallcorba","isPartOf":{"@id":"https:\/\/clinicavallcorba.com\/ca\/#website"},"primaryImageOfPage":{"@id":"https:\/\/clinicavallcorba.com\/ca\/tingues-cura-de-la-teva-boca-tambe-a-lestiu-tips-de-viatge\/#primaryimage"},"image":{"@id":"https:\/\/clinicavallcorba.com\/ca\/tingues-cura-de-la-teva-boca-tambe-a-lestiu-tips-de-viatge\/#primaryimage"},"thumbnailUrl":"https:\/\/clinicavallcorba.com\/wp-content\/uploads\/tips-dentales-de-viaje.webp","datePublished":"2018-08-02T11:26:32+00:00","dateModified":"2024-01-25T16:32:48+00:00","author":{"@id":"https:\/\/clinicavallcorba.com\/ca\/#\/schema\/person\/864eb678a78ccbf1c6c41bbb09940583"},"description":"A\u00a0Cl\u00ednica Vallcorba\u00a0et donem alguns consells perqu\u00e8 segueixis tenint cura de les teves dents i el teu somriure segueixi igual de brillant a l'estiu.","breadcrumb":{"@id":"https:\/\/clinicavallcorba.com\/ca\/tingues-cura-de-la-teva-boca-tambe-a-lestiu-tips-de-viatge\/#breadcrumb"},"inLanguage":"ca","potentialAction":[{"@type":"ReadAction","target":["https:\/\/clinicavallcorba.com\/ca\/tingues-cura-de-la-teva-boca-tambe-a-lestiu-tips-de-viatge\/"]}]},{"@type":"ImageObject","inLanguage":"ca","@id":"https:\/\/clinicavallcorba.com\/ca\/tingues-cura-de-la-teva-boca-tambe-a-lestiu-tips-de-viatge\/#primaryimage","url":"https:\/\/clinicavallcorba.com\/wp-content\/uploads\/tips-dentales-de-viaje.webp","contentUrl":"https:\/\/clinicavallcorba.com\/wp-content\/uploads\/tips-dentales-de-viaje.webp","width":595,"height":463},{"@type":"BreadcrumbList","@id":"https:\/\/clinicavallcorba.com\/ca\/tingues-cura-de-la-teva-boca-tambe-a-lestiu-tips-de-viatge\/#breadcrumb","itemListElement":[{"@type":"ListItem","position":1,"name":"Inici","item":"https:\/\/clinicavallcorba.com\/ca\/"},{"@type":"ListItem","position":2,"name":"Tingues cura de la teva boca tamb\u00e9 a l&#8217;estiu\u2026 Tips de viatge"}]},{"@type":"WebSite","@id":"https:\/\/clinicavallcorba.com\/ca\/#website","url":"https:\/\/clinicavallcorba.com\/ca\/","name":"Cl\u00ednica Vallcorba","description":"Cl\u00ednica dental","potentialAction":[{"@type":"SearchAction","target":{"@type":"EntryPoint","urlTemplate":"https:\/\/clinicavallcorba.com\/ca\/?s={search_term_string}"},"query-input":{"@type":"PropertyValueSpecification","valueRequired":true,"valueName":"search_term_string"}}],"inLanguage":"ca"},{"@type":"Person","@id":"https:\/\/clinicavallcorba.com\/ca\/#\/schema\/person\/864eb678a78ccbf1c6c41bbb09940583","name":"Nuria Vallcorba","description":"Nuria Vallcorba realiz\u00f3 sus estudios de medicina y cirug\u00eda en la Universidad aut\u00f3noma de Barcelona con calificaci\u00f3n de sobresaliente. Posteriormente se especializ\u00f3 en estomatolog\u00eda, realiz\u00f3 el master en Periodoncia y el doctorado en Odontolog\u00eda en la Universidad Complutense de Madrid, con calificaci\u00f3n cum laude por unanimidad. Ejerce desde 1990 pr\u00e1ctica cl\u00ednica de periodoncia e implantes en Barcelona. Dentro de la actividad cient\u00edfica cabe destacar, adem\u00e1s del doctorado, la publicaci\u00f3n de art\u00edculos en revistas y cap\u00edtulos en libros a nivel nacional e internacional. Ha sido directora de la revista Periodoncia, de la Sociedad espa\u00f1ola de Periodoncia. Es conferenciante sobre Periodoncia y consultor de diferentes organismos cient\u00edficos. Ha realizado actividad docente de Periodoncia desde 1989, tanto de pregrado como de postgrado, en la Universidad Complutense de Madrid, Universidad de California-Los Angeles, Universidad de Barcelona, Universitat internacional de Catalunya y actualmente imparte docencia en el master de Periodoncia de la Universidad de Valencia. Ha sido Presidente de la Societat Catalana d\u2019odontologia i estomatolog\u00eda de la Acad\u00e8mia de Ci\u00e8ncies M\u00e8diques de Catalunya i Balears y Presidente de la Sociedad Espa\u00f1ola de Periodoncia y osteointegraci\u00f3n y de la Fundaci\u00f3n SEPA. Actualmente es patrono de honor de dicha fundaci\u00f3n.","sameAs":["https:\/\/clinicavallcorba.com","https:\/\/www.instagram.com\/clinicavallcorba?igsh=cWE4MjljazZnMzVy","https:\/\/www.linkedin.com\/in\/nuria-vallcorba-plana-6434a642\/"],"url":"https:\/\/clinicavallcorba.com\/ca\/author\/nuria-vallcorba\/"}]}},"_links":{"self":[{"href":"https:\/\/clinicavallcorba.com\/ca\/wp-json\/wp\/v2\/posts\/3533","targetHints":{"allow":["GET"]}}],"collection":[{"href":"https:\/\/clinicavallcorba.com\/ca\/wp-json\/wp\/v2\/posts"}],"about":[{"href":"https:\/\/clinicavallcorba.com\/ca\/wp-json\/wp\/v2\/types\/post"}],"author":[{"embeddable":true,"href":"https:\/\/clinicavallcorba.com\/ca\/wp-json\/wp\/v2\/users\/1"}],"replies":[{"embeddable":true,"href":"https:\/\/clinicavallcorba.com\/ca\/wp-json\/wp\/v2\/comments?post=3533"}],"version-history":[{"count":0,"href":"https:\/\/clinicavallcorba.com\/ca\/wp-json\/wp\/v2\/posts\/3533\/revisions"}],"wp:featuredmedia":[{"embeddable":true,"href":"https:\/\/clinicavallcorba.com\/ca\/wp-json\/wp\/v2\/media\/2841"}],"wp:attachment":[{"href":"https:\/\/clinicavallcorba.com\/ca\/wp-json\/wp\/v2\/media?parent=3533"}],"wp:term":[{"taxonomy":"category","embeddable":true,"href":"https:\/\/clinicavallcorba.com\/ca\/wp-json\/wp\/v2\/categories?post=3533"},{"taxonomy":"post_tag","embeddable":true,"href":"https:\/\/clinicavallcorba.com\/ca\/wp-json\/wp\/v2\/tags?post=3533"}],"curies":[{"name":"wp","href":"https:\/\/api.w.org\/{rel}","templated":true}]}}