{"id":3566,"date":"2018-01-22T15:52:13","date_gmt":"2018-01-22T14:52:13","guid":{"rendered":"https:\/\/clinicavallcorba.com\/desmontando-mitos-sobre-las-enfermedades-de-las-encias\/"},"modified":"2024-01-25T17:53:03","modified_gmt":"2024-01-25T16:53:03","slug":"desmuntant-mites-sobre-les-malalties-de-les-genives","status":"publish","type":"post","link":"https:\/\/clinicavallcorba.com\/ca\/desmuntant-mites-sobre-les-malalties-de-les-genives\/","title":{"rendered":"Desmuntant mites sobre les malalties de les genives"},"content":{"rendered":"<div class=\"fusion-fullwidth fullwidth-box fusion-builder-row-1 fusion-flex-container has-pattern-background has-mask-background nonhundred-percent-fullwidth non-hundred-percent-height-scrolling\" style=\"--link_hover_color: var(--awb-color6);--link_color: var(--awb-color7);--awb-border-radius-top-left:0px;--awb-border-radius-top-right:0px;--awb-border-radius-bottom-right:0px;--awb-border-radius-bottom-left:0px;--awb-flex-wrap:wrap;\" ><div class=\"fusion-builder-row fusion-row fusion-flex-align-items-flex-start fusion-flex-content-wrap\" style=\"max-width:1300px;margin-left: calc(-4% \/ 2 );margin-right: calc(-4% \/ 2 );\"><div class=\"fusion-layout-column fusion_builder_column fusion-builder-column-0 fusion_builder_column_1_2 1_2 fusion-flex-column\" style=\"--awb-bg-size:cover;--awb-width-large:50%;--awb-margin-top-large:0px;--awb-spacing-right-large:3.84%;--awb-margin-bottom-large:20px;--awb-spacing-left-large:3.84%;--awb-width-medium:50%;--awb-order-medium:0;--awb-spacing-right-medium:3.84%;--awb-spacing-left-medium:3.84%;--awb-width-small:100%;--awb-order-small:0;--awb-spacing-right-small:1.92%;--awb-spacing-left-small:1.92%;\"><div class=\"fusion-column-wrapper fusion-column-has-shadow fusion-flex-justify-content-flex-start fusion-content-layout-column\"><div class=\"fusion-image-element \" style=\"text-align:center;--awb-caption-title-font-family:var(--h2_typography-font-family);--awb-caption-title-font-weight:var(--h2_typography-font-weight);--awb-caption-title-font-style:var(--h2_typography-font-style);--awb-caption-title-size:var(--h2_typography-font-size);--awb-caption-title-transform:var(--h2_typography-text-transform);--awb-caption-title-line-height:var(--h2_typography-line-height);--awb-caption-title-letter-spacing:var(--h2_typography-letter-spacing);\"><span class=\" fusion-imageframe imageframe-none imageframe-1 hover-type-none\"><img decoding=\"async\" width=\"595\" height=\"463\" alt=\"Mitos sobre las enfermedades de las enc\u00edas\" title=\"Mitos sobre las enfermedades de las enc\u00edas\" src=\"https:\/\/clinicavallcorba.com\/wp-content\/uploads\/mitos-enfermedades-periodontales.webp\" class=\"img-responsive wp-image-2853\" srcset=\"https:\/\/clinicavallcorba.com\/wp-content\/uploads\/mitos-enfermedades-periodontales-200x156.webp 200w, https:\/\/clinicavallcorba.com\/wp-content\/uploads\/mitos-enfermedades-periodontales-400x311.webp 400w, https:\/\/clinicavallcorba.com\/wp-content\/uploads\/mitos-enfermedades-periodontales.webp 595w\" sizes=\"(max-width: 640px) 100vw, 595px\" \/><\/span><\/div><\/div><\/div><div class=\"fusion-layout-column fusion_builder_column fusion-builder-column-1 fusion_builder_column_1_2 1_2 fusion-flex-column\" style=\"--awb-bg-size:cover;--awb-width-large:50%;--awb-margin-top-large:0px;--awb-spacing-right-large:3.84%;--awb-margin-bottom-large:20px;--awb-spacing-left-large:3.84%;--awb-width-medium:50%;--awb-order-medium:0;--awb-spacing-right-medium:3.84%;--awb-spacing-left-medium:3.84%;--awb-width-small:100%;--awb-order-small:0;--awb-spacing-right-small:1.92%;--awb-spacing-left-small:1.92%;\"><div class=\"fusion-column-wrapper fusion-column-has-shadow fusion-flex-justify-content-flex-start fusion-content-layout-column\"><div class=\"fusion-title title fusion-title-1 fusion-sep-none fusion-title-text fusion-title-size-two\"><h2 class=\"fusion-title-heading title-heading-left fusion-responsive-typography-calculated\" style=\"margin:0;--fontSize:34;line-height:var(--awb-typography2-line-height);\">Mites sobre les malalties de les genives<\/h2><\/div><div class=\"fusion-text fusion-text-1\" style=\"--awb-content-alignment:justify;\"><p><em>22 de gener de 2018<\/em><\/p>\n<p>Normalment es coneixen certs mites bastant estesos sobre les malalties de les genives i que no tenen massa fonament cl\u00ednic. En el seg\u00fcent article Cl\u00ednica Vallcorba desmentir\u00e0 aquests rumors explicant amb detall i amb base odontol\u00f2gica.<\/p>\n<ul>\n<li><strong>Nom\u00e9s els adults tenen malalties de genives.<\/strong>\u00a0Els nens presenten amb freq\u00fc\u00e8ncia gingivitis, o inflamaci\u00f3 de les genives produ\u00efda per l\u2019acumulaci\u00f3 de bact\u00e8ries al costat del marge de les genives. En algunes ocasions poden tenir formes de periodontitis m\u00e9s agresives, que conv\u00e8 tractar quant abans millor.<\/li>\n<\/ul>\n<\/div><\/div><\/div><div class=\"fusion-layout-column fusion_builder_column fusion-builder-column-2 fusion_builder_column_1_1 1_1 fusion-flex-column\" style=\"--awb-bg-size:cover;--awb-width-large:100%;--awb-margin-top-large:0px;--awb-spacing-right-large:1.92%;--awb-margin-bottom-large:20px;--awb-spacing-left-large:1.92%;--awb-width-medium:100%;--awb-order-medium:0;--awb-spacing-right-medium:1.92%;--awb-spacing-left-medium:1.92%;--awb-width-small:100%;--awb-order-small:0;--awb-spacing-right-small:1.92%;--awb-spacing-left-small:1.92%;\"><div class=\"fusion-column-wrapper fusion-column-has-shadow fusion-flex-justify-content-flex-start fusion-content-layout-column\"><div class=\"fusion-text fusion-text-2\" style=\"--awb-content-alignment:justify;\"><ul>\n<li><strong>\u00c9s normal que les genives de les dones embarassades sagnin.\u00a0<\/strong>Les dones que inicien l\u2019embar\u00e0s amb les seves genives sanes i mantenen la seva higi\u00e8ne correctament durant l\u2019embar\u00e0s, no tenen genives sagnants. En cas de tenir ja genives sagnants quan inicien l\u2019embar\u00e0s, es pot realitzar un tractament per evitar que augmenti.<\/li>\n<li><strong>Les neteges dentals fan malb\u00e9 l\u2019esmalt dental.\u00a0<\/strong>L\u2019eliminaci\u00f3 professional de la placa i la tosca que hi ha sobre les dents ajuda en la prevenci\u00f3 i tractament de les malalties de les genives, i es recomana realitzar-la al menys un cop cada any.<\/li>\n<li><strong>Si t\u00e9 piorrea o periodontitis oblidis de mantenir les seves dents.<\/strong>\u00a0Avui en dia existeixen tractaments efectius de les malalties de les genives que eviten la p\u00e8rdua dental. \u00c9s fonamental un diagn\u00f2stic i tractament preco\u00e7os.<\/li>\n<\/ul>\n<\/div><\/div><\/div><\/div><\/div>\n","protected":false},"excerpt":{"rendered":"","protected":false},"author":1,"featured_media":2853,"comment_status":"closed","ping_status":"closed","sticky":false,"template":"","format":"standard","meta":{"footnotes":""},"categories":[1],"tags":[],"class_list":["post-3566","post","type-post","status-publish","format-standard","has-post-thumbnail","hentry","category-informacio-i-recomanacions"],"yoast_head":"<!-- This site is optimized with the Yoast SEO plugin v26.7 - https:\/\/yoast.com\/wordpress\/plugins\/seo\/ -->\n<title>Desmuntant mites sobre les malalties de les genives | Cl\u00ednica Vallcorba<\/title>\n<meta name=\"description\" content=\"Normalment es coneixen certs mites bastant estesos sobre les malalties de les genives i que no tenen massa fonament cl\u00ednic. En el seg\u00fcent article Cl\u00ednica Vallcorba desmentir\u00e0 aquests rumors explicant amb detall i amb base odontol\u00f2gica.\" \/>\n<meta name=\"robots\" content=\"index, follow, max-snippet:-1, max-image-preview:large, max-video-preview:-1\" \/>\n<link rel=\"canonical\" href=\"https:\/\/clinicavallcorba.com\/ca\/desmuntant-mites-sobre-les-malalties-de-les-genives\/\" \/>\n<meta property=\"og:locale\" content=\"ca_ES\" \/>\n<meta property=\"og:type\" content=\"article\" \/>\n<meta property=\"og:title\" content=\"Desmuntant mites sobre les malalties de les genives | Cl\u00ednica Vallcorba\" \/>\n<meta property=\"og:description\" content=\"Normalment es coneixen certs mites bastant estesos sobre les malalties de les genives i que no tenen massa fonament cl\u00ednic. En el seg\u00fcent article Cl\u00ednica Vallcorba desmentir\u00e0 aquests rumors explicant amb detall i amb base odontol\u00f2gica.\" \/>\n<meta property=\"og:url\" content=\"https:\/\/clinicavallcorba.com\/ca\/desmuntant-mites-sobre-les-malalties-de-les-genives\/\" \/>\n<meta property=\"og:site_name\" content=\"Cl\u00ednica Vallcorba\" \/>\n<meta property=\"article:published_time\" content=\"2018-01-22T14:52:13+00:00\" \/>\n<meta property=\"article:modified_time\" content=\"2024-01-25T16:53:03+00:00\" \/>\n<meta property=\"og:image\" content=\"https:\/\/clinicavallcorba.com\/wp-content\/uploads\/mitos-enfermedades-periodontales.webp\" \/>\n\t<meta property=\"og:image:width\" content=\"595\" \/>\n\t<meta property=\"og:image:height\" content=\"463\" \/>\n\t<meta property=\"og:image:type\" content=\"image\/webp\" \/>\n<meta name=\"author\" content=\"Nuria Vallcorba\" \/>\n<meta name=\"twitter:card\" content=\"summary_large_image\" \/>\n<meta name=\"twitter:label1\" content=\"Escrit per\" \/>\n\t<meta name=\"twitter:data1\" content=\"Nuria Vallcorba\" \/>\n\t<meta name=\"twitter:label2\" content=\"Temps estimat de lectura\" \/>\n\t<meta name=\"twitter:data2\" content=\"2 minuts\" \/>\n<script type=\"application\/ld+json\" class=\"yoast-schema-graph\">{\"@context\":\"https:\/\/schema.org\",\"@graph\":[{\"@type\":\"Article\",\"@id\":\"https:\/\/clinicavallcorba.com\/ca\/desmuntant-mites-sobre-les-malalties-de-les-genives\/#article\",\"isPartOf\":{\"@id\":\"https:\/\/clinicavallcorba.com\/ca\/desmuntant-mites-sobre-les-malalties-de-les-genives\/\"},\"author\":{\"name\":\"Nuria Vallcorba\",\"@id\":\"https:\/\/clinicavallcorba.com\/ca\/#\/schema\/person\/864eb678a78ccbf1c6c41bbb09940583\"},\"headline\":\"Desmuntant mites sobre les malalties de les genives\",\"datePublished\":\"2018-01-22T14:52:13+00:00\",\"dateModified\":\"2024-01-25T16:53:03+00:00\",\"mainEntityOfPage\":{\"@id\":\"https:\/\/clinicavallcorba.com\/ca\/desmuntant-mites-sobre-les-malalties-de-les-genives\/\"},\"wordCount\":2339,\"image\":{\"@id\":\"https:\/\/clinicavallcorba.com\/ca\/desmuntant-mites-sobre-les-malalties-de-les-genives\/#primaryimage\"},\"thumbnailUrl\":\"https:\/\/clinicavallcorba.com\/wp-content\/uploads\/mitos-enfermedades-periodontales.webp\",\"articleSection\":[\"Informaci\u00f3 i recomanacions\"],\"inLanguage\":\"ca\"},{\"@type\":\"WebPage\",\"@id\":\"https:\/\/clinicavallcorba.com\/ca\/desmuntant-mites-sobre-les-malalties-de-les-genives\/\",\"url\":\"https:\/\/clinicavallcorba.com\/ca\/desmuntant-mites-sobre-les-malalties-de-les-genives\/\",\"name\":\"Desmuntant mites sobre les malalties de les genives | Cl\u00ednica Vallcorba\",\"isPartOf\":{\"@id\":\"https:\/\/clinicavallcorba.com\/ca\/#website\"},\"primaryImageOfPage\":{\"@id\":\"https:\/\/clinicavallcorba.com\/ca\/desmuntant-mites-sobre-les-malalties-de-les-genives\/#primaryimage\"},\"image\":{\"@id\":\"https:\/\/clinicavallcorba.com\/ca\/desmuntant-mites-sobre-les-malalties-de-les-genives\/#primaryimage\"},\"thumbnailUrl\":\"https:\/\/clinicavallcorba.com\/wp-content\/uploads\/mitos-enfermedades-periodontales.webp\",\"datePublished\":\"2018-01-22T14:52:13+00:00\",\"dateModified\":\"2024-01-25T16:53:03+00:00\",\"author\":{\"@id\":\"https:\/\/clinicavallcorba.com\/ca\/#\/schema\/person\/864eb678a78ccbf1c6c41bbb09940583\"},\"description\":\"Normalment es coneixen certs mites bastant estesos sobre les malalties de les genives i que no tenen massa fonament cl\u00ednic. En el seg\u00fcent article Cl\u00ednica Vallcorba desmentir\u00e0 aquests rumors explicant amb detall i amb base odontol\u00f2gica.\",\"breadcrumb\":{\"@id\":\"https:\/\/clinicavallcorba.com\/ca\/desmuntant-mites-sobre-les-malalties-de-les-genives\/#breadcrumb\"},\"inLanguage\":\"ca\",\"potentialAction\":[{\"@type\":\"ReadAction\",\"target\":[\"https:\/\/clinicavallcorba.com\/ca\/desmuntant-mites-sobre-les-malalties-de-les-genives\/\"]}]},{\"@type\":\"ImageObject\",\"inLanguage\":\"ca\",\"@id\":\"https:\/\/clinicavallcorba.com\/ca\/desmuntant-mites-sobre-les-malalties-de-les-genives\/#primaryimage\",\"url\":\"https:\/\/clinicavallcorba.com\/wp-content\/uploads\/mitos-enfermedades-periodontales.webp\",\"contentUrl\":\"https:\/\/clinicavallcorba.com\/wp-content\/uploads\/mitos-enfermedades-periodontales.webp\",\"width\":595,\"height\":463,\"caption\":\"Mitos sobre las enfermedades de las enc\u00edas\"},{\"@type\":\"BreadcrumbList\",\"@id\":\"https:\/\/clinicavallcorba.com\/ca\/desmuntant-mites-sobre-les-malalties-de-les-genives\/#breadcrumb\",\"itemListElement\":[{\"@type\":\"ListItem\",\"position\":1,\"name\":\"Inici\",\"item\":\"https:\/\/clinicavallcorba.com\/ca\/\"},{\"@type\":\"ListItem\",\"position\":2,\"name\":\"Desmuntant mites sobre les malalties de les genives\"}]},{\"@type\":\"WebSite\",\"@id\":\"https:\/\/clinicavallcorba.com\/ca\/#website\",\"url\":\"https:\/\/clinicavallcorba.com\/ca\/\",\"name\":\"Cl\u00ednica Vallcorba\",\"description\":\"Cl\u00ednica dental\",\"potentialAction\":[{\"@type\":\"SearchAction\",\"target\":{\"@type\":\"EntryPoint\",\"urlTemplate\":\"https:\/\/clinicavallcorba.com\/ca\/?s={search_term_string}\"},\"query-input\":{\"@type\":\"PropertyValueSpecification\",\"valueRequired\":true,\"valueName\":\"search_term_string\"}}],\"inLanguage\":\"ca\"},{\"@type\":\"Person\",\"@id\":\"https:\/\/clinicavallcorba.com\/ca\/#\/schema\/person\/864eb678a78ccbf1c6c41bbb09940583\",\"name\":\"Nuria Vallcorba\",\"description\":\"Nuria Vallcorba realiz\u00f3 sus estudios de medicina y cirug\u00eda en la Universidad aut\u00f3noma de Barcelona con calificaci\u00f3n de sobresaliente. Posteriormente se especializ\u00f3 en estomatolog\u00eda, realiz\u00f3 el master en Periodoncia y el doctorado en Odontolog\u00eda en la Universidad Complutense de Madrid, con calificaci\u00f3n cum laude por unanimidad. Ejerce desde 1990 pr\u00e1ctica cl\u00ednica de periodoncia e implantes en Barcelona. Dentro de la actividad cient\u00edfica cabe destacar, adem\u00e1s del doctorado, la publicaci\u00f3n de art\u00edculos en revistas y cap\u00edtulos en libros a nivel nacional e internacional. Ha sido directora de la revista Periodoncia, de la Sociedad espa\u00f1ola de Periodoncia. Es conferenciante sobre Periodoncia y consultor de diferentes organismos cient\u00edficos. Ha realizado actividad docente de Periodoncia desde 1989, tanto de pregrado como de postgrado, en la Universidad Complutense de Madrid, Universidad de California-Los Angeles, Universidad de Barcelona, Universitat internacional de Catalunya y actualmente imparte docencia en el master de Periodoncia de la Universidad de Valencia. Ha sido Presidente de la Societat Catalana d\u2019odontologia i estomatolog\u00eda de la Acad\u00e8mia de Ci\u00e8ncies M\u00e8diques de Catalunya i Balears y Presidente de la Sociedad Espa\u00f1ola de Periodoncia y osteointegraci\u00f3n y de la Fundaci\u00f3n SEPA. Actualmente es patrono de honor de dicha fundaci\u00f3n.\",\"sameAs\":[\"https:\/\/clinicavallcorba.com\",\"https:\/\/www.instagram.com\/clinicavallcorba?igsh=cWE4MjljazZnMzVy\",\"https:\/\/www.linkedin.com\/in\/nuria-vallcorba-plana-6434a642\/\"],\"url\":\"https:\/\/clinicavallcorba.com\/ca\/author\/nuria-vallcorba\/\"}]}<\/script>\n<!-- \/ Yoast SEO plugin. -->","yoast_head_json":{"title":"Desmuntant mites sobre les malalties de les genives | Cl\u00ednica Vallcorba","description":"Normalment es coneixen certs mites bastant estesos sobre les malalties de les genives i que no tenen massa fonament cl\u00ednic. En el seg\u00fcent article Cl\u00ednica Vallcorba desmentir\u00e0 aquests rumors explicant amb detall i amb base odontol\u00f2gica.","robots":{"index":"index","follow":"follow","max-snippet":"max-snippet:-1","max-image-preview":"max-image-preview:large","max-video-preview":"max-video-preview:-1"},"canonical":"https:\/\/clinicavallcorba.com\/ca\/desmuntant-mites-sobre-les-malalties-de-les-genives\/","og_locale":"ca_ES","og_type":"article","og_title":"Desmuntant mites sobre les malalties de les genives | Cl\u00ednica Vallcorba","og_description":"Normalment es coneixen certs mites bastant estesos sobre les malalties de les genives i que no tenen massa fonament cl\u00ednic. En el seg\u00fcent article Cl\u00ednica Vallcorba desmentir\u00e0 aquests rumors explicant amb detall i amb base odontol\u00f2gica.","og_url":"https:\/\/clinicavallcorba.com\/ca\/desmuntant-mites-sobre-les-malalties-de-les-genives\/","og_site_name":"Cl\u00ednica Vallcorba","article_published_time":"2018-01-22T14:52:13+00:00","article_modified_time":"2024-01-25T16:53:03+00:00","og_image":[{"width":595,"height":463,"url":"https:\/\/clinicavallcorba.com\/wp-content\/uploads\/mitos-enfermedades-periodontales.webp","type":"image\/webp"}],"author":"Nuria Vallcorba","twitter_card":"summary_large_image","twitter_misc":{"Escrit per":"Nuria Vallcorba","Temps estimat de lectura":"2 minuts"},"schema":{"@context":"https:\/\/schema.org","@graph":[{"@type":"Article","@id":"https:\/\/clinicavallcorba.com\/ca\/desmuntant-mites-sobre-les-malalties-de-les-genives\/#article","isPartOf":{"@id":"https:\/\/clinicavallcorba.com\/ca\/desmuntant-mites-sobre-les-malalties-de-les-genives\/"},"author":{"name":"Nuria Vallcorba","@id":"https:\/\/clinicavallcorba.com\/ca\/#\/schema\/person\/864eb678a78ccbf1c6c41bbb09940583"},"headline":"Desmuntant mites sobre les malalties de les genives","datePublished":"2018-01-22T14:52:13+00:00","dateModified":"2024-01-25T16:53:03+00:00","mainEntityOfPage":{"@id":"https:\/\/clinicavallcorba.com\/ca\/desmuntant-mites-sobre-les-malalties-de-les-genives\/"},"wordCount":2339,"image":{"@id":"https:\/\/clinicavallcorba.com\/ca\/desmuntant-mites-sobre-les-malalties-de-les-genives\/#primaryimage"},"thumbnailUrl":"https:\/\/clinicavallcorba.com\/wp-content\/uploads\/mitos-enfermedades-periodontales.webp","articleSection":["Informaci\u00f3 i recomanacions"],"inLanguage":"ca"},{"@type":"WebPage","@id":"https:\/\/clinicavallcorba.com\/ca\/desmuntant-mites-sobre-les-malalties-de-les-genives\/","url":"https:\/\/clinicavallcorba.com\/ca\/desmuntant-mites-sobre-les-malalties-de-les-genives\/","name":"Desmuntant mites sobre les malalties de les genives | Cl\u00ednica Vallcorba","isPartOf":{"@id":"https:\/\/clinicavallcorba.com\/ca\/#website"},"primaryImageOfPage":{"@id":"https:\/\/clinicavallcorba.com\/ca\/desmuntant-mites-sobre-les-malalties-de-les-genives\/#primaryimage"},"image":{"@id":"https:\/\/clinicavallcorba.com\/ca\/desmuntant-mites-sobre-les-malalties-de-les-genives\/#primaryimage"},"thumbnailUrl":"https:\/\/clinicavallcorba.com\/wp-content\/uploads\/mitos-enfermedades-periodontales.webp","datePublished":"2018-01-22T14:52:13+00:00","dateModified":"2024-01-25T16:53:03+00:00","author":{"@id":"https:\/\/clinicavallcorba.com\/ca\/#\/schema\/person\/864eb678a78ccbf1c6c41bbb09940583"},"description":"Normalment es coneixen certs mites bastant estesos sobre les malalties de les genives i que no tenen massa fonament cl\u00ednic. En el seg\u00fcent article Cl\u00ednica Vallcorba desmentir\u00e0 aquests rumors explicant amb detall i amb base odontol\u00f2gica.","breadcrumb":{"@id":"https:\/\/clinicavallcorba.com\/ca\/desmuntant-mites-sobre-les-malalties-de-les-genives\/#breadcrumb"},"inLanguage":"ca","potentialAction":[{"@type":"ReadAction","target":["https:\/\/clinicavallcorba.com\/ca\/desmuntant-mites-sobre-les-malalties-de-les-genives\/"]}]},{"@type":"ImageObject","inLanguage":"ca","@id":"https:\/\/clinicavallcorba.com\/ca\/desmuntant-mites-sobre-les-malalties-de-les-genives\/#primaryimage","url":"https:\/\/clinicavallcorba.com\/wp-content\/uploads\/mitos-enfermedades-periodontales.webp","contentUrl":"https:\/\/clinicavallcorba.com\/wp-content\/uploads\/mitos-enfermedades-periodontales.webp","width":595,"height":463,"caption":"Mitos sobre las enfermedades de las enc\u00edas"},{"@type":"BreadcrumbList","@id":"https:\/\/clinicavallcorba.com\/ca\/desmuntant-mites-sobre-les-malalties-de-les-genives\/#breadcrumb","itemListElement":[{"@type":"ListItem","position":1,"name":"Inici","item":"https:\/\/clinicavallcorba.com\/ca\/"},{"@type":"ListItem","position":2,"name":"Desmuntant mites sobre les malalties de les genives"}]},{"@type":"WebSite","@id":"https:\/\/clinicavallcorba.com\/ca\/#website","url":"https:\/\/clinicavallcorba.com\/ca\/","name":"Cl\u00ednica Vallcorba","description":"Cl\u00ednica dental","potentialAction":[{"@type":"SearchAction","target":{"@type":"EntryPoint","urlTemplate":"https:\/\/clinicavallcorba.com\/ca\/?s={search_term_string}"},"query-input":{"@type":"PropertyValueSpecification","valueRequired":true,"valueName":"search_term_string"}}],"inLanguage":"ca"},{"@type":"Person","@id":"https:\/\/clinicavallcorba.com\/ca\/#\/schema\/person\/864eb678a78ccbf1c6c41bbb09940583","name":"Nuria Vallcorba","description":"Nuria Vallcorba realiz\u00f3 sus estudios de medicina y cirug\u00eda en la Universidad aut\u00f3noma de Barcelona con calificaci\u00f3n de sobresaliente. Posteriormente se especializ\u00f3 en estomatolog\u00eda, realiz\u00f3 el master en Periodoncia y el doctorado en Odontolog\u00eda en la Universidad Complutense de Madrid, con calificaci\u00f3n cum laude por unanimidad. Ejerce desde 1990 pr\u00e1ctica cl\u00ednica de periodoncia e implantes en Barcelona. Dentro de la actividad cient\u00edfica cabe destacar, adem\u00e1s del doctorado, la publicaci\u00f3n de art\u00edculos en revistas y cap\u00edtulos en libros a nivel nacional e internacional. Ha sido directora de la revista Periodoncia, de la Sociedad espa\u00f1ola de Periodoncia. Es conferenciante sobre Periodoncia y consultor de diferentes organismos cient\u00edficos. Ha realizado actividad docente de Periodoncia desde 1989, tanto de pregrado como de postgrado, en la Universidad Complutense de Madrid, Universidad de California-Los Angeles, Universidad de Barcelona, Universitat internacional de Catalunya y actualmente imparte docencia en el master de Periodoncia de la Universidad de Valencia. Ha sido Presidente de la Societat Catalana d\u2019odontologia i estomatolog\u00eda de la Acad\u00e8mia de Ci\u00e8ncies M\u00e8diques de Catalunya i Balears y Presidente de la Sociedad Espa\u00f1ola de Periodoncia y osteointegraci\u00f3n y de la Fundaci\u00f3n SEPA. Actualmente es patrono de honor de dicha fundaci\u00f3n.","sameAs":["https:\/\/clinicavallcorba.com","https:\/\/www.instagram.com\/clinicavallcorba?igsh=cWE4MjljazZnMzVy","https:\/\/www.linkedin.com\/in\/nuria-vallcorba-plana-6434a642\/"],"url":"https:\/\/clinicavallcorba.com\/ca\/author\/nuria-vallcorba\/"}]}},"_links":{"self":[{"href":"https:\/\/clinicavallcorba.com\/ca\/wp-json\/wp\/v2\/posts\/3566","targetHints":{"allow":["GET"]}}],"collection":[{"href":"https:\/\/clinicavallcorba.com\/ca\/wp-json\/wp\/v2\/posts"}],"about":[{"href":"https:\/\/clinicavallcorba.com\/ca\/wp-json\/wp\/v2\/types\/post"}],"author":[{"embeddable":true,"href":"https:\/\/clinicavallcorba.com\/ca\/wp-json\/wp\/v2\/users\/1"}],"replies":[{"embeddable":true,"href":"https:\/\/clinicavallcorba.com\/ca\/wp-json\/wp\/v2\/comments?post=3566"}],"version-history":[{"count":0,"href":"https:\/\/clinicavallcorba.com\/ca\/wp-json\/wp\/v2\/posts\/3566\/revisions"}],"wp:featuredmedia":[{"embeddable":true,"href":"https:\/\/clinicavallcorba.com\/ca\/wp-json\/wp\/v2\/media\/2853"}],"wp:attachment":[{"href":"https:\/\/clinicavallcorba.com\/ca\/wp-json\/wp\/v2\/media?parent=3566"}],"wp:term":[{"taxonomy":"category","embeddable":true,"href":"https:\/\/clinicavallcorba.com\/ca\/wp-json\/wp\/v2\/categories?post=3566"},{"taxonomy":"post_tag","embeddable":true,"href":"https:\/\/clinicavallcorba.com\/ca\/wp-json\/wp\/v2\/tags?post=3566"}],"curies":[{"name":"wp","href":"https:\/\/api.w.org\/{rel}","templated":true}]}}