{"id":3567,"date":"2017-11-21T12:40:34","date_gmt":"2017-11-21T11:40:34","guid":{"rendered":"https:\/\/clinicavallcorba.com\/periimplantis-coec\/"},"modified":"2024-01-25T17:53:55","modified_gmt":"2024-01-25T16:53:55","slug":"periimplantis-coec","status":"publish","type":"post","link":"https:\/\/clinicavallcorba.com\/ca\/periimplantis-coec\/","title":{"rendered":"Sessi\u00f3 sobre periimplantitis al COEC"},"content":{"rendered":"<div class=\"fusion-fullwidth fullwidth-box fusion-builder-row-1 fusion-flex-container has-pattern-background has-mask-background nonhundred-percent-fullwidth non-hundred-percent-height-scrolling\" style=\"--link_hover_color: var(--awb-color7);--link_color: var(--awb-color8);--awb-border-radius-top-left:0px;--awb-border-radius-top-right:0px;--awb-border-radius-bottom-right:0px;--awb-border-radius-bottom-left:0px;--awb-flex-wrap:wrap;\" ><div class=\"fusion-builder-row fusion-row fusion-flex-align-items-flex-start fusion-flex-justify-content-center fusion-flex-content-wrap\" style=\"max-width:1300px;margin-left: calc(-4% \/ 2 );margin-right: calc(-4% \/ 2 );\"><div class=\"fusion-layout-column fusion_builder_column fusion-builder-column-0 fusion_builder_column_1_2 1_2 fusion-flex-column\" style=\"--awb-bg-size:cover;--awb-width-large:50%;--awb-margin-top-large:0px;--awb-spacing-right-large:3.84%;--awb-margin-bottom-large:20px;--awb-spacing-left-large:3.84%;--awb-width-medium:50%;--awb-order-medium:0;--awb-spacing-right-medium:3.84%;--awb-spacing-left-medium:3.84%;--awb-width-small:100%;--awb-order-small:0;--awb-spacing-right-small:1.92%;--awb-spacing-left-small:1.92%;\"><div class=\"fusion-column-wrapper fusion-column-has-shadow fusion-flex-justify-content-flex-start fusion-content-layout-column\"><div class=\"fusion-image-element \" style=\"--awb-liftup-border-radius:0px;--awb-caption-title-font-family:var(--h2_typography-font-family);--awb-caption-title-font-weight:var(--h2_typography-font-weight);--awb-caption-title-font-style:var(--h2_typography-font-style);--awb-caption-title-size:var(--h2_typography-font-size);--awb-caption-title-transform:var(--h2_typography-text-transform);--awb-caption-title-line-height:var(--h2_typography-line-height);--awb-caption-title-letter-spacing:var(--h2_typography-letter-spacing);\"><div class=\"awb-image-frame awb-image-frame-1 imageframe-liftup\"><span class=\" fusion-imageframe imageframe-none imageframe-1\"><img decoding=\"async\" width=\"704\" height=\"469\" title=\"Sesi\u00f3n sobre periimplantitis en el COEC\" src=\"https:\/\/clinicavallcorba.com\/wp-content\/uploads\/periimplantis-coec-d.webp\" alt class=\"img-responsive wp-image-2638\" srcset=\"https:\/\/clinicavallcorba.com\/wp-content\/uploads\/periimplantis-coec-d-200x133.webp 200w, https:\/\/clinicavallcorba.com\/wp-content\/uploads\/periimplantis-coec-d-400x266.webp 400w, https:\/\/clinicavallcorba.com\/wp-content\/uploads\/periimplantis-coec-d-600x400.webp 600w, https:\/\/clinicavallcorba.com\/wp-content\/uploads\/periimplantis-coec-d.webp 704w\" sizes=\"(max-width: 640px) 100vw, 600px\" \/><\/span><\/div><\/div><\/div><\/div><div class=\"fusion-layout-column fusion_builder_column fusion-builder-column-1 fusion_builder_column_1_2 1_2 fusion-flex-column\" style=\"--awb-bg-size:cover;--awb-width-large:50%;--awb-margin-top-large:0px;--awb-spacing-right-large:3.84%;--awb-margin-bottom-large:20px;--awb-spacing-left-large:3.84%;--awb-width-medium:50%;--awb-order-medium:0;--awb-spacing-right-medium:3.84%;--awb-spacing-left-medium:3.84%;--awb-width-small:100%;--awb-order-small:0;--awb-spacing-right-small:1.92%;--awb-spacing-left-small:1.92%;\"><div class=\"fusion-column-wrapper fusion-column-has-shadow fusion-flex-justify-content-flex-start fusion-content-layout-column\"><div class=\"fusion-title title fusion-title-1 fusion-sep-none fusion-title-text fusion-title-size-three\"><h3 class=\"fusion-title-heading title-heading-left fusion-responsive-typography-calculated\" style=\"margin:0;--fontSize:31;line-height:var(--awb-custom_typography_1-line-height);\">Tractament de la periimplantitis<\/h3><\/div><div class=\"fusion-text fusion-text-1\" style=\"--awb-content-alignment:justify;\"><p><em>21 de novembre del 2017<\/em><\/p>\n<p>La periimplantitis \u00e9s una malaltia infecciosa-inflamat\u00f2ria que afecta l\u2019os de subjecci\u00f3 de l\u2019implant i que pot comportar-ne la p\u00e8rdua. Afecta prop d\u2019un 20% dels pacients amb implants dentals.<\/p>\n<p>Mantenir una higiene bucal correcta, no fumar, haver tractat correctament les malalties de les genives i fer controls peri\u00f2dics amb el periodont\u00f2leg redueixen el risc de patir-la.<\/p>\n<p>Un cop instaurada la periimplantitis, s\u2019ha de tractar per evitar-ne la progressi\u00f3 i seguir una s\u00e8rie de protocols que la comunitat cient\u00edfica encara est\u00e0 discutint.<\/span><\/p>\n<p>Aquest cap de setmana, la Dra. Mor i la Dra. Vallcorba han actualitzat els seus protocols de tractament en una sessi\u00f3 sobre periimplantitis al COEC.<\/p>\n<\/div><\/div><\/div><\/div><\/div>\n","protected":false},"excerpt":{"rendered":"","protected":false},"author":1,"featured_media":2755,"comment_status":"closed","ping_status":"closed","sticky":false,"template":"","format":"standard","meta":{"footnotes":""},"categories":[29,27],"tags":[],"class_list":["post-3567","post","type-post","status-publish","format-standard","has-post-thumbnail","hentry","category-calendari-de-cursos-vallcorba","category-noticies-de-la-clinica"],"yoast_head":"<!-- This site is optimized with the Yoast SEO plugin v26.7 - https:\/\/yoast.com\/wordpress\/plugins\/seo\/ -->\n<title>Sessi\u00f3 sobre periimplantitis al COEC<\/title>\n<meta name=\"description\" content=\"Este fin de semana la Dra. Vallcorba y la Dra. Mor han actualizado sus protocolos de tratamiento en una sesi\u00f3n sobre periimplantitis en el COEC.\" \/>\n<meta name=\"robots\" content=\"index, follow, max-snippet:-1, max-image-preview:large, max-video-preview:-1\" \/>\n<link rel=\"canonical\" href=\"https:\/\/clinicavallcorba.com\/ca\/periimplantis-coec\/\" \/>\n<meta property=\"og:locale\" content=\"ca_ES\" \/>\n<meta property=\"og:type\" content=\"article\" \/>\n<meta property=\"og:title\" content=\"Sessi\u00f3 sobre periimplantitis al COEC\" \/>\n<meta property=\"og:description\" content=\"Este fin de semana la Dra. Vallcorba y la Dra. Mor han actualizado sus protocolos de tratamiento en una sesi\u00f3n sobre periimplantitis en el COEC.\" \/>\n<meta property=\"og:url\" content=\"https:\/\/clinicavallcorba.com\/ca\/periimplantis-coec\/\" \/>\n<meta property=\"og:site_name\" content=\"Cl\u00ednica Vallcorba\" \/>\n<meta property=\"article:published_time\" content=\"2017-11-21T11:40:34+00:00\" \/>\n<meta property=\"article:modified_time\" content=\"2024-01-25T16:53:55+00:00\" \/>\n<meta property=\"og:image\" content=\"https:\/\/clinicavallcorba.com\/wp-content\/uploads\/Sesion-sobre-periimplantitis.webp\" \/>\n\t<meta property=\"og:image:width\" content=\"595\" \/>\n\t<meta property=\"og:image:height\" content=\"463\" \/>\n\t<meta property=\"og:image:type\" content=\"image\/webp\" \/>\n<meta name=\"author\" content=\"Nuria Vallcorba\" \/>\n<meta name=\"twitter:card\" content=\"summary_large_image\" \/>\n<meta name=\"twitter:label1\" content=\"Escrit per\" \/>\n\t<meta name=\"twitter:data1\" content=\"Nuria Vallcorba\" \/>\n\t<meta name=\"twitter:label2\" content=\"Temps estimat de lectura\" \/>\n\t<meta name=\"twitter:data2\" content=\"1 minut\" \/>\n<script type=\"application\/ld+json\" class=\"yoast-schema-graph\">{\"@context\":\"https:\/\/schema.org\",\"@graph\":[{\"@type\":\"Article\",\"@id\":\"https:\/\/clinicavallcorba.com\/ca\/periimplantis-coec\/#article\",\"isPartOf\":{\"@id\":\"https:\/\/clinicavallcorba.com\/ca\/periimplantis-coec\/\"},\"author\":{\"name\":\"Nuria Vallcorba\",\"@id\":\"https:\/\/clinicavallcorba.com\/ca\/#\/schema\/person\/864eb678a78ccbf1c6c41bbb09940583\"},\"headline\":\"Sessi\u00f3 sobre periimplantitis al COEC\",\"datePublished\":\"2017-11-21T11:40:34+00:00\",\"dateModified\":\"2024-01-25T16:53:55+00:00\",\"mainEntityOfPage\":{\"@id\":\"https:\/\/clinicavallcorba.com\/ca\/periimplantis-coec\/\"},\"wordCount\":1681,\"image\":{\"@id\":\"https:\/\/clinicavallcorba.com\/ca\/periimplantis-coec\/#primaryimage\"},\"thumbnailUrl\":\"https:\/\/clinicavallcorba.com\/wp-content\/uploads\/Sesion-sobre-periimplantitis.webp\",\"articleSection\":[\"Calendari de cursos\",\"Not\u00edcies de la cl\u00ednica\"],\"inLanguage\":\"ca\"},{\"@type\":\"WebPage\",\"@id\":\"https:\/\/clinicavallcorba.com\/ca\/periimplantis-coec\/\",\"url\":\"https:\/\/clinicavallcorba.com\/ca\/periimplantis-coec\/\",\"name\":\"Sessi\u00f3 sobre periimplantitis al COEC\",\"isPartOf\":{\"@id\":\"https:\/\/clinicavallcorba.com\/ca\/#website\"},\"primaryImageOfPage\":{\"@id\":\"https:\/\/clinicavallcorba.com\/ca\/periimplantis-coec\/#primaryimage\"},\"image\":{\"@id\":\"https:\/\/clinicavallcorba.com\/ca\/periimplantis-coec\/#primaryimage\"},\"thumbnailUrl\":\"https:\/\/clinicavallcorba.com\/wp-content\/uploads\/Sesion-sobre-periimplantitis.webp\",\"datePublished\":\"2017-11-21T11:40:34+00:00\",\"dateModified\":\"2024-01-25T16:53:55+00:00\",\"author\":{\"@id\":\"https:\/\/clinicavallcorba.com\/ca\/#\/schema\/person\/864eb678a78ccbf1c6c41bbb09940583\"},\"description\":\"Este fin de semana la Dra. Vallcorba y la Dra. Mor han actualizado sus protocolos de tratamiento en una sesi\u00f3n sobre periimplantitis en el COEC.\",\"breadcrumb\":{\"@id\":\"https:\/\/clinicavallcorba.com\/ca\/periimplantis-coec\/#breadcrumb\"},\"inLanguage\":\"ca\",\"potentialAction\":[{\"@type\":\"ReadAction\",\"target\":[\"https:\/\/clinicavallcorba.com\/ca\/periimplantis-coec\/\"]}]},{\"@type\":\"ImageObject\",\"inLanguage\":\"ca\",\"@id\":\"https:\/\/clinicavallcorba.com\/ca\/periimplantis-coec\/#primaryimage\",\"url\":\"https:\/\/clinicavallcorba.com\/wp-content\/uploads\/Sesion-sobre-periimplantitis.webp\",\"contentUrl\":\"https:\/\/clinicavallcorba.com\/wp-content\/uploads\/Sesion-sobre-periimplantitis.webp\",\"width\":595,\"height\":463},{\"@type\":\"BreadcrumbList\",\"@id\":\"https:\/\/clinicavallcorba.com\/ca\/periimplantis-coec\/#breadcrumb\",\"itemListElement\":[{\"@type\":\"ListItem\",\"position\":1,\"name\":\"Inici\",\"item\":\"https:\/\/clinicavallcorba.com\/ca\/\"},{\"@type\":\"ListItem\",\"position\":2,\"name\":\"Sessi\u00f3 sobre periimplantitis al COEC\"}]},{\"@type\":\"WebSite\",\"@id\":\"https:\/\/clinicavallcorba.com\/ca\/#website\",\"url\":\"https:\/\/clinicavallcorba.com\/ca\/\",\"name\":\"Cl\u00ednica Vallcorba\",\"description\":\"Cl\u00ednica dental\",\"potentialAction\":[{\"@type\":\"SearchAction\",\"target\":{\"@type\":\"EntryPoint\",\"urlTemplate\":\"https:\/\/clinicavallcorba.com\/ca\/?s={search_term_string}\"},\"query-input\":{\"@type\":\"PropertyValueSpecification\",\"valueRequired\":true,\"valueName\":\"search_term_string\"}}],\"inLanguage\":\"ca\"},{\"@type\":\"Person\",\"@id\":\"https:\/\/clinicavallcorba.com\/ca\/#\/schema\/person\/864eb678a78ccbf1c6c41bbb09940583\",\"name\":\"Nuria Vallcorba\",\"description\":\"Nuria Vallcorba realiz\u00f3 sus estudios de medicina y cirug\u00eda en la Universidad aut\u00f3noma de Barcelona con calificaci\u00f3n de sobresaliente. Posteriormente se especializ\u00f3 en estomatolog\u00eda, realiz\u00f3 el master en Periodoncia y el doctorado en Odontolog\u00eda en la Universidad Complutense de Madrid, con calificaci\u00f3n cum laude por unanimidad. Ejerce desde 1990 pr\u00e1ctica cl\u00ednica de periodoncia e implantes en Barcelona. Dentro de la actividad cient\u00edfica cabe destacar, adem\u00e1s del doctorado, la publicaci\u00f3n de art\u00edculos en revistas y cap\u00edtulos en libros a nivel nacional e internacional. Ha sido directora de la revista Periodoncia, de la Sociedad espa\u00f1ola de Periodoncia. Es conferenciante sobre Periodoncia y consultor de diferentes organismos cient\u00edficos. Ha realizado actividad docente de Periodoncia desde 1989, tanto de pregrado como de postgrado, en la Universidad Complutense de Madrid, Universidad de California-Los Angeles, Universidad de Barcelona, Universitat internacional de Catalunya y actualmente imparte docencia en el master de Periodoncia de la Universidad de Valencia. Ha sido Presidente de la Societat Catalana d\u2019odontologia i estomatolog\u00eda de la Acad\u00e8mia de Ci\u00e8ncies M\u00e8diques de Catalunya i Balears y Presidente de la Sociedad Espa\u00f1ola de Periodoncia y osteointegraci\u00f3n y de la Fundaci\u00f3n SEPA. Actualmente es patrono de honor de dicha fundaci\u00f3n.\",\"sameAs\":[\"https:\/\/clinicavallcorba.com\",\"https:\/\/www.instagram.com\/clinicavallcorba?igsh=cWE4MjljazZnMzVy\",\"https:\/\/www.linkedin.com\/in\/nuria-vallcorba-plana-6434a642\/\"],\"url\":\"https:\/\/clinicavallcorba.com\/ca\/author\/nuria-vallcorba\/\"}]}<\/script>\n<!-- \/ Yoast SEO plugin. -->","yoast_head_json":{"title":"Sessi\u00f3 sobre periimplantitis al COEC","description":"Este fin de semana la Dra. Vallcorba y la Dra. Mor han actualizado sus protocolos de tratamiento en una sesi\u00f3n sobre periimplantitis en el COEC.","robots":{"index":"index","follow":"follow","max-snippet":"max-snippet:-1","max-image-preview":"max-image-preview:large","max-video-preview":"max-video-preview:-1"},"canonical":"https:\/\/clinicavallcorba.com\/ca\/periimplantis-coec\/","og_locale":"ca_ES","og_type":"article","og_title":"Sessi\u00f3 sobre periimplantitis al COEC","og_description":"Este fin de semana la Dra. Vallcorba y la Dra. Mor han actualizado sus protocolos de tratamiento en una sesi\u00f3n sobre periimplantitis en el COEC.","og_url":"https:\/\/clinicavallcorba.com\/ca\/periimplantis-coec\/","og_site_name":"Cl\u00ednica Vallcorba","article_published_time":"2017-11-21T11:40:34+00:00","article_modified_time":"2024-01-25T16:53:55+00:00","og_image":[{"width":595,"height":463,"url":"https:\/\/clinicavallcorba.com\/wp-content\/uploads\/Sesion-sobre-periimplantitis.webp","type":"image\/webp"}],"author":"Nuria Vallcorba","twitter_card":"summary_large_image","twitter_misc":{"Escrit per":"Nuria Vallcorba","Temps estimat de lectura":"1 minut"},"schema":{"@context":"https:\/\/schema.org","@graph":[{"@type":"Article","@id":"https:\/\/clinicavallcorba.com\/ca\/periimplantis-coec\/#article","isPartOf":{"@id":"https:\/\/clinicavallcorba.com\/ca\/periimplantis-coec\/"},"author":{"name":"Nuria Vallcorba","@id":"https:\/\/clinicavallcorba.com\/ca\/#\/schema\/person\/864eb678a78ccbf1c6c41bbb09940583"},"headline":"Sessi\u00f3 sobre periimplantitis al COEC","datePublished":"2017-11-21T11:40:34+00:00","dateModified":"2024-01-25T16:53:55+00:00","mainEntityOfPage":{"@id":"https:\/\/clinicavallcorba.com\/ca\/periimplantis-coec\/"},"wordCount":1681,"image":{"@id":"https:\/\/clinicavallcorba.com\/ca\/periimplantis-coec\/#primaryimage"},"thumbnailUrl":"https:\/\/clinicavallcorba.com\/wp-content\/uploads\/Sesion-sobre-periimplantitis.webp","articleSection":["Calendari de cursos","Not\u00edcies de la cl\u00ednica"],"inLanguage":"ca"},{"@type":"WebPage","@id":"https:\/\/clinicavallcorba.com\/ca\/periimplantis-coec\/","url":"https:\/\/clinicavallcorba.com\/ca\/periimplantis-coec\/","name":"Sessi\u00f3 sobre periimplantitis al COEC","isPartOf":{"@id":"https:\/\/clinicavallcorba.com\/ca\/#website"},"primaryImageOfPage":{"@id":"https:\/\/clinicavallcorba.com\/ca\/periimplantis-coec\/#primaryimage"},"image":{"@id":"https:\/\/clinicavallcorba.com\/ca\/periimplantis-coec\/#primaryimage"},"thumbnailUrl":"https:\/\/clinicavallcorba.com\/wp-content\/uploads\/Sesion-sobre-periimplantitis.webp","datePublished":"2017-11-21T11:40:34+00:00","dateModified":"2024-01-25T16:53:55+00:00","author":{"@id":"https:\/\/clinicavallcorba.com\/ca\/#\/schema\/person\/864eb678a78ccbf1c6c41bbb09940583"},"description":"Este fin de semana la Dra. Vallcorba y la Dra. Mor han actualizado sus protocolos de tratamiento en una sesi\u00f3n sobre periimplantitis en el COEC.","breadcrumb":{"@id":"https:\/\/clinicavallcorba.com\/ca\/periimplantis-coec\/#breadcrumb"},"inLanguage":"ca","potentialAction":[{"@type":"ReadAction","target":["https:\/\/clinicavallcorba.com\/ca\/periimplantis-coec\/"]}]},{"@type":"ImageObject","inLanguage":"ca","@id":"https:\/\/clinicavallcorba.com\/ca\/periimplantis-coec\/#primaryimage","url":"https:\/\/clinicavallcorba.com\/wp-content\/uploads\/Sesion-sobre-periimplantitis.webp","contentUrl":"https:\/\/clinicavallcorba.com\/wp-content\/uploads\/Sesion-sobre-periimplantitis.webp","width":595,"height":463},{"@type":"BreadcrumbList","@id":"https:\/\/clinicavallcorba.com\/ca\/periimplantis-coec\/#breadcrumb","itemListElement":[{"@type":"ListItem","position":1,"name":"Inici","item":"https:\/\/clinicavallcorba.com\/ca\/"},{"@type":"ListItem","position":2,"name":"Sessi\u00f3 sobre periimplantitis al COEC"}]},{"@type":"WebSite","@id":"https:\/\/clinicavallcorba.com\/ca\/#website","url":"https:\/\/clinicavallcorba.com\/ca\/","name":"Cl\u00ednica Vallcorba","description":"Cl\u00ednica dental","potentialAction":[{"@type":"SearchAction","target":{"@type":"EntryPoint","urlTemplate":"https:\/\/clinicavallcorba.com\/ca\/?s={search_term_string}"},"query-input":{"@type":"PropertyValueSpecification","valueRequired":true,"valueName":"search_term_string"}}],"inLanguage":"ca"},{"@type":"Person","@id":"https:\/\/clinicavallcorba.com\/ca\/#\/schema\/person\/864eb678a78ccbf1c6c41bbb09940583","name":"Nuria Vallcorba","description":"Nuria Vallcorba realiz\u00f3 sus estudios de medicina y cirug\u00eda en la Universidad aut\u00f3noma de Barcelona con calificaci\u00f3n de sobresaliente. Posteriormente se especializ\u00f3 en estomatolog\u00eda, realiz\u00f3 el master en Periodoncia y el doctorado en Odontolog\u00eda en la Universidad Complutense de Madrid, con calificaci\u00f3n cum laude por unanimidad. Ejerce desde 1990 pr\u00e1ctica cl\u00ednica de periodoncia e implantes en Barcelona. Dentro de la actividad cient\u00edfica cabe destacar, adem\u00e1s del doctorado, la publicaci\u00f3n de art\u00edculos en revistas y cap\u00edtulos en libros a nivel nacional e internacional. Ha sido directora de la revista Periodoncia, de la Sociedad espa\u00f1ola de Periodoncia. Es conferenciante sobre Periodoncia y consultor de diferentes organismos cient\u00edficos. Ha realizado actividad docente de Periodoncia desde 1989, tanto de pregrado como de postgrado, en la Universidad Complutense de Madrid, Universidad de California-Los Angeles, Universidad de Barcelona, Universitat internacional de Catalunya y actualmente imparte docencia en el master de Periodoncia de la Universidad de Valencia. Ha sido Presidente de la Societat Catalana d\u2019odontologia i estomatolog\u00eda de la Acad\u00e8mia de Ci\u00e8ncies M\u00e8diques de Catalunya i Balears y Presidente de la Sociedad Espa\u00f1ola de Periodoncia y osteointegraci\u00f3n y de la Fundaci\u00f3n SEPA. Actualmente es patrono de honor de dicha fundaci\u00f3n.","sameAs":["https:\/\/clinicavallcorba.com","https:\/\/www.instagram.com\/clinicavallcorba?igsh=cWE4MjljazZnMzVy","https:\/\/www.linkedin.com\/in\/nuria-vallcorba-plana-6434a642\/"],"url":"https:\/\/clinicavallcorba.com\/ca\/author\/nuria-vallcorba\/"}]}},"_links":{"self":[{"href":"https:\/\/clinicavallcorba.com\/ca\/wp-json\/wp\/v2\/posts\/3567","targetHints":{"allow":["GET"]}}],"collection":[{"href":"https:\/\/clinicavallcorba.com\/ca\/wp-json\/wp\/v2\/posts"}],"about":[{"href":"https:\/\/clinicavallcorba.com\/ca\/wp-json\/wp\/v2\/types\/post"}],"author":[{"embeddable":true,"href":"https:\/\/clinicavallcorba.com\/ca\/wp-json\/wp\/v2\/users\/1"}],"replies":[{"embeddable":true,"href":"https:\/\/clinicavallcorba.com\/ca\/wp-json\/wp\/v2\/comments?post=3567"}],"version-history":[{"count":0,"href":"https:\/\/clinicavallcorba.com\/ca\/wp-json\/wp\/v2\/posts\/3567\/revisions"}],"wp:featuredmedia":[{"embeddable":true,"href":"https:\/\/clinicavallcorba.com\/ca\/wp-json\/wp\/v2\/media\/2755"}],"wp:attachment":[{"href":"https:\/\/clinicavallcorba.com\/ca\/wp-json\/wp\/v2\/media?parent=3567"}],"wp:term":[{"taxonomy":"category","embeddable":true,"href":"https:\/\/clinicavallcorba.com\/ca\/wp-json\/wp\/v2\/categories?post=3567"},{"taxonomy":"post_tag","embeddable":true,"href":"https:\/\/clinicavallcorba.com\/ca\/wp-json\/wp\/v2\/tags?post=3567"}],"curies":[{"name":"wp","href":"https:\/\/api.w.org\/{rel}","templated":true}]}}