{"id":5967,"date":"2024-11-08T12:45:20","date_gmt":"2024-11-08T11:45:20","guid":{"rendered":"https:\/\/clinicavallcorba.com\/entrevista-en-el-pais-sobre-el-impacto-de-las-bacterias-bucales-en-los-implantes-dentales\/"},"modified":"2024-11-11T13:02:10","modified_gmt":"2024-11-11T12:02:10","slug":"entrevista-en-el-pais-sobre-limpacte-dels-bacteris-bucals-en-els-implants-dentals","status":"publish","type":"post","link":"https:\/\/clinicavallcorba.com\/ca\/entrevista-en-el-pais-sobre-limpacte-dels-bacteris-bucals-en-els-implants-dentals\/","title":{"rendered":"Entrevista en El Pa\u00eds sobre l&#8217;impacte dels bacteris bucals en els implants dentals"},"content":{"rendered":"<p><div class=\"fusion-fullwidth fullwidth-box fusion-builder-row-1 fusion-flex-container has-pattern-background has-mask-background nonhundred-percent-fullwidth non-hundred-percent-height-scrolling\" style=\"--link_hover_color: var(--awb-color6);--link_color: var(--awb-color7);--awb-border-radius-top-left:0px;--awb-border-radius-top-right:0px;--awb-border-radius-bottom-right:0px;--awb-border-radius-bottom-left:0px;--awb-flex-wrap:wrap;\" ><div class=\"fusion-builder-row fusion-row fusion-flex-align-items-flex-start fusion-flex-content-wrap\" style=\"max-width:1300px;margin-left: calc(-4% \/ 2 );margin-right: calc(-4% \/ 2 );\"><div class=\"fusion-layout-column fusion_builder_column fusion-builder-column-0 fusion_builder_column_1_1 1_1 fusion-flex-column\" style=\"--awb-bg-size:cover;--awb-width-large:100%;--awb-margin-top-large:0px;--awb-spacing-right-large:1.92%;--awb-margin-bottom-large:0px;--awb-spacing-left-large:1.92%;--awb-width-medium:100%;--awb-order-medium:0;--awb-spacing-right-medium:1.92%;--awb-spacing-left-medium:1.92%;--awb-width-small:100%;--awb-order-small:0;--awb-spacing-right-small:1.92%;--awb-spacing-left-small:1.92%;\" data-scroll-devices=\"small-visibility,medium-visibility,large-visibility\"><div class=\"fusion-column-wrapper fusion-column-has-shadow fusion-flex-justify-content-flex-end fusion-content-layout-column\"><div class=\"fusion-text fusion-text-1\" style=\"--awb-content-alignment:justify;\"><p>La creixent conscienciaci\u00f3 per la salut bucal i el seu impacte en la salut general ha quedat reflectida en un recent reportatge d&#8217;El <b> Pa\u00eds<\/b>, on la <b>Dra. Vallcorba<\/b> ha estat un dels experts entrevistats sobre els riscos que els bacteris de la boca suposen per als implants dentals.<\/p>\n<\/div><\/div><\/div><div class=\"fusion-layout-column fusion_builder_column fusion-builder-column-1 fusion_builder_column_1_2 1_2 fusion-flex-column\" style=\"--awb-bg-size:cover;--awb-width-large:50%;--awb-margin-top-large:0px;--awb-spacing-right-large:3.84%;--awb-margin-bottom-large:0px;--awb-spacing-left-large:3.84%;--awb-width-medium:50%;--awb-order-medium:0;--awb-spacing-right-medium:3.84%;--awb-spacing-left-medium:3.84%;--awb-width-small:100%;--awb-order-small:0;--awb-spacing-right-small:1.92%;--awb-spacing-left-small:1.92%;\" data-scroll-devices=\"small-visibility,medium-visibility,large-visibility\"><div class=\"fusion-column-wrapper fusion-column-has-shadow fusion-flex-justify-content-flex-end fusion-content-layout-column\"><div class=\"fusion-text fusion-text-2\" style=\"--awb-content-alignment:justify;\"><p>Aquest \u00e9s un tema de gran rellev\u00e0ncia, ja que <b>afecta m\u00e9s de tres milions d&#8217;espanyols<\/b>, com s&#8217;exposa en l&#8217;article.<\/p>\n<p>Durant l&#8217;entrevista, la doctora va tenir l&#8217;oportunitat d&#8217;explicar els <b>mecanismes darrere de la <\/b><a href=\"\/ca\/els-implants-dentals-i-la-periimplantitis\/\"><b>periimplantitis<\/b><\/a>, una afecci\u00f3 que pot comprometre greument l&#8217;estabilitat dels implants i que afecta el 24% de les persones analitzades en el major estudi epidemiol\u00f2gic realitzat fins a la data a Espanya, un estudi que va ser promogut per la <b>Dra. Vallcorba<\/b>, publicat en el <i>Journal of Clinical Periodontology <\/i>en 2018. La Dra. Vallcorba ha participat en l&#8217;adaptaci\u00f3 de les guies cl\u00edniques de periimplantitis.<\/p>\n<\/div><\/div><\/div><div class=\"fusion-layout-column fusion_builder_column fusion-builder-column-2 fusion_builder_column_1_2 1_2 fusion-flex-column\" style=\"--awb-bg-size:cover;--awb-width-large:50%;--awb-margin-top-large:0px;--awb-spacing-right-large:3.84%;--awb-margin-bottom-large:20px;--awb-spacing-left-large:3.84%;--awb-width-medium:50%;--awb-order-medium:0;--awb-spacing-right-medium:3.84%;--awb-spacing-left-medium:3.84%;--awb-width-small:100%;--awb-order-small:0;--awb-spacing-right-small:1.92%;--awb-spacing-left-small:1.92%;\"><div class=\"fusion-column-wrapper fusion-column-has-shadow fusion-flex-justify-content-flex-start fusion-content-layout-column\"><div class=\"fusion-image-element \" style=\"text-align:center;--awb-caption-title-font-family:var(--h2_typography-font-family);--awb-caption-title-font-weight:var(--h2_typography-font-weight);--awb-caption-title-font-style:var(--h2_typography-font-style);--awb-caption-title-size:var(--h2_typography-font-size);--awb-caption-title-transform:var(--h2_typography-text-transform);--awb-caption-title-line-height:var(--h2_typography-line-height);--awb-caption-title-letter-spacing:var(--h2_typography-letter-spacing);\"><span class=\" fusion-imageframe imageframe-none imageframe-1 hover-type-none\"><img decoding=\"async\" width=\"595\" height=\"463\" alt=\"sangrado de enc\u00edas tras el cepillado\" title=\"entrevista-el-pais-vallcorba-implantes\" src=\"https:\/\/clinicavallcorba.com\/wp-content\/uploads\/entrevista-el-pais-vallcorba-implantes.webp\" class=\"img-responsive wp-image-5959\" srcset=\"https:\/\/clinicavallcorba.com\/wp-content\/uploads\/entrevista-el-pais-vallcorba-implantes-200x156.webp 200w, https:\/\/clinicavallcorba.com\/wp-content\/uploads\/entrevista-el-pais-vallcorba-implantes-400x311.webp 400w, https:\/\/clinicavallcorba.com\/wp-content\/uploads\/entrevista-el-pais-vallcorba-implantes.webp 595w\" sizes=\"(max-width: 640px) 100vw, 595px\" \/><\/span><\/div><\/div><\/div><\/div><\/div><div class=\"fusion-fullwidth fullwidth-box fusion-builder-row-2 fusion-flex-container has-pattern-background has-mask-background nonhundred-percent-fullwidth non-hundred-percent-height-scrolling\" style=\"--awb-border-radius-top-left:0px;--awb-border-radius-top-right:0px;--awb-border-radius-bottom-right:0px;--awb-border-radius-bottom-left:0px;--awb-flex-wrap:wrap;\" ><div class=\"fusion-builder-row fusion-row fusion-flex-align-items-flex-start fusion-flex-content-wrap\" style=\"max-width:1300px;margin-left: calc(-4% \/ 2 );margin-right: calc(-4% \/ 2 );\"><div class=\"fusion-layout-column fusion_builder_column fusion-builder-column-3 fusion_builder_column_1_1 1_1 fusion-flex-column\" style=\"--awb-bg-size:cover;--awb-width-large:100%;--awb-margin-top-large:0px;--awb-spacing-right-large:1.92%;--awb-margin-bottom-large:20px;--awb-spacing-left-large:1.92%;--awb-width-medium:100%;--awb-order-medium:0;--awb-spacing-right-medium:1.92%;--awb-spacing-left-medium:1.92%;--awb-width-small:100%;--awb-order-small:0;--awb-spacing-right-small:1.92%;--awb-spacing-left-small:1.92%;\"><div class=\"fusion-column-wrapper fusion-column-has-shadow fusion-flex-justify-content-flex-start fusion-content-layout-column\"><div class=\"fusion-text fusion-text-3\" style=\"--awb-content-alignment:justify;\"><p>Tamb\u00e9 posa l'accent en la prevenci\u00f3 i una bona cura oral, factors claus per a evitar complicacions. Finalment, aprofundeix en la import\u00e0ncia de realitzar revisions peri\u00f2diques per a garantir la salut dental a llarg termini.<\/p>\n<blockquote>\n<p>\u201cMolts pensen encara que \u2018fer-se la boca\u2019 \u00e9s una \u2018soluci\u00f3 per sempre\u2019 que mai donar\u00e0 problemes. I no \u00e9s aix\u00ed. \u00c9s la millor opci\u00f3 quan la p\u00e8rdua de les peces naturals \u00e9s un fet, per\u00f2 sempre que es pugui cal intentar salvar-les. I una vegada instal\u00b7lat l'implant, cal cuidar la higiene, visitar al dentista dues o tres vegades a l'any\u2026\u201d, explica Vallcorba. <strong>(Dra. Vallcorba)<\/strong><\/p>\n<\/blockquote>\n<p>Convidem a llegir l'article complet per a ampliar aquest important tema i con\u00e8ixer m\u00e9s sobre les solucions que podem oferir per a garantir l'\u00e8xit a llarg termini dels implants dentals: <strong><a href=\"https:\/\/elpais.com\/sociedad\/2024-11-04\/las-bacterias-de-la-boca-ponen-en-riesgo-los-implantes-dentales-de-mas-de-tres-millones-de-espanoles.html\">Els bacteris de la boca posen en risc els implants dentals de m\u00e9s de tres milions d'espanyols<\/a><\/strong>.<\/p>\n<\/div><\/div><\/div><\/div><\/div><\/p>\n","protected":false},"excerpt":{"rendered":"","protected":false},"author":1,"featured_media":5959,"comment_status":"closed","ping_status":"closed","sticky":false,"template":"","format":"standard","meta":{"footnotes":""},"categories":[27],"tags":[],"class_list":["post-5967","post","type-post","status-publish","format-standard","has-post-thumbnail","hentry","category-noticies-de-la-clinica"],"yoast_head":"<!-- This site is optimized with the Yoast SEO plugin v26.7 - https:\/\/yoast.com\/wordpress\/plugins\/seo\/ -->\n<title>Entrevista en El Pa\u00eds sobre l&#039;impacte dels bacteris bucals en els implants dentals<\/title>\n<meta name=\"description\" content=\"Entrevista en El Pa\u00eds sobre l&#039;impacte dels bacteris bucals en els implants dentals\" \/>\n<meta name=\"robots\" content=\"index, follow, max-snippet:-1, max-image-preview:large, max-video-preview:-1\" \/>\n<link rel=\"canonical\" href=\"https:\/\/clinicavallcorba.com\/ca\/entrevista-en-el-pais-sobre-limpacte-dels-bacteris-bucals-en-els-implants-dentals\/\" \/>\n<meta property=\"og:locale\" content=\"ca_ES\" \/>\n<meta property=\"og:type\" content=\"article\" \/>\n<meta property=\"og:title\" content=\"Entrevista en El Pa\u00eds sobre l&#039;impacte dels bacteris bucals en els implants dentals\" \/>\n<meta property=\"og:description\" content=\"Entrevista en El Pa\u00eds sobre l&#039;impacte dels bacteris bucals en els implants dentals\" \/>\n<meta property=\"og:url\" content=\"https:\/\/clinicavallcorba.com\/ca\/entrevista-en-el-pais-sobre-limpacte-dels-bacteris-bucals-en-els-implants-dentals\/\" \/>\n<meta property=\"og:site_name\" content=\"Cl\u00ednica Vallcorba\" \/>\n<meta property=\"article:published_time\" content=\"2024-11-08T11:45:20+00:00\" \/>\n<meta property=\"article:modified_time\" content=\"2024-11-11T12:02:10+00:00\" \/>\n<meta property=\"og:image\" content=\"https:\/\/clinicavallcorba.com\/wp-content\/uploads\/entrevista-el-pais-vallcorba-implantes.webp\" \/>\n\t<meta property=\"og:image:width\" content=\"595\" \/>\n\t<meta property=\"og:image:height\" content=\"463\" \/>\n\t<meta property=\"og:image:type\" content=\"image\/webp\" \/>\n<meta name=\"author\" content=\"Nuria Vallcorba\" \/>\n<meta name=\"twitter:card\" content=\"summary_large_image\" \/>\n<meta name=\"twitter:label1\" content=\"Escrit per\" \/>\n\t<meta name=\"twitter:data1\" content=\"Nuria Vallcorba\" \/>\n\t<meta name=\"twitter:label2\" content=\"Temps estimat de lectura\" \/>\n\t<meta name=\"twitter:data2\" content=\"2 minuts\" \/>\n<script type=\"application\/ld+json\" class=\"yoast-schema-graph\">{\"@context\":\"https:\/\/schema.org\",\"@graph\":[{\"@type\":\"Article\",\"@id\":\"https:\/\/clinicavallcorba.com\/ca\/entrevista-en-el-pais-sobre-limpacte-dels-bacteris-bucals-en-els-implants-dentals\/#article\",\"isPartOf\":{\"@id\":\"https:\/\/clinicavallcorba.com\/ca\/entrevista-en-el-pais-sobre-limpacte-dels-bacteris-bucals-en-els-implants-dentals\/\"},\"author\":{\"name\":\"Nuria Vallcorba\",\"@id\":\"https:\/\/clinicavallcorba.com\/ca\/#\/schema\/person\/864eb678a78ccbf1c6c41bbb09940583\"},\"headline\":\"Entrevista en El Pa\u00eds sobre l&#8217;impacte dels bacteris bucals en els implants dentals\",\"datePublished\":\"2024-11-08T11:45:20+00:00\",\"dateModified\":\"2024-11-11T12:02:10+00:00\",\"mainEntityOfPage\":{\"@id\":\"https:\/\/clinicavallcorba.com\/ca\/entrevista-en-el-pais-sobre-limpacte-dels-bacteris-bucals-en-els-implants-dentals\/\"},\"wordCount\":3770,\"image\":{\"@id\":\"https:\/\/clinicavallcorba.com\/ca\/entrevista-en-el-pais-sobre-limpacte-dels-bacteris-bucals-en-els-implants-dentals\/#primaryimage\"},\"thumbnailUrl\":\"https:\/\/clinicavallcorba.com\/wp-content\/uploads\/entrevista-el-pais-vallcorba-implantes.webp\",\"articleSection\":[\"Not\u00edcies de la cl\u00ednica\"],\"inLanguage\":\"ca\"},{\"@type\":\"WebPage\",\"@id\":\"https:\/\/clinicavallcorba.com\/ca\/entrevista-en-el-pais-sobre-limpacte-dels-bacteris-bucals-en-els-implants-dentals\/\",\"url\":\"https:\/\/clinicavallcorba.com\/ca\/entrevista-en-el-pais-sobre-limpacte-dels-bacteris-bucals-en-els-implants-dentals\/\",\"name\":\"Entrevista en El Pa\u00eds sobre l'impacte dels bacteris bucals en els implants dentals\",\"isPartOf\":{\"@id\":\"https:\/\/clinicavallcorba.com\/ca\/#website\"},\"primaryImageOfPage\":{\"@id\":\"https:\/\/clinicavallcorba.com\/ca\/entrevista-en-el-pais-sobre-limpacte-dels-bacteris-bucals-en-els-implants-dentals\/#primaryimage\"},\"image\":{\"@id\":\"https:\/\/clinicavallcorba.com\/ca\/entrevista-en-el-pais-sobre-limpacte-dels-bacteris-bucals-en-els-implants-dentals\/#primaryimage\"},\"thumbnailUrl\":\"https:\/\/clinicavallcorba.com\/wp-content\/uploads\/entrevista-el-pais-vallcorba-implantes.webp\",\"datePublished\":\"2024-11-08T11:45:20+00:00\",\"dateModified\":\"2024-11-11T12:02:10+00:00\",\"author\":{\"@id\":\"https:\/\/clinicavallcorba.com\/ca\/#\/schema\/person\/864eb678a78ccbf1c6c41bbb09940583\"},\"description\":\"Entrevista en El Pa\u00eds sobre l'impacte dels bacteris bucals en els implants dentals\",\"breadcrumb\":{\"@id\":\"https:\/\/clinicavallcorba.com\/ca\/entrevista-en-el-pais-sobre-limpacte-dels-bacteris-bucals-en-els-implants-dentals\/#breadcrumb\"},\"inLanguage\":\"ca\",\"potentialAction\":[{\"@type\":\"ReadAction\",\"target\":[\"https:\/\/clinicavallcorba.com\/ca\/entrevista-en-el-pais-sobre-limpacte-dels-bacteris-bucals-en-els-implants-dentals\/\"]}]},{\"@type\":\"ImageObject\",\"inLanguage\":\"ca\",\"@id\":\"https:\/\/clinicavallcorba.com\/ca\/entrevista-en-el-pais-sobre-limpacte-dels-bacteris-bucals-en-els-implants-dentals\/#primaryimage\",\"url\":\"https:\/\/clinicavallcorba.com\/wp-content\/uploads\/entrevista-el-pais-vallcorba-implantes.webp\",\"contentUrl\":\"https:\/\/clinicavallcorba.com\/wp-content\/uploads\/entrevista-el-pais-vallcorba-implantes.webp\",\"width\":595,\"height\":463,\"caption\":\"Entrevista en El Pa\u00eds sobre el impacto de las bacterias bucales en los implantes dentales\"},{\"@type\":\"BreadcrumbList\",\"@id\":\"https:\/\/clinicavallcorba.com\/ca\/entrevista-en-el-pais-sobre-limpacte-dels-bacteris-bucals-en-els-implants-dentals\/#breadcrumb\",\"itemListElement\":[{\"@type\":\"ListItem\",\"position\":1,\"name\":\"Inici\",\"item\":\"https:\/\/clinicavallcorba.com\/ca\/\"},{\"@type\":\"ListItem\",\"position\":2,\"name\":\"Entrevista en El Pa\u00eds sobre l&#8217;impacte dels bacteris bucals en els implants dentals\"}]},{\"@type\":\"WebSite\",\"@id\":\"https:\/\/clinicavallcorba.com\/ca\/#website\",\"url\":\"https:\/\/clinicavallcorba.com\/ca\/\",\"name\":\"Cl\u00ednica Vallcorba\",\"description\":\"Cl\u00ednica dental\",\"potentialAction\":[{\"@type\":\"SearchAction\",\"target\":{\"@type\":\"EntryPoint\",\"urlTemplate\":\"https:\/\/clinicavallcorba.com\/ca\/?s={search_term_string}\"},\"query-input\":{\"@type\":\"PropertyValueSpecification\",\"valueRequired\":true,\"valueName\":\"search_term_string\"}}],\"inLanguage\":\"ca\"},{\"@type\":\"Person\",\"@id\":\"https:\/\/clinicavallcorba.com\/ca\/#\/schema\/person\/864eb678a78ccbf1c6c41bbb09940583\",\"name\":\"Nuria Vallcorba\",\"description\":\"Nuria Vallcorba realiz\u00f3 sus estudios de medicina y cirug\u00eda en la Universidad aut\u00f3noma de Barcelona con calificaci\u00f3n de sobresaliente. Posteriormente se especializ\u00f3 en estomatolog\u00eda, realiz\u00f3 el master en Periodoncia y el doctorado en Odontolog\u00eda en la Universidad Complutense de Madrid, con calificaci\u00f3n cum laude por unanimidad. Ejerce desde 1990 pr\u00e1ctica cl\u00ednica de periodoncia e implantes en Barcelona. Dentro de la actividad cient\u00edfica cabe destacar, adem\u00e1s del doctorado, la publicaci\u00f3n de art\u00edculos en revistas y cap\u00edtulos en libros a nivel nacional e internacional. Ha sido directora de la revista Periodoncia, de la Sociedad espa\u00f1ola de Periodoncia. Es conferenciante sobre Periodoncia y consultor de diferentes organismos cient\u00edficos. Ha realizado actividad docente de Periodoncia desde 1989, tanto de pregrado como de postgrado, en la Universidad Complutense de Madrid, Universidad de California-Los Angeles, Universidad de Barcelona, Universitat internacional de Catalunya y actualmente imparte docencia en el master de Periodoncia de la Universidad de Valencia. Ha sido Presidente de la Societat Catalana d\u2019odontologia i estomatolog\u00eda de la Acad\u00e8mia de Ci\u00e8ncies M\u00e8diques de Catalunya i Balears y Presidente de la Sociedad Espa\u00f1ola de Periodoncia y osteointegraci\u00f3n y de la Fundaci\u00f3n SEPA. Actualmente es patrono de honor de dicha fundaci\u00f3n.\",\"sameAs\":[\"https:\/\/clinicavallcorba.com\",\"https:\/\/www.instagram.com\/clinicavallcorba?igsh=cWE4MjljazZnMzVy\",\"https:\/\/www.linkedin.com\/in\/nuria-vallcorba-plana-6434a642\/\"],\"url\":\"https:\/\/clinicavallcorba.com\/ca\/author\/nuria-vallcorba\/\"}]}<\/script>\n<!-- \/ Yoast SEO plugin. -->","yoast_head_json":{"title":"Entrevista en El Pa\u00eds sobre l'impacte dels bacteris bucals en els implants dentals","description":"Entrevista en El Pa\u00eds sobre l'impacte dels bacteris bucals en els implants dentals","robots":{"index":"index","follow":"follow","max-snippet":"max-snippet:-1","max-image-preview":"max-image-preview:large","max-video-preview":"max-video-preview:-1"},"canonical":"https:\/\/clinicavallcorba.com\/ca\/entrevista-en-el-pais-sobre-limpacte-dels-bacteris-bucals-en-els-implants-dentals\/","og_locale":"ca_ES","og_type":"article","og_title":"Entrevista en El Pa\u00eds sobre l'impacte dels bacteris bucals en els implants dentals","og_description":"Entrevista en El Pa\u00eds sobre l'impacte dels bacteris bucals en els implants dentals","og_url":"https:\/\/clinicavallcorba.com\/ca\/entrevista-en-el-pais-sobre-limpacte-dels-bacteris-bucals-en-els-implants-dentals\/","og_site_name":"Cl\u00ednica Vallcorba","article_published_time":"2024-11-08T11:45:20+00:00","article_modified_time":"2024-11-11T12:02:10+00:00","og_image":[{"width":595,"height":463,"url":"https:\/\/clinicavallcorba.com\/wp-content\/uploads\/entrevista-el-pais-vallcorba-implantes.webp","type":"image\/webp"}],"author":"Nuria Vallcorba","twitter_card":"summary_large_image","twitter_misc":{"Escrit per":"Nuria Vallcorba","Temps estimat de lectura":"2 minuts"},"schema":{"@context":"https:\/\/schema.org","@graph":[{"@type":"Article","@id":"https:\/\/clinicavallcorba.com\/ca\/entrevista-en-el-pais-sobre-limpacte-dels-bacteris-bucals-en-els-implants-dentals\/#article","isPartOf":{"@id":"https:\/\/clinicavallcorba.com\/ca\/entrevista-en-el-pais-sobre-limpacte-dels-bacteris-bucals-en-els-implants-dentals\/"},"author":{"name":"Nuria Vallcorba","@id":"https:\/\/clinicavallcorba.com\/ca\/#\/schema\/person\/864eb678a78ccbf1c6c41bbb09940583"},"headline":"Entrevista en El Pa\u00eds sobre l&#8217;impacte dels bacteris bucals en els implants dentals","datePublished":"2024-11-08T11:45:20+00:00","dateModified":"2024-11-11T12:02:10+00:00","mainEntityOfPage":{"@id":"https:\/\/clinicavallcorba.com\/ca\/entrevista-en-el-pais-sobre-limpacte-dels-bacteris-bucals-en-els-implants-dentals\/"},"wordCount":3770,"image":{"@id":"https:\/\/clinicavallcorba.com\/ca\/entrevista-en-el-pais-sobre-limpacte-dels-bacteris-bucals-en-els-implants-dentals\/#primaryimage"},"thumbnailUrl":"https:\/\/clinicavallcorba.com\/wp-content\/uploads\/entrevista-el-pais-vallcorba-implantes.webp","articleSection":["Not\u00edcies de la cl\u00ednica"],"inLanguage":"ca"},{"@type":"WebPage","@id":"https:\/\/clinicavallcorba.com\/ca\/entrevista-en-el-pais-sobre-limpacte-dels-bacteris-bucals-en-els-implants-dentals\/","url":"https:\/\/clinicavallcorba.com\/ca\/entrevista-en-el-pais-sobre-limpacte-dels-bacteris-bucals-en-els-implants-dentals\/","name":"Entrevista en El Pa\u00eds sobre l'impacte dels bacteris bucals en els implants dentals","isPartOf":{"@id":"https:\/\/clinicavallcorba.com\/ca\/#website"},"primaryImageOfPage":{"@id":"https:\/\/clinicavallcorba.com\/ca\/entrevista-en-el-pais-sobre-limpacte-dels-bacteris-bucals-en-els-implants-dentals\/#primaryimage"},"image":{"@id":"https:\/\/clinicavallcorba.com\/ca\/entrevista-en-el-pais-sobre-limpacte-dels-bacteris-bucals-en-els-implants-dentals\/#primaryimage"},"thumbnailUrl":"https:\/\/clinicavallcorba.com\/wp-content\/uploads\/entrevista-el-pais-vallcorba-implantes.webp","datePublished":"2024-11-08T11:45:20+00:00","dateModified":"2024-11-11T12:02:10+00:00","author":{"@id":"https:\/\/clinicavallcorba.com\/ca\/#\/schema\/person\/864eb678a78ccbf1c6c41bbb09940583"},"description":"Entrevista en El Pa\u00eds sobre l'impacte dels bacteris bucals en els implants dentals","breadcrumb":{"@id":"https:\/\/clinicavallcorba.com\/ca\/entrevista-en-el-pais-sobre-limpacte-dels-bacteris-bucals-en-els-implants-dentals\/#breadcrumb"},"inLanguage":"ca","potentialAction":[{"@type":"ReadAction","target":["https:\/\/clinicavallcorba.com\/ca\/entrevista-en-el-pais-sobre-limpacte-dels-bacteris-bucals-en-els-implants-dentals\/"]}]},{"@type":"ImageObject","inLanguage":"ca","@id":"https:\/\/clinicavallcorba.com\/ca\/entrevista-en-el-pais-sobre-limpacte-dels-bacteris-bucals-en-els-implants-dentals\/#primaryimage","url":"https:\/\/clinicavallcorba.com\/wp-content\/uploads\/entrevista-el-pais-vallcorba-implantes.webp","contentUrl":"https:\/\/clinicavallcorba.com\/wp-content\/uploads\/entrevista-el-pais-vallcorba-implantes.webp","width":595,"height":463,"caption":"Entrevista en El Pa\u00eds sobre el impacto de las bacterias bucales en los implantes dentales"},{"@type":"BreadcrumbList","@id":"https:\/\/clinicavallcorba.com\/ca\/entrevista-en-el-pais-sobre-limpacte-dels-bacteris-bucals-en-els-implants-dentals\/#breadcrumb","itemListElement":[{"@type":"ListItem","position":1,"name":"Inici","item":"https:\/\/clinicavallcorba.com\/ca\/"},{"@type":"ListItem","position":2,"name":"Entrevista en El Pa\u00eds sobre l&#8217;impacte dels bacteris bucals en els implants dentals"}]},{"@type":"WebSite","@id":"https:\/\/clinicavallcorba.com\/ca\/#website","url":"https:\/\/clinicavallcorba.com\/ca\/","name":"Cl\u00ednica Vallcorba","description":"Cl\u00ednica dental","potentialAction":[{"@type":"SearchAction","target":{"@type":"EntryPoint","urlTemplate":"https:\/\/clinicavallcorba.com\/ca\/?s={search_term_string}"},"query-input":{"@type":"PropertyValueSpecification","valueRequired":true,"valueName":"search_term_string"}}],"inLanguage":"ca"},{"@type":"Person","@id":"https:\/\/clinicavallcorba.com\/ca\/#\/schema\/person\/864eb678a78ccbf1c6c41bbb09940583","name":"Nuria Vallcorba","description":"Nuria Vallcorba realiz\u00f3 sus estudios de medicina y cirug\u00eda en la Universidad aut\u00f3noma de Barcelona con calificaci\u00f3n de sobresaliente. Posteriormente se especializ\u00f3 en estomatolog\u00eda, realiz\u00f3 el master en Periodoncia y el doctorado en Odontolog\u00eda en la Universidad Complutense de Madrid, con calificaci\u00f3n cum laude por unanimidad. Ejerce desde 1990 pr\u00e1ctica cl\u00ednica de periodoncia e implantes en Barcelona. Dentro de la actividad cient\u00edfica cabe destacar, adem\u00e1s del doctorado, la publicaci\u00f3n de art\u00edculos en revistas y cap\u00edtulos en libros a nivel nacional e internacional. Ha sido directora de la revista Periodoncia, de la Sociedad espa\u00f1ola de Periodoncia. Es conferenciante sobre Periodoncia y consultor de diferentes organismos cient\u00edficos. Ha realizado actividad docente de Periodoncia desde 1989, tanto de pregrado como de postgrado, en la Universidad Complutense de Madrid, Universidad de California-Los Angeles, Universidad de Barcelona, Universitat internacional de Catalunya y actualmente imparte docencia en el master de Periodoncia de la Universidad de Valencia. Ha sido Presidente de la Societat Catalana d\u2019odontologia i estomatolog\u00eda de la Acad\u00e8mia de Ci\u00e8ncies M\u00e8diques de Catalunya i Balears y Presidente de la Sociedad Espa\u00f1ola de Periodoncia y osteointegraci\u00f3n y de la Fundaci\u00f3n SEPA. Actualmente es patrono de honor de dicha fundaci\u00f3n.","sameAs":["https:\/\/clinicavallcorba.com","https:\/\/www.instagram.com\/clinicavallcorba?igsh=cWE4MjljazZnMzVy","https:\/\/www.linkedin.com\/in\/nuria-vallcorba-plana-6434a642\/"],"url":"https:\/\/clinicavallcorba.com\/ca\/author\/nuria-vallcorba\/"}]}},"_links":{"self":[{"href":"https:\/\/clinicavallcorba.com\/ca\/wp-json\/wp\/v2\/posts\/5967","targetHints":{"allow":["GET"]}}],"collection":[{"href":"https:\/\/clinicavallcorba.com\/ca\/wp-json\/wp\/v2\/posts"}],"about":[{"href":"https:\/\/clinicavallcorba.com\/ca\/wp-json\/wp\/v2\/types\/post"}],"author":[{"embeddable":true,"href":"https:\/\/clinicavallcorba.com\/ca\/wp-json\/wp\/v2\/users\/1"}],"replies":[{"embeddable":true,"href":"https:\/\/clinicavallcorba.com\/ca\/wp-json\/wp\/v2\/comments?post=5967"}],"version-history":[{"count":3,"href":"https:\/\/clinicavallcorba.com\/ca\/wp-json\/wp\/v2\/posts\/5967\/revisions"}],"predecessor-version":[{"id":5972,"href":"https:\/\/clinicavallcorba.com\/ca\/wp-json\/wp\/v2\/posts\/5967\/revisions\/5972"}],"wp:featuredmedia":[{"embeddable":true,"href":"https:\/\/clinicavallcorba.com\/ca\/wp-json\/wp\/v2\/media\/5959"}],"wp:attachment":[{"href":"https:\/\/clinicavallcorba.com\/ca\/wp-json\/wp\/v2\/media?parent=5967"}],"wp:term":[{"taxonomy":"category","embeddable":true,"href":"https:\/\/clinicavallcorba.com\/ca\/wp-json\/wp\/v2\/categories?post=5967"},{"taxonomy":"post_tag","embeddable":true,"href":"https:\/\/clinicavallcorba.com\/ca\/wp-json\/wp\/v2\/tags?post=5967"}],"curies":[{"name":"wp","href":"https:\/\/api.w.org\/{rel}","templated":true}]}}