{"id":5991,"date":"2025-02-04T11:26:23","date_gmt":"2025-02-04T10:26:23","guid":{"rendered":"https:\/\/clinicavallcorba.com\/?p=5991"},"modified":"2025-03-26T15:52:45","modified_gmt":"2025-03-26T14:52:45","slug":"reconeixement-a-una-carrera-dedicada-a-la-periodoncia","status":"publish","type":"post","link":"https:\/\/clinicavallcorba.com\/ca\/reconeixement-a-una-carrera-dedicada-a-la-periodoncia\/","title":{"rendered":"Reconeixement a una carrera dedicada a la period\u00f2ncia"},"content":{"rendered":"<div class=\"fusion-fullwidth fullwidth-box fusion-builder-row-1 fusion-flex-container has-pattern-background has-mask-background nonhundred-percent-fullwidth non-hundred-percent-height-scrolling\" style=\"--link_hover_color: var(--awb-color6);--link_color: var(--awb-color7);--awb-border-radius-top-left:0px;--awb-border-radius-top-right:0px;--awb-border-radius-bottom-right:0px;--awb-border-radius-bottom-left:0px;--awb-flex-wrap:wrap;\" ><div class=\"fusion-builder-row fusion-row fusion-flex-align-items-flex-start fusion-flex-justify-content-center fusion-flex-content-wrap\" style=\"max-width:1300px;margin-left: calc(-4% \/ 2 );margin-right: calc(-4% \/ 2 );\"><div class=\"fusion-layout-column fusion_builder_column fusion-builder-column-0 fusion_builder_column_1_1 1_1 fusion-flex-column\" style=\"--awb-bg-size:cover;--awb-width-large:100%;--awb-margin-top-large:0px;--awb-spacing-right-large:1.92%;--awb-margin-bottom-large:0px;--awb-spacing-left-large:1.92%;--awb-width-medium:100%;--awb-order-medium:0;--awb-spacing-right-medium:1.92%;--awb-spacing-left-medium:1.92%;--awb-width-small:100%;--awb-order-small:0;--awb-spacing-right-small:1.92%;--awb-spacing-left-small:1.92%;\" data-scroll-devices=\"small-visibility,medium-visibility,large-visibility\"><div class=\"fusion-column-wrapper fusion-column-has-shadow fusion-flex-justify-content-flex-end fusion-content-layout-column\"><div class=\"fusion-text fusion-text-1\" style=\"--awb-content-alignment:justify;\"><p><strong>La Dra. N\u00faria Vallcorba rep el<\/strong> <a href=\"https:\/\/sepa.es\/noticias\/sepa-barcelona-se-vestira-de-gala-para-reconocer-la-labor-de-nuria-vallcorba\/\" target=\"_blank\" rel=\"noopener\"><strong>Premi Promoci\u00f3 de la Period\u00f2ncia 2025<\/strong><\/a>, atorgat per la Fundaci\u00f3 SEPA. Aquest reconeixement es lliurar\u00e0 durant el <strong><a href=\"https:\/\/sepa2025.es\/\" target=\"_blank\" rel=\"noopener\">Congr\u00e9s de la Societat Espanyola de Period\u00f2ncia (SEPA)<\/a><\/strong>, que tindr\u00e0 lloc a Barcelona del 26 al 29 de novembre de 2025.<\/p>\n<\/div><\/div><\/div><div class=\"fusion-layout-column fusion_builder_column fusion-builder-column-1 fusion_builder_column_1_2 1_2 fusion-flex-column\" style=\"--awb-bg-size:cover;--awb-width-large:50%;--awb-margin-top-large:0px;--awb-spacing-right-large:3.84%;--awb-margin-bottom-large:0px;--awb-spacing-left-large:3.84%;--awb-width-medium:50%;--awb-order-medium:0;--awb-spacing-right-medium:3.84%;--awb-spacing-left-medium:3.84%;--awb-width-small:100%;--awb-order-small:0;--awb-spacing-right-small:1.92%;--awb-spacing-left-small:1.92%;\" data-scroll-devices=\"small-visibility,medium-visibility,large-visibility\"><div class=\"fusion-column-wrapper fusion-column-has-shadow fusion-flex-justify-content-flex-end fusion-content-layout-column\"><div class=\"fusion-text fusion-text-2\" style=\"--awb-content-alignment:justify;\"><p>Aquest <strong><a href=\"https:\/\/clinicavallcorba.com\/ca\/la-dra-vallcorba-premi-promocio-de-la-periodoncia-2025\/\">premi<\/a><\/strong>, que \u00e9s un reflex del treball, la dedicaci\u00f3 i la passi\u00f3 ha estat atorgat a la <strong>Dra. Vallcorba<\/strong> per la dedicaci\u00f3 que ha demostrat al llarg de la seva carrera en la Period\u00f2ncia, tant en la seva <strong>pr\u00e0ctica cl\u00ednica com en la seva labor formativa i divulgativa<\/strong>. Aquest esfor\u00e7 ha servit per a aconseguir que l&#8217;especialitat de period\u00f2ncia s&#8217;acosti a m\u00e9s professionals i pacients, amb l&#8217;objectiu d&#8217;oferir una atenci\u00f3 de la m\u00e9s alta qualitat.<\/p>\n<p>La <strong>Dra. Paula Matesanz<\/strong>, vicepresidenta de SEPA, ha subratllat la rellev\u00e0ncia d&#8217;aquest premi, assenyalant com la traject\u00f2ria de la Dra. Vallcorba ha marcat un abans i un despr\u00e9s en la Period\u00f2ncia al nostre pa\u00eds.<\/p>\n<\/div><\/div><\/div><div class=\"fusion-layout-column fusion_builder_column fusion-builder-column-2 fusion_builder_column_1_2 1_2 fusion-flex-column\" style=\"--awb-bg-size:cover;--awb-width-large:50%;--awb-margin-top-large:0px;--awb-spacing-right-large:3.84%;--awb-margin-bottom-large:20px;--awb-spacing-left-large:3.84%;--awb-width-medium:50%;--awb-order-medium:0;--awb-spacing-right-medium:3.84%;--awb-spacing-left-medium:3.84%;--awb-width-small:100%;--awb-order-small:0;--awb-spacing-right-small:1.92%;--awb-spacing-left-small:1.92%;\"><div class=\"fusion-column-wrapper fusion-column-has-shadow fusion-flex-justify-content-flex-start fusion-content-layout-column\"><div class=\"fusion-image-element \" style=\"text-align:center;--awb-caption-title-font-family:var(--h2_typography-font-family);--awb-caption-title-font-weight:var(--h2_typography-font-weight);--awb-caption-title-font-style:var(--h2_typography-font-style);--awb-caption-title-size:var(--h2_typography-font-size);--awb-caption-title-transform:var(--h2_typography-text-transform);--awb-caption-title-line-height:var(--h2_typography-line-height);--awb-caption-title-letter-spacing:var(--h2_typography-letter-spacing);\"><span class=\" fusion-imageframe imageframe-none imageframe-1 hover-type-none\"><img decoding=\"async\" width=\"595\" height=\"463\" alt=\"Reconeixement a una carrera dedicada a la period\u00f2ncia\" title=\"Reconeixement a una carrera dedicada a la period\u00f2ncia\" src=\"https:\/\/clinicavallcorba.com\/wp-content\/uploads\/reconocimiento-carrera-Vallcorba.webp\" class=\"img-responsive wp-image-5993\" srcset=\"https:\/\/clinicavallcorba.com\/wp-content\/uploads\/reconocimiento-carrera-Vallcorba-200x156.webp 200w, https:\/\/clinicavallcorba.com\/wp-content\/uploads\/reconocimiento-carrera-Vallcorba-400x311.webp 400w, https:\/\/clinicavallcorba.com\/wp-content\/uploads\/reconocimiento-carrera-Vallcorba.webp 595w\" sizes=\"(max-width: 640px) 100vw, 595px\" \/><\/span><\/div><\/div><\/div><div class=\"fusion-layout-column fusion_builder_column fusion-builder-column-3 fusion_builder_column_4_5 4_5 fusion-flex-column\" style=\"--awb-bg-size:cover;--awb-width-large:80%;--awb-margin-top-large:0px;--awb-spacing-right-large:2.4%;--awb-margin-bottom-large:20px;--awb-spacing-left-large:2.4%;--awb-width-medium:80%;--awb-order-medium:0;--awb-spacing-right-medium:2.4%;--awb-spacing-left-medium:2.4%;--awb-width-small:100%;--awb-order-small:0;--awb-spacing-right-small:1.92%;--awb-spacing-left-small:1.92%;\"><div class=\"fusion-column-wrapper fusion-column-has-shadow fusion-flex-justify-content-flex-start fusion-content-layout-column\"><div class=\"fusion-video fusion-youtube\" style=\"--awb-max-width:600px;--awb-max-height:360px;--awb-align-self:center;--awb-width:100%;\"><div class=\"video-shortcode\"><lite-youtube videoid=\"8c6eskOUM5w\" class=\"landscape\" params=\"wmode=transparent&autoplay=1&amp;mute=1&amp;enablejsapi=1\" title=\"La Dra. Paula Matesanz, vicepresidenta de Sepa, ha subrayado la relevancia de este premio a la Dra. Nuria Vallcorba.\" data-button-label=\"Play Video\" width=\"600\" height=\"360\" data-thumbnail-size=\"auto\" data-no-cookie=\"on\"><\/lite-youtube><\/div><\/div><\/div><\/div><div class=\"fusion-layout-column fusion_builder_column fusion-builder-column-4 fusion_builder_column_1_1 1_1 fusion-flex-column\" style=\"--awb-bg-size:cover;--awb-width-large:100%;--awb-margin-top-large:0px;--awb-spacing-right-large:1.92%;--awb-margin-bottom-large:20px;--awb-spacing-left-large:1.92%;--awb-width-medium:100%;--awb-order-medium:0;--awb-spacing-right-medium:1.92%;--awb-spacing-left-medium:1.92%;--awb-width-small:100%;--awb-order-small:0;--awb-spacing-right-small:1.92%;--awb-spacing-left-small:1.92%;\"><div class=\"fusion-column-wrapper fusion-column-has-shadow fusion-flex-justify-content-flex-start fusion-content-layout-column\"><div class=\"fusion-text fusion-text-3\" style=\"--awb-content-alignment:justify;\"><p>El guard\u00f3 atorgat honra els assoliments professionals de la Dra. Vallcorba i el seu comprom\u00eds personal amb l'excel\u00b7l\u00e8ncia, l'educaci\u00f3 i l'avan\u00e7 de la Period\u00f2ncia en totes les seves facetes. Un viatge que, com ella mateixa sempre ha defensat,<strong> \u00e9s d'aprenentatge constant i passi\u00f3 per millorar cada dia.<\/strong><\/p>\n<p>El congr\u00e9s comptar\u00e0 amb una sessi\u00f3 cient\u00edfica dedicada a la Dra. Vallcorba, on s'abordaran les seves importants contribucions en diversos camps: des de la seva incansable labor en la doc\u00e8ncia fins a les seves innovadores aportacions en l'assist\u00e8ncia cl\u00ednica.<\/p>\n<p>Ser\u00e0 un moment de reconeixement per a ella mateixa i per a tots els que han tingut el privilegi d'aprendre i treballar al costat d'ella. <strong>Ens veiem a Barcelona,<\/strong> on celebrarem aquest merescut reconeixement junts.<\/p>\n<\/div><\/div><\/div><\/div><\/div>\n","protected":false},"excerpt":{"rendered":"","protected":false},"author":1,"featured_media":5993,"comment_status":"closed","ping_status":"closed","sticky":false,"template":"","format":"standard","meta":{"footnotes":""},"categories":[27],"tags":[],"class_list":["post-5991","post","type-post","status-publish","format-standard","has-post-thumbnail","hentry","category-noticies-de-la-clinica"],"yoast_head":"<!-- This site is optimized with the Yoast SEO plugin v26.7 - https:\/\/yoast.com\/wordpress\/plugins\/seo\/ -->\n<title>Reconeixement a una carrera dedicada a la period\u00f2ncia<\/title>\n<meta name=\"description\" content=\"La Dra. N\u00faria Vallcorba rep com a reconeixement, el Premi Promoci\u00f3 de la Period\u00f2ncia 2025, atorgat per la Fundaci\u00f3 SEPA.\" \/>\n<meta name=\"robots\" content=\"index, follow, max-snippet:-1, max-image-preview:large, max-video-preview:-1\" \/>\n<link rel=\"canonical\" href=\"https:\/\/clinicavallcorba.com\/ca\/reconeixement-a-una-carrera-dedicada-a-la-periodoncia\/\" \/>\n<meta property=\"og:locale\" content=\"ca_ES\" \/>\n<meta property=\"og:type\" content=\"article\" \/>\n<meta property=\"og:title\" content=\"Reconeixement a una carrera dedicada a la period\u00f2ncia\" \/>\n<meta property=\"og:description\" content=\"La Dra. N\u00faria Vallcorba rep com a reconeixement, el Premi Promoci\u00f3 de la Period\u00f2ncia 2025, atorgat per la Fundaci\u00f3 SEPA.\" \/>\n<meta property=\"og:url\" content=\"https:\/\/clinicavallcorba.com\/ca\/reconeixement-a-una-carrera-dedicada-a-la-periodoncia\/\" \/>\n<meta property=\"og:site_name\" content=\"Cl\u00ednica Vallcorba\" \/>\n<meta property=\"article:published_time\" content=\"2025-02-04T10:26:23+00:00\" \/>\n<meta property=\"article:modified_time\" content=\"2025-03-26T14:52:45+00:00\" \/>\n<meta property=\"og:image\" content=\"https:\/\/clinicavallcorba.com\/wp-content\/uploads\/reconocimiento-carrera-Vallcorba.webp\" \/>\n\t<meta property=\"og:image:width\" content=\"595\" \/>\n\t<meta property=\"og:image:height\" content=\"463\" \/>\n\t<meta property=\"og:image:type\" content=\"image\/webp\" \/>\n<meta name=\"author\" content=\"Nuria Vallcorba\" \/>\n<meta name=\"twitter:card\" content=\"summary_large_image\" \/>\n<meta name=\"twitter:label1\" content=\"Escrit per\" \/>\n\t<meta name=\"twitter:data1\" content=\"Nuria Vallcorba\" \/>\n\t<meta name=\"twitter:label2\" content=\"Temps estimat de lectura\" \/>\n\t<meta name=\"twitter:data2\" content=\"2 minuts\" \/>\n<script type=\"application\/ld+json\" class=\"yoast-schema-graph\">{\"@context\":\"https:\/\/schema.org\",\"@graph\":[{\"@type\":\"Article\",\"@id\":\"https:\/\/clinicavallcorba.com\/ca\/reconeixement-a-una-carrera-dedicada-a-la-periodoncia\/#article\",\"isPartOf\":{\"@id\":\"https:\/\/clinicavallcorba.com\/ca\/reconeixement-a-una-carrera-dedicada-a-la-periodoncia\/\"},\"author\":{\"name\":\"Nuria Vallcorba\",\"@id\":\"https:\/\/clinicavallcorba.com\/ca\/#\/schema\/person\/864eb678a78ccbf1c6c41bbb09940583\"},\"headline\":\"Reconeixement a una carrera dedicada a la period\u00f2ncia\",\"datePublished\":\"2025-02-04T10:26:23+00:00\",\"dateModified\":\"2025-03-26T14:52:45+00:00\",\"mainEntityOfPage\":{\"@id\":\"https:\/\/clinicavallcorba.com\/ca\/reconeixement-a-una-carrera-dedicada-a-la-periodoncia\/\"},\"wordCount\":3840,\"image\":{\"@id\":\"https:\/\/clinicavallcorba.com\/ca\/reconeixement-a-una-carrera-dedicada-a-la-periodoncia\/#primaryimage\"},\"thumbnailUrl\":\"https:\/\/clinicavallcorba.com\/wp-content\/uploads\/reconocimiento-carrera-Vallcorba.webp\",\"articleSection\":[\"Not\u00edcies de la cl\u00ednica\"],\"inLanguage\":\"ca\"},{\"@type\":\"WebPage\",\"@id\":\"https:\/\/clinicavallcorba.com\/ca\/reconeixement-a-una-carrera-dedicada-a-la-periodoncia\/\",\"url\":\"https:\/\/clinicavallcorba.com\/ca\/reconeixement-a-una-carrera-dedicada-a-la-periodoncia\/\",\"name\":\"Reconeixement a una carrera dedicada a la period\u00f2ncia\",\"isPartOf\":{\"@id\":\"https:\/\/clinicavallcorba.com\/ca\/#website\"},\"primaryImageOfPage\":{\"@id\":\"https:\/\/clinicavallcorba.com\/ca\/reconeixement-a-una-carrera-dedicada-a-la-periodoncia\/#primaryimage\"},\"image\":{\"@id\":\"https:\/\/clinicavallcorba.com\/ca\/reconeixement-a-una-carrera-dedicada-a-la-periodoncia\/#primaryimage\"},\"thumbnailUrl\":\"https:\/\/clinicavallcorba.com\/wp-content\/uploads\/reconocimiento-carrera-Vallcorba.webp\",\"datePublished\":\"2025-02-04T10:26:23+00:00\",\"dateModified\":\"2025-03-26T14:52:45+00:00\",\"author\":{\"@id\":\"https:\/\/clinicavallcorba.com\/ca\/#\/schema\/person\/864eb678a78ccbf1c6c41bbb09940583\"},\"description\":\"La Dra. N\u00faria Vallcorba rep com a reconeixement, el Premi Promoci\u00f3 de la Period\u00f2ncia 2025, atorgat per la Fundaci\u00f3 SEPA.\",\"breadcrumb\":{\"@id\":\"https:\/\/clinicavallcorba.com\/ca\/reconeixement-a-una-carrera-dedicada-a-la-periodoncia\/#breadcrumb\"},\"inLanguage\":\"ca\",\"potentialAction\":[{\"@type\":\"ReadAction\",\"target\":[\"https:\/\/clinicavallcorba.com\/ca\/reconeixement-a-una-carrera-dedicada-a-la-periodoncia\/\"]}]},{\"@type\":\"ImageObject\",\"inLanguage\":\"ca\",\"@id\":\"https:\/\/clinicavallcorba.com\/ca\/reconeixement-a-una-carrera-dedicada-a-la-periodoncia\/#primaryimage\",\"url\":\"https:\/\/clinicavallcorba.com\/wp-content\/uploads\/reconocimiento-carrera-Vallcorba.webp\",\"contentUrl\":\"https:\/\/clinicavallcorba.com\/wp-content\/uploads\/reconocimiento-carrera-Vallcorba.webp\",\"width\":595,\"height\":463,\"caption\":\"Reconocimiento a una carrera dedicada a la periodoncia\"},{\"@type\":\"BreadcrumbList\",\"@id\":\"https:\/\/clinicavallcorba.com\/ca\/reconeixement-a-una-carrera-dedicada-a-la-periodoncia\/#breadcrumb\",\"itemListElement\":[{\"@type\":\"ListItem\",\"position\":1,\"name\":\"Inici\",\"item\":\"https:\/\/clinicavallcorba.com\/ca\/\"},{\"@type\":\"ListItem\",\"position\":2,\"name\":\"Reconeixement a una carrera dedicada a la period\u00f2ncia\"}]},{\"@type\":\"WebSite\",\"@id\":\"https:\/\/clinicavallcorba.com\/ca\/#website\",\"url\":\"https:\/\/clinicavallcorba.com\/ca\/\",\"name\":\"Cl\u00ednica Vallcorba\",\"description\":\"Cl\u00ednica dental\",\"potentialAction\":[{\"@type\":\"SearchAction\",\"target\":{\"@type\":\"EntryPoint\",\"urlTemplate\":\"https:\/\/clinicavallcorba.com\/ca\/?s={search_term_string}\"},\"query-input\":{\"@type\":\"PropertyValueSpecification\",\"valueRequired\":true,\"valueName\":\"search_term_string\"}}],\"inLanguage\":\"ca\"},{\"@type\":\"Person\",\"@id\":\"https:\/\/clinicavallcorba.com\/ca\/#\/schema\/person\/864eb678a78ccbf1c6c41bbb09940583\",\"name\":\"Nuria Vallcorba\",\"description\":\"Nuria Vallcorba realiz\u00f3 sus estudios de medicina y cirug\u00eda en la Universidad aut\u00f3noma de Barcelona con calificaci\u00f3n de sobresaliente. Posteriormente se especializ\u00f3 en estomatolog\u00eda, realiz\u00f3 el master en Periodoncia y el doctorado en Odontolog\u00eda en la Universidad Complutense de Madrid, con calificaci\u00f3n cum laude por unanimidad. Ejerce desde 1990 pr\u00e1ctica cl\u00ednica de periodoncia e implantes en Barcelona. Dentro de la actividad cient\u00edfica cabe destacar, adem\u00e1s del doctorado, la publicaci\u00f3n de art\u00edculos en revistas y cap\u00edtulos en libros a nivel nacional e internacional. Ha sido directora de la revista Periodoncia, de la Sociedad espa\u00f1ola de Periodoncia. Es conferenciante sobre Periodoncia y consultor de diferentes organismos cient\u00edficos. Ha realizado actividad docente de Periodoncia desde 1989, tanto de pregrado como de postgrado, en la Universidad Complutense de Madrid, Universidad de California-Los Angeles, Universidad de Barcelona, Universitat internacional de Catalunya y actualmente imparte docencia en el master de Periodoncia de la Universidad de Valencia. Ha sido Presidente de la Societat Catalana d\u2019odontologia i estomatolog\u00eda de la Acad\u00e8mia de Ci\u00e8ncies M\u00e8diques de Catalunya i Balears y Presidente de la Sociedad Espa\u00f1ola de Periodoncia y osteointegraci\u00f3n y de la Fundaci\u00f3n SEPA. Actualmente es patrono de honor de dicha fundaci\u00f3n.\",\"sameAs\":[\"https:\/\/clinicavallcorba.com\",\"https:\/\/www.instagram.com\/clinicavallcorba?igsh=cWE4MjljazZnMzVy\",\"https:\/\/www.linkedin.com\/in\/nuria-vallcorba-plana-6434a642\/\"],\"url\":\"https:\/\/clinicavallcorba.com\/ca\/author\/nuria-vallcorba\/\"}]}<\/script>\n<!-- \/ Yoast SEO plugin. -->","yoast_head_json":{"title":"Reconeixement a una carrera dedicada a la period\u00f2ncia","description":"La Dra. N\u00faria Vallcorba rep com a reconeixement, el Premi Promoci\u00f3 de la Period\u00f2ncia 2025, atorgat per la Fundaci\u00f3 SEPA.","robots":{"index":"index","follow":"follow","max-snippet":"max-snippet:-1","max-image-preview":"max-image-preview:large","max-video-preview":"max-video-preview:-1"},"canonical":"https:\/\/clinicavallcorba.com\/ca\/reconeixement-a-una-carrera-dedicada-a-la-periodoncia\/","og_locale":"ca_ES","og_type":"article","og_title":"Reconeixement a una carrera dedicada a la period\u00f2ncia","og_description":"La Dra. N\u00faria Vallcorba rep com a reconeixement, el Premi Promoci\u00f3 de la Period\u00f2ncia 2025, atorgat per la Fundaci\u00f3 SEPA.","og_url":"https:\/\/clinicavallcorba.com\/ca\/reconeixement-a-una-carrera-dedicada-a-la-periodoncia\/","og_site_name":"Cl\u00ednica Vallcorba","article_published_time":"2025-02-04T10:26:23+00:00","article_modified_time":"2025-03-26T14:52:45+00:00","og_image":[{"width":595,"height":463,"url":"https:\/\/clinicavallcorba.com\/wp-content\/uploads\/reconocimiento-carrera-Vallcorba.webp","type":"image\/webp"}],"author":"Nuria Vallcorba","twitter_card":"summary_large_image","twitter_misc":{"Escrit per":"Nuria Vallcorba","Temps estimat de lectura":"2 minuts"},"schema":{"@context":"https:\/\/schema.org","@graph":[{"@type":"Article","@id":"https:\/\/clinicavallcorba.com\/ca\/reconeixement-a-una-carrera-dedicada-a-la-periodoncia\/#article","isPartOf":{"@id":"https:\/\/clinicavallcorba.com\/ca\/reconeixement-a-una-carrera-dedicada-a-la-periodoncia\/"},"author":{"name":"Nuria Vallcorba","@id":"https:\/\/clinicavallcorba.com\/ca\/#\/schema\/person\/864eb678a78ccbf1c6c41bbb09940583"},"headline":"Reconeixement a una carrera dedicada a la period\u00f2ncia","datePublished":"2025-02-04T10:26:23+00:00","dateModified":"2025-03-26T14:52:45+00:00","mainEntityOfPage":{"@id":"https:\/\/clinicavallcorba.com\/ca\/reconeixement-a-una-carrera-dedicada-a-la-periodoncia\/"},"wordCount":3840,"image":{"@id":"https:\/\/clinicavallcorba.com\/ca\/reconeixement-a-una-carrera-dedicada-a-la-periodoncia\/#primaryimage"},"thumbnailUrl":"https:\/\/clinicavallcorba.com\/wp-content\/uploads\/reconocimiento-carrera-Vallcorba.webp","articleSection":["Not\u00edcies de la cl\u00ednica"],"inLanguage":"ca"},{"@type":"WebPage","@id":"https:\/\/clinicavallcorba.com\/ca\/reconeixement-a-una-carrera-dedicada-a-la-periodoncia\/","url":"https:\/\/clinicavallcorba.com\/ca\/reconeixement-a-una-carrera-dedicada-a-la-periodoncia\/","name":"Reconeixement a una carrera dedicada a la period\u00f2ncia","isPartOf":{"@id":"https:\/\/clinicavallcorba.com\/ca\/#website"},"primaryImageOfPage":{"@id":"https:\/\/clinicavallcorba.com\/ca\/reconeixement-a-una-carrera-dedicada-a-la-periodoncia\/#primaryimage"},"image":{"@id":"https:\/\/clinicavallcorba.com\/ca\/reconeixement-a-una-carrera-dedicada-a-la-periodoncia\/#primaryimage"},"thumbnailUrl":"https:\/\/clinicavallcorba.com\/wp-content\/uploads\/reconocimiento-carrera-Vallcorba.webp","datePublished":"2025-02-04T10:26:23+00:00","dateModified":"2025-03-26T14:52:45+00:00","author":{"@id":"https:\/\/clinicavallcorba.com\/ca\/#\/schema\/person\/864eb678a78ccbf1c6c41bbb09940583"},"description":"La Dra. N\u00faria Vallcorba rep com a reconeixement, el Premi Promoci\u00f3 de la Period\u00f2ncia 2025, atorgat per la Fundaci\u00f3 SEPA.","breadcrumb":{"@id":"https:\/\/clinicavallcorba.com\/ca\/reconeixement-a-una-carrera-dedicada-a-la-periodoncia\/#breadcrumb"},"inLanguage":"ca","potentialAction":[{"@type":"ReadAction","target":["https:\/\/clinicavallcorba.com\/ca\/reconeixement-a-una-carrera-dedicada-a-la-periodoncia\/"]}]},{"@type":"ImageObject","inLanguage":"ca","@id":"https:\/\/clinicavallcorba.com\/ca\/reconeixement-a-una-carrera-dedicada-a-la-periodoncia\/#primaryimage","url":"https:\/\/clinicavallcorba.com\/wp-content\/uploads\/reconocimiento-carrera-Vallcorba.webp","contentUrl":"https:\/\/clinicavallcorba.com\/wp-content\/uploads\/reconocimiento-carrera-Vallcorba.webp","width":595,"height":463,"caption":"Reconocimiento a una carrera dedicada a la periodoncia"},{"@type":"BreadcrumbList","@id":"https:\/\/clinicavallcorba.com\/ca\/reconeixement-a-una-carrera-dedicada-a-la-periodoncia\/#breadcrumb","itemListElement":[{"@type":"ListItem","position":1,"name":"Inici","item":"https:\/\/clinicavallcorba.com\/ca\/"},{"@type":"ListItem","position":2,"name":"Reconeixement a una carrera dedicada a la period\u00f2ncia"}]},{"@type":"WebSite","@id":"https:\/\/clinicavallcorba.com\/ca\/#website","url":"https:\/\/clinicavallcorba.com\/ca\/","name":"Cl\u00ednica Vallcorba","description":"Cl\u00ednica dental","potentialAction":[{"@type":"SearchAction","target":{"@type":"EntryPoint","urlTemplate":"https:\/\/clinicavallcorba.com\/ca\/?s={search_term_string}"},"query-input":{"@type":"PropertyValueSpecification","valueRequired":true,"valueName":"search_term_string"}}],"inLanguage":"ca"},{"@type":"Person","@id":"https:\/\/clinicavallcorba.com\/ca\/#\/schema\/person\/864eb678a78ccbf1c6c41bbb09940583","name":"Nuria Vallcorba","description":"Nuria Vallcorba realiz\u00f3 sus estudios de medicina y cirug\u00eda en la Universidad aut\u00f3noma de Barcelona con calificaci\u00f3n de sobresaliente. Posteriormente se especializ\u00f3 en estomatolog\u00eda, realiz\u00f3 el master en Periodoncia y el doctorado en Odontolog\u00eda en la Universidad Complutense de Madrid, con calificaci\u00f3n cum laude por unanimidad. Ejerce desde 1990 pr\u00e1ctica cl\u00ednica de periodoncia e implantes en Barcelona. Dentro de la actividad cient\u00edfica cabe destacar, adem\u00e1s del doctorado, la publicaci\u00f3n de art\u00edculos en revistas y cap\u00edtulos en libros a nivel nacional e internacional. Ha sido directora de la revista Periodoncia, de la Sociedad espa\u00f1ola de Periodoncia. Es conferenciante sobre Periodoncia y consultor de diferentes organismos cient\u00edficos. Ha realizado actividad docente de Periodoncia desde 1989, tanto de pregrado como de postgrado, en la Universidad Complutense de Madrid, Universidad de California-Los Angeles, Universidad de Barcelona, Universitat internacional de Catalunya y actualmente imparte docencia en el master de Periodoncia de la Universidad de Valencia. Ha sido Presidente de la Societat Catalana d\u2019odontologia i estomatolog\u00eda de la Acad\u00e8mia de Ci\u00e8ncies M\u00e8diques de Catalunya i Balears y Presidente de la Sociedad Espa\u00f1ola de Periodoncia y osteointegraci\u00f3n y de la Fundaci\u00f3n SEPA. Actualmente es patrono de honor de dicha fundaci\u00f3n.","sameAs":["https:\/\/clinicavallcorba.com","https:\/\/www.instagram.com\/clinicavallcorba?igsh=cWE4MjljazZnMzVy","https:\/\/www.linkedin.com\/in\/nuria-vallcorba-plana-6434a642\/"],"url":"https:\/\/clinicavallcorba.com\/ca\/author\/nuria-vallcorba\/"}]}},"_links":{"self":[{"href":"https:\/\/clinicavallcorba.com\/ca\/wp-json\/wp\/v2\/posts\/5991","targetHints":{"allow":["GET"]}}],"collection":[{"href":"https:\/\/clinicavallcorba.com\/ca\/wp-json\/wp\/v2\/posts"}],"about":[{"href":"https:\/\/clinicavallcorba.com\/ca\/wp-json\/wp\/v2\/types\/post"}],"author":[{"embeddable":true,"href":"https:\/\/clinicavallcorba.com\/ca\/wp-json\/wp\/v2\/users\/1"}],"replies":[{"embeddable":true,"href":"https:\/\/clinicavallcorba.com\/ca\/wp-json\/wp\/v2\/comments?post=5991"}],"version-history":[{"count":6,"href":"https:\/\/clinicavallcorba.com\/ca\/wp-json\/wp\/v2\/posts\/5991\/revisions"}],"predecessor-version":[{"id":6005,"href":"https:\/\/clinicavallcorba.com\/ca\/wp-json\/wp\/v2\/posts\/5991\/revisions\/6005"}],"wp:featuredmedia":[{"embeddable":true,"href":"https:\/\/clinicavallcorba.com\/ca\/wp-json\/wp\/v2\/media\/5993"}],"wp:attachment":[{"href":"https:\/\/clinicavallcorba.com\/ca\/wp-json\/wp\/v2\/media?parent=5991"}],"wp:term":[{"taxonomy":"category","embeddable":true,"href":"https:\/\/clinicavallcorba.com\/ca\/wp-json\/wp\/v2\/categories?post=5991"},{"taxonomy":"post_tag","embeddable":true,"href":"https:\/\/clinicavallcorba.com\/ca\/wp-json\/wp\/v2\/tags?post=5991"}],"curies":[{"name":"wp","href":"https:\/\/api.w.org\/{rel}","templated":true}]}}